{"id":27514,"date":"2023-02-06T15:50:00","date_gmt":"2023-02-06T18:50:00","guid":{"rendered":"https:\/\/radiorevelacionfm.cl\/?p=27514"},"modified":"2023-02-06T15:50:00","modified_gmt":"2023-02-06T18:50:00","slug":"25-emprendedores-as-de-coyhaique-consolidan-sus-negocios-junto-al-fosis","status":"publish","type":"post","link":"https:\/\/radiorevelacionfm.cl\/?p=27514","title":{"rendered":"25 emprendedores\/as de Coyhaique consolidan sus negocios junto al FOSIS"},"content":{"rendered":"<div class=\"flex_column av_one_full  flex_column_div av-zero-column-padding first  avia-builder-el-0  el_before_av_one_full  avia-builder-el-first  \" style='border-radius:0px; '><div  class='avia-image-container  av-styling-    avia-builder-el-1  avia-builder-el-no-sibling  avia-align-center '  itemprop=\"image\" itemscope=\"itemscope\" itemtype=\"https:\/\/schema.org\/ImageObject\"  ><div class='avia-image-container-inner'><div class='avia-image-overlay-wrap'><img decoding=\"async\" class='wp-image-27515 avia-img-lazy-loading-not-27515 avia_image' src=\"https:\/\/radiorevelacionfm.cl\/wp-content\/uploads\/2023\/02\/EA-FOSIS-Coyhaique-1-1.jpg\" alt='' title='EA FOSIS Coyhaique (1) (1)' height=\"600\" width=\"1067\"  itemprop=\"thumbnailUrl\" srcset=\"https:\/\/radiorevelacionfm.cl\/wp-content\/uploads\/2023\/02\/EA-FOSIS-Coyhaique-1-1.jpg 1067w, https:\/\/radiorevelacionfm.cl\/wp-content\/uploads\/2023\/02\/EA-FOSIS-Coyhaique-1-1-300x169.jpg 300w, https:\/\/radiorevelacionfm.cl\/wp-content\/uploads\/2023\/02\/EA-FOSIS-Coyhaique-1-1-1030x579.jpg 1030w, https:\/\/radiorevelacionfm.cl\/wp-content\/uploads\/2023\/02\/EA-FOSIS-Coyhaique-1-1-768x432.jpg 768w, https:\/\/radiorevelacionfm.cl\/wp-content\/uploads\/2023\/02\/EA-FOSIS-Coyhaique-1-1-705x396.jpg 705w, https:\/\/radiorevelacionfm.cl\/wp-content\/uploads\/2023\/02\/EA-FOSIS-Coyhaique-1-1-600x337.jpg 600w\" sizes=\"(max-width: 1067px) 100vw, 1067px\" \/><\/div><\/div><\/div><\/div><div class=\"flex_column av_one_full  flex_column_div av-zero-column-padding first  avia-builder-el-2  el_after_av_one_full  el_before_av_one_full  column-top-margin\" style='border-radius:0px; '><section class=\"av_textblock_section \"  itemscope=\"itemscope\" itemtype=\"https:\/\/schema.org\/BlogPosting\" itemprop=\"blogPost\" ><div class='avia_textblock  '   itemprop=\"text\" ><p style=\"text-align: center;\"><strong><span style=\"font-size: 18pt;\">25 emprendedores\/as de Coyhaique consolidan sus negocios junto al FOSIS<\/span><\/strong><\/p>\n<div id=\"gtx-trans\" style=\"position: absolute; left: -50px; top: 4.31534px;\">\n<div class=\"gtx-trans-icon\"><\/div>\n<\/div>\n<\/div><\/section><\/div><div class=\"flex_column av_one_full  flex_column_div av-zero-column-padding first  avia-builder-el-4  el_after_av_one_full  el_before_av_hr  column-top-margin\" style='border-radius:0px; '><section class=\"av_textblock_section \"  itemscope=\"itemscope\" itemtype=\"https:\/\/schema.org\/BlogPosting\" itemprop=\"blogPost\" ><div class='avia_textblock  '   itemprop=\"text\" ><p style=\"text-align: justify;\">El programa Emprendamos Avanzado cuenta con el financiamiento del Fondo de Solidaridad e Inversi\u00f3n Social, FOSIS, del Ministerio de Desarrollo Social y Familia y en esta oportunidad, permiti\u00f3 la intervenci\u00f3n de 25 personas de la comuna de Coyhaique, gracias al apoyo en la ejecuci\u00f3n de Chelenko Consultores.<\/p>\n<p style=\"text-align: justify;\">Los y las participantes pudieron fortalecer sus emprendimientos gracias a la capacitaci\u00f3n, asesor\u00eda t\u00e9cnica, acompa\u00f1amiento y el financiamiento de un plan de negocios, que permite a los usuarios y usuarias del programa adquirir herramientas, maquinaria e insumos para desarrollar sus negocios y aumentar sus ingresos.<\/p>\n<p style=\"text-align: justify;\">Wilmary Paredes tiene un centro de est\u00e9tica llamado Venespa en Coyhaique y asegur\u00f3 que la intervenci\u00f3n del programa Emprendamos \u201cla verdad fue muy enriquecedora porque como emprendedora me ha ayudado en lo personal y profesional. Me ayud\u00f3 a llevar las riendas de mi empresa, en como debo administrar. El apoyo de la consultora fue muy bueno ya que nos explicaron muchas cosas en las cuales ten\u00eda dudas y que hoy pongo en pr\u00e1ctica en mi negocio y me ha resultado de manera muy positiva\u201d.<\/p>\n<p style=\"text-align: justify;\">La Directora Regional del FOSIS en Ays\u00e9n, Fernanda Leiva, destac\u00f3 la instancia de certificaci\u00f3n y sostuvo que \u201cestuvimos en la ceremonia de cierre del emprendamos avanzado con nuestros usuarios y usuarias de la comuna de Coyhaique, muy contentas por el gran grupo que se form\u00f3, porque se nota un potencial muy grande en estas emprendedoras y porque tambi\u00e9n contamos con la presencia de la Directora Regional de SERCOTEC, con quien estamos realizando un trabajo conjunto y colaborativo en beneficio de nuestras usuarias y usuarios.\u201d<\/p>\n<p style=\"text-align: justify;\">Nelly Vargas, Directora Regional del SERCOTEC en Ays\u00e9n, asegur\u00f3 que \u201choy d\u00eda estamos trabajando de manera coordinada con la Directora Regional del FOSIS para generar frutos en pos de beneficiarios, tanto del FOSIS como de SERCOTEC y la idea es seguir trabajando juntos y para eso estamos articulando nuevas acciones para este 2023, tanto con Centros de Negocio como a trav\u00e9s de los usuarios del FOSIS que est\u00e1n en el Emprendamos Avanzado.\u201d<\/p>\n<p style=\"text-align: justify;\">La Concejala de Coyhaique, Yohana Hern\u00e1ndez, particip\u00f3 en la actividad y manifest\u00f3 que \u201cen representaci\u00f3n del Alcalde de Coyhaique, Carlos Gatica y del Honorable Consejo, para nosotros es una gran oportunidad venir y compartir con grandes mujeres que est\u00e1n emprendiendo. El FOSIS es una instituci\u00f3n que ayuda a las familias m\u00e1s vulnerables de la regi\u00f3n de Ays\u00e9n, as\u00ed que felicitamos la gran labor que cumplen, especialmente, en esta comuna.\u201d<\/p>\n<p style=\"text-align: justify;\">El programa Emprendamos Avanzado apoya el desarrollo de un negocio que ya se encuentra en funcionamiento, potenci\u00e1ndolo con herramientas para optimizar su gesti\u00f3n y aumentar la generaci\u00f3n de ingresos.<\/p>\n<\/div><\/section><\/div><div  style='height:50px' class='hr hr-invisible   avia-builder-el-6  el_after_av_one_full  el_before_av_social_share '><span class='hr-inner ' ><span class='hr-inner-style'><\/span><\/span><\/div><\/p>\n<div  class='av-social-sharing-box  avia-builder-el-7  el_after_av_hr  el_before_av_hr  '><div class='av-share-box'><h5 class='av-share-link-description av-no-toc '>Compartir esta noticia<\/h5><ul class='av-share-box-list noLightbox'><li class='av-share-link av-social-link-facebook' ><a target=\"_blank\" aria-label=\"Compartir en Facebook\" href='https:\/\/www.facebook.com\/sharer.php?u=https:\/\/radiorevelacionfm.cl\/?p=27514&#038;t=25%20emprendedores%2Fas%20de%20Coyhaique%20consolidan%20sus%20negocios%20junto%20al%20FOSIS' aria-hidden='false' data-av_icon='\ue8f3' data-av_iconfont='entypo-fontello' title='' data-avia-related-tooltip='Compartir en Facebook' rel=\"noopener\"><span class='avia_hidden_link_text'>Compartir en Facebook<\/span><\/a><\/li><li class='av-share-link av-social-link-twitter' ><a target=\"_blank\" aria-label=\"Compartir en Twitter\" href='https:\/\/twitter.com\/share?text=25%20emprendedores%2Fas%20de%20Coyhaique%20consolidan%20sus%20negocios%20junto%20al%20FOSIS&#038;url=https:\/\/radiorevelacionfm.cl\/?p=27514' aria-hidden='false' data-av_icon='\ue8f1' data-av_iconfont='entypo-fontello' title='' data-avia-related-tooltip='Compartir en Twitter' rel=\"noopener\"><span class='avia_hidden_link_text'>Compartir en Twitter<\/span><\/a><\/li><li class='av-share-link av-social-link-whatsapp' ><a target=\"_blank\" aria-label=\"Compartir en Whatsapp\" href='https:\/\/api.whatsapp.com\/send?text=https:\/\/radiorevelacionfm.cl\/?p=27514' aria-hidden='false' data-av_icon='\uf232' data-av_iconfont='entypo-fontello' title='' data-avia-related-tooltip='Compartir en Whatsapp' rel=\"noopener\"><span class='avia_hidden_link_text'>Compartir en Whatsapp<\/span><\/a><\/li><li class='av-share-link av-social-link-linkedin' ><a target=\"_blank\" aria-label=\"Compartir en LinkedIn\" href='https:\/\/linkedin.com\/shareArticle?mini=true&#038;title=25%20emprendedores%2Fas%20de%20Coyhaique%20consolidan%20sus%20negocios%20junto%20al%20FOSIS&#038;url=https:\/\/radiorevelacionfm.cl\/?p=27514' aria-hidden='false' data-av_icon='\ue8fc' data-av_iconfont='entypo-fontello' title='' data-avia-related-tooltip='Compartir en LinkedIn' rel=\"noopener\"><span class='avia_hidden_link_text'>Compartir en LinkedIn<\/span><\/a><\/li><li class='av-share-link av-social-link-mail' ><a  aria-label=\"Compartir por correo\" href='mailto:?subject=25%20emprendedores%2Fas%20de%20Coyhaique%20consolidan%20sus%20negocios%20junto%20al%20FOSIS&#038;body=https:\/\/radiorevelacionfm.cl\/?p=27514' aria-hidden='false' data-av_icon='\ue805' data-av_iconfont='entypo-fontello' title='' data-avia-related-tooltip='Compartir por correo'><span class='avia_hidden_link_text'>Compartir por correo<\/span><\/a><\/li><\/ul><\/div><\/div>\n<div  style='height:50px' class='hr hr-invisible   avia-builder-el-8  el_after_av_social_share  el_before_av_comments_list '><span class='hr-inner ' ><span class='hr-inner-style'><\/span><\/span><\/div>\n<div  class='av-buildercomment  av-blog-meta-html-info-disabled av-blog-meta-tag-disabled  '><\/div>\n","protected":false},"excerpt":{"rendered":"","protected":false},"author":1,"featured_media":27515,"comment_status":"open","ping_status":"open","sticky":false,"template":"","format":"standard","meta":{"footnotes":""},"categories":[38],"tags":[],"class_list":["post-27514","post","type-post","status-publish","format-standard","has-post-thumbnail","hentry","category-regional"],"jetpack_featured_media_url":"https:\/\/radiorevelacionfm.cl\/wp-content\/uploads\/2023\/02\/EA-FOSIS-Coyhaique-1-1.jpg","_links":{"self":[{"href":"https:\/\/radiorevelacionfm.cl\/index.php?rest_route=\/wp\/v2\/posts\/27514","targetHints":{"allow":["GET"]}}],"collection":[{"href":"https:\/\/radiorevelacionfm.cl\/index.php?rest_route=\/wp\/v2\/posts"}],"about":[{"href":"https:\/\/radiorevelacionfm.cl\/index.php?rest_route=\/wp\/v2\/types\/post"}],"author":[{"embeddable":true,"href":"https:\/\/radiorevelacionfm.cl\/index.php?rest_route=\/wp\/v2\/users\/1"}],"replies":[{"embeddable":true,"href":"https:\/\/radiorevelacionfm.cl\/index.php?rest_route=%2Fwp%2Fv2%2Fcomments&post=27514"}],"version-history":[{"count":2,"href":"https:\/\/radiorevelacionfm.cl\/index.php?rest_route=\/wp\/v2\/posts\/27514\/revisions"}],"predecessor-version":[{"id":27517,"href":"https:\/\/radiorevelacionfm.cl\/index.php?rest_route=\/wp\/v2\/posts\/27514\/revisions\/27517"}],"wp:featuredmedia":[{"embeddable":true,"href":"https:\/\/radiorevelacionfm.cl\/index.php?rest_route=\/wp\/v2\/media\/27515"}],"wp:attachment":[{"href":"https:\/\/radiorevelacionfm.cl\/index.php?rest_route=%2Fwp%2Fv2%2Fmedia&parent=27514"}],"wp:term":[{"taxonomy":"category","embeddable":true,"href":"https:\/\/radiorevelacionfm.cl\/index.php?rest_route=%2Fwp%2Fv2%2Fcategories&post=27514"},{"taxonomy":"post_tag","embeddable":true,"href":"https:\/\/radiorevelacionfm.cl\/index.php?rest_route=%2Fwp%2Fv2%2Ftags&post=27514"}],"curies":[{"name":"wp","href":"https:\/\/api.w.org\/{rel}","templated":true}]}}