{"id":27510,"date":"2023-02-06T15:05:21","date_gmt":"2023-02-06T18:05:21","guid":{"rendered":"https:\/\/radiorevelacionfm.cl\/?p=27510"},"modified":"2023-02-06T15:05:21","modified_gmt":"2023-02-06T18:05:21","slug":"se-implementa-en-forma-permanente-subsidio-de-transporte-chile-chico-coyhaique","status":"publish","type":"post","link":"https:\/\/radiorevelacionfm.cl\/?p=27510","title":{"rendered":"Se implementa en forma permanente subsidio de transporte Chile Chico &#8211; Coyhaique"},"content":{"rendered":"<div class=\"flex_column av_one_full  flex_column_div av-zero-column-padding first  avia-builder-el-0  el_before_av_one_full  avia-builder-el-first  \" style='border-radius:0px; '><div  class='avia-image-container  av-styling-    avia-builder-el-1  avia-builder-el-no-sibling  avia-align-center '  itemprop=\"image\" itemscope=\"itemscope\" itemtype=\"https:\/\/schema.org\/ImageObject\"  ><div class='avia-image-container-inner'><div class='avia-image-overlay-wrap'><img decoding=\"async\" class='wp-image-27511 avia-img-lazy-loading-not-27511 avia_image' src=\"https:\/\/radiorevelacionfm.cl\/wp-content\/uploads\/2023\/02\/20230206_090652-1-1_optimized.jpg\" alt='' title='20230206_090652-(1)-(1)_optimized' height=\"600\" width=\"1067\"  itemprop=\"thumbnailUrl\" srcset=\"https:\/\/radiorevelacionfm.cl\/wp-content\/uploads\/2023\/02\/20230206_090652-1-1_optimized.jpg 1067w, https:\/\/radiorevelacionfm.cl\/wp-content\/uploads\/2023\/02\/20230206_090652-1-1_optimized-300x169.jpg 300w, https:\/\/radiorevelacionfm.cl\/wp-content\/uploads\/2023\/02\/20230206_090652-1-1_optimized-1030x579.jpg 1030w, https:\/\/radiorevelacionfm.cl\/wp-content\/uploads\/2023\/02\/20230206_090652-1-1_optimized-768x432.jpg 768w, https:\/\/radiorevelacionfm.cl\/wp-content\/uploads\/2023\/02\/20230206_090652-1-1_optimized-705x396.jpg 705w, https:\/\/radiorevelacionfm.cl\/wp-content\/uploads\/2023\/02\/20230206_090652-1-1_optimized-600x337.jpg 600w\" sizes=\"(max-width: 1067px) 100vw, 1067px\" \/><\/div><\/div><\/div><\/div><div class=\"flex_column av_one_full  flex_column_div av-zero-column-padding first  avia-builder-el-2  el_after_av_one_full  el_before_av_one_full  column-top-margin\" style='border-radius:0px; '><section class=\"av_textblock_section \"  itemscope=\"itemscope\" itemtype=\"https:\/\/schema.org\/BlogPosting\" itemprop=\"blogPost\" ><div class='avia_textblock  '   itemprop=\"text\" ><p style=\"text-align: center;\"><span style=\"font-size: 18pt;\"><b>Se implementa en forma permanente subsidio de transporte Chile Chico &#8211; Coyhaique<\/b><\/span><\/p>\n<div id=\"gtx-trans\" style=\"position: absolute; left: -50px; top: 4.31534px;\">\n<div class=\"gtx-trans-icon\"><\/div>\n<\/div>\n<\/div><\/section><\/div><div class=\"flex_column av_one_full  flex_column_div av-zero-column-padding first  avia-builder-el-4  el_after_av_one_full  el_before_av_hr  column-top-margin\" style='border-radius:0px; '><section class=\"av_textblock_section \"  itemscope=\"itemscope\" itemtype=\"https:\/\/schema.org\/BlogPosting\" itemprop=\"blogPost\" ><div class='avia_textblock  '   itemprop=\"text\" ><p style=\"text-align: justify;\">La ruta, que surgi\u00f3 como medida del plan de contingencia de conectividad lacustre pas\u00f3 a ser una alternativa muy \u00fatil para la conectividad de localidades situadas en la ruta que rodea al Lago General Carrera. Desde ahora este servicio terrestre tendr\u00e1 continuidad para los habitantes de dicho sector.<\/p>\n<p style=\"text-align: justify;\">Tras la contingencia que se vivi\u00f3 el a\u00f1o pasado en el servicio de transporte lacustre hacia Chile Chico desde el Ministerio de Transportes y Telecomunicaciones (MTT) se implementaron una serie de medidas que permitieran ampliar las opciones disponibles de conectividad hacia la \u201cCiudad del sol\u201d. Entre ellos se cuentan distintos servicios subvencionados: a\u00e9reos, terrestre por territorio argentino y terrestre por la ruta interior del Lago General Carrera. \u00c9ste \u00faltimo gener\u00f3 una serie de externalidades positivas ya que gener\u00f3 nuevos flujos de movilidad desde y hacia las localidades que circundan la cuenca lacustre.<\/p>\n<p style=\"text-align: justify;\">Por este motivo, el MTT mediante la Divisi\u00f3n de Transporte P\u00fablico Regional resolvieron licitar dicha ruta a fin de consolidar el recorrido en forma definitiva, dadas las solicitudes de sus usuarios. \u201cEste servicio viene a implementarse luego de haber diagnosticado la necesidad de contar con otros modos de conectividad para la comuna de Chile Chico, por lo tanto al ser permanente las personas saben que cuentan con este servicio en forma constante por todo el a\u00f1o. Es relevante este servicio para nosotros, as\u00ed que esperamos sea bien utilizado por la comunidad y tambi\u00e9n nosotros vamos a estar monitoreando su buen funcionamiento\u201d, inform\u00f3 la seremiTT Claudia Cantero.<\/p>\n<p style=\"text-align: justify;\">Adem\u00e1s, la autoridad sectorial agreg\u00f3 que este subsidio incluye viajes especiales para reforzar conectividad lacustre: \u201cEste subsidio considera viajes de emergencia para responder a las personas que utilizan el servicio del Lago General Carrera cuando \u00e9ste no pueda prestarse, ya sea por emergencias clim\u00e1ticas o fallas mec\u00e1nicas de las naves. De esta forma se podr\u00e1n activar viajes de emergencia para conectar a las personas que est\u00e1n en Puerto Ib\u00e1\u00f1ez, ya sea con Coyhaique o Chile Chico\u201d, explic\u00f3 Cantero.<\/p>\n<p style=\"text-align: justify;\">Los viajes de este subsidio se realizar\u00e1n desde Chile Chico a Coyhaique los d\u00edas martes, jueves y domingo y la ruta de retorno Coyhaique \u2013 Chile Chico los lunes, mi\u00e9rcoles y viernes con horario de salida a las 09 hrs. Las tarifa desde Chile Chico a la capital regional ser\u00e1 de 9 mil pesos. Sus intermedios Puerto Guadal, Puerto Tranquilo y Cerro Castillo tendr\u00e1n un costo de 3 mil pesos, 4.500 pesos y 7 mil pesos respectivamente. Desde Coyhaique a localidades intermedias se cancelar\u00e1 la tarifa del transporte p\u00fablico existente.<\/p>\n<p style=\"text-align: justify;\">El costo de este servicio ser\u00e1 gratuito para personas mayores (desde 65 a\u00f1os), personas con discapacidad, estudiantes de ense\u00f1anza b\u00e1sica y menores de 7 a\u00f1os. Los alumnos de educaci\u00f3n media y superior cancelar\u00e1n una tarifa equivalente a un 33% de la tarifa adulto correspondiente por tramo.<\/p>\n<p style=\"text-align: justify;\">Mientras se habiliten oficinas de venta presencial, los pasajes se vender\u00e1n v\u00eda telef\u00f3nica al contacto de Buses Tello, en el n\u00famero +56 9 90386338.<\/p>\n<div style=\"text-align: justify;\"><\/div>\n<\/div><\/section><\/div><div  style='height:50px' class='hr hr-invisible   avia-builder-el-6  el_after_av_one_full  el_before_av_social_share '><span class='hr-inner ' ><span class='hr-inner-style'><\/span><\/span><\/div><\/p>\n<div  class='av-social-sharing-box  avia-builder-el-7  el_after_av_hr  el_before_av_hr  '><div class='av-share-box'><h5 class='av-share-link-description av-no-toc '>Compartir esta noticia<\/h5><ul class='av-share-box-list noLightbox'><li class='av-share-link av-social-link-facebook' ><a target=\"_blank\" aria-label=\"Compartir en Facebook\" href='https:\/\/www.facebook.com\/sharer.php?u=https:\/\/radiorevelacionfm.cl\/?p=27510&#038;t=Se%20implementa%20en%20forma%20permanente%20subsidio%20de%20transporte%20Chile%20Chico%20%E2%80%93%20Coyhaique' aria-hidden='false' data-av_icon='\ue8f3' data-av_iconfont='entypo-fontello' title='' data-avia-related-tooltip='Compartir en Facebook' rel=\"noopener\"><span class='avia_hidden_link_text'>Compartir en Facebook<\/span><\/a><\/li><li class='av-share-link av-social-link-twitter' ><a target=\"_blank\" aria-label=\"Compartir en Twitter\" href='https:\/\/twitter.com\/share?text=Se%20implementa%20en%20forma%20permanente%20subsidio%20de%20transporte%20Chile%20Chico%20%E2%80%93%20Coyhaique&#038;url=https:\/\/radiorevelacionfm.cl\/?p=27510' aria-hidden='false' data-av_icon='\ue8f1' data-av_iconfont='entypo-fontello' title='' data-avia-related-tooltip='Compartir en Twitter' rel=\"noopener\"><span class='avia_hidden_link_text'>Compartir en Twitter<\/span><\/a><\/li><li class='av-share-link av-social-link-whatsapp' ><a target=\"_blank\" aria-label=\"Compartir en Whatsapp\" href='https:\/\/api.whatsapp.com\/send?text=https:\/\/radiorevelacionfm.cl\/?p=27510' aria-hidden='false' data-av_icon='\uf232' data-av_iconfont='entypo-fontello' title='' data-avia-related-tooltip='Compartir en Whatsapp' rel=\"noopener\"><span class='avia_hidden_link_text'>Compartir en Whatsapp<\/span><\/a><\/li><li class='av-share-link av-social-link-linkedin' ><a target=\"_blank\" aria-label=\"Compartir en LinkedIn\" href='https:\/\/linkedin.com\/shareArticle?mini=true&#038;title=Se%20implementa%20en%20forma%20permanente%20subsidio%20de%20transporte%20Chile%20Chico%20%E2%80%93%20Coyhaique&#038;url=https:\/\/radiorevelacionfm.cl\/?p=27510' aria-hidden='false' data-av_icon='\ue8fc' data-av_iconfont='entypo-fontello' title='' data-avia-related-tooltip='Compartir en LinkedIn' rel=\"noopener\"><span class='avia_hidden_link_text'>Compartir en LinkedIn<\/span><\/a><\/li><li class='av-share-link av-social-link-mail' ><a  aria-label=\"Compartir por correo\" href='mailto:?subject=Se%20implementa%20en%20forma%20permanente%20subsidio%20de%20transporte%20Chile%20Chico%20%E2%80%93%20Coyhaique&#038;body=https:\/\/radiorevelacionfm.cl\/?p=27510' aria-hidden='false' data-av_icon='\ue805' data-av_iconfont='entypo-fontello' title='' data-avia-related-tooltip='Compartir por correo'><span class='avia_hidden_link_text'>Compartir por correo<\/span><\/a><\/li><\/ul><\/div><\/div>\n<div  style='height:50px' class='hr hr-invisible   avia-builder-el-8  el_after_av_social_share  el_before_av_comments_list '><span class='hr-inner ' ><span class='hr-inner-style'><\/span><\/span><\/div>\n<div  class='av-buildercomment  av-blog-meta-html-info-disabled av-blog-meta-tag-disabled  '><\/div>\n","protected":false},"excerpt":{"rendered":"","protected":false},"author":1,"featured_media":27511,"comment_status":"open","ping_status":"open","sticky":false,"template":"","format":"standard","meta":{"footnotes":""},"categories":[59],"tags":[],"class_list":["post-27510","post","type-post","status-publish","format-standard","has-post-thumbnail","hentry","category-transporte"],"jetpack_featured_media_url":"https:\/\/radiorevelacionfm.cl\/wp-content\/uploads\/2023\/02\/20230206_090652-1-1_optimized.jpg","_links":{"self":[{"href":"https:\/\/radiorevelacionfm.cl\/index.php?rest_route=\/wp\/v2\/posts\/27510","targetHints":{"allow":["GET"]}}],"collection":[{"href":"https:\/\/radiorevelacionfm.cl\/index.php?rest_route=\/wp\/v2\/posts"}],"about":[{"href":"https:\/\/radiorevelacionfm.cl\/index.php?rest_route=\/wp\/v2\/types\/post"}],"author":[{"embeddable":true,"href":"https:\/\/radiorevelacionfm.cl\/index.php?rest_route=\/wp\/v2\/users\/1"}],"replies":[{"embeddable":true,"href":"https:\/\/radiorevelacionfm.cl\/index.php?rest_route=%2Fwp%2Fv2%2Fcomments&post=27510"}],"version-history":[{"count":2,"href":"https:\/\/radiorevelacionfm.cl\/index.php?rest_route=\/wp\/v2\/posts\/27510\/revisions"}],"predecessor-version":[{"id":27513,"href":"https:\/\/radiorevelacionfm.cl\/index.php?rest_route=\/wp\/v2\/posts\/27510\/revisions\/27513"}],"wp:featuredmedia":[{"embeddable":true,"href":"https:\/\/radiorevelacionfm.cl\/index.php?rest_route=\/wp\/v2\/media\/27511"}],"wp:attachment":[{"href":"https:\/\/radiorevelacionfm.cl\/index.php?rest_route=%2Fwp%2Fv2%2Fmedia&parent=27510"}],"wp:term":[{"taxonomy":"category","embeddable":true,"href":"https:\/\/radiorevelacionfm.cl\/index.php?rest_route=%2Fwp%2Fv2%2Fcategories&post=27510"},{"taxonomy":"post_tag","embeddable":true,"href":"https:\/\/radiorevelacionfm.cl\/index.php?rest_route=%2Fwp%2Fv2%2Ftags&post=27510"}],"curies":[{"name":"wp","href":"https:\/\/api.w.org\/{rel}","templated":true}]}}