{"id":27496,"date":"2023-02-05T22:32:34","date_gmt":"2023-02-06T01:32:34","guid":{"rendered":"https:\/\/radiorevelacionfm.cl\/?p=27496"},"modified":"2023-02-05T22:36:29","modified_gmt":"2023-02-06T01:36:29","slug":"equipo-de-chile-chico-se-coronaron-campeonas-de-la-primera-version-de-la-copa-del-lago-femenina","status":"publish","type":"post","link":"https:\/\/radiorevelacionfm.cl\/?p=27496","title":{"rendered":"Equipo de Chile Chico se coronaron campeonas de la primera versi\u00f3n de la \u00abCopa del Lago Femenina\u00bb"},"content":{"rendered":"<div class=\"flex_column av_one_full  flex_column_div av-zero-column-padding first  avia-builder-el-0  el_before_av_one_full  avia-builder-el-first  \" style='border-radius:0px; '><div  class='avia-image-container  av-styling-    avia-builder-el-1  avia-builder-el-no-sibling  avia-align-center '  itemprop=\"image\" itemscope=\"itemscope\" itemtype=\"https:\/\/schema.org\/ImageObject\"  ><div class='avia-image-container-inner'><div class='avia-image-overlay-wrap'><img decoding=\"async\" class='wp-image-27497 avia-img-lazy-loading-not-27497 avia_image' src=\"https:\/\/radiorevelacionfm.cl\/wp-content\/uploads\/2023\/02\/328290244_535825281861144_1168861826436687692_n-1_optimized-1.jpg\" alt='' title='328290244_535825281861144_1168861826436687692_n-(1)_optimized (1)' height=\"600\" width=\"800\"  itemprop=\"thumbnailUrl\" srcset=\"https:\/\/radiorevelacionfm.cl\/wp-content\/uploads\/2023\/02\/328290244_535825281861144_1168861826436687692_n-1_optimized-1.jpg 800w, https:\/\/radiorevelacionfm.cl\/wp-content\/uploads\/2023\/02\/328290244_535825281861144_1168861826436687692_n-1_optimized-1-300x225.jpg 300w, https:\/\/radiorevelacionfm.cl\/wp-content\/uploads\/2023\/02\/328290244_535825281861144_1168861826436687692_n-1_optimized-1-768x576.jpg 768w, https:\/\/radiorevelacionfm.cl\/wp-content\/uploads\/2023\/02\/328290244_535825281861144_1168861826436687692_n-1_optimized-1-705x529.jpg 705w, https:\/\/radiorevelacionfm.cl\/wp-content\/uploads\/2023\/02\/328290244_535825281861144_1168861826436687692_n-1_optimized-1-600x450.jpg 600w\" sizes=\"(max-width: 800px) 100vw, 800px\" \/><\/div><\/div><\/div><\/div>\n<div class=\"flex_column av_one_full  flex_column_div av-zero-column-padding first  avia-builder-el-2  el_after_av_one_full  el_before_av_one_full  column-top-margin\" style='border-radius:0px; '><section class=\"av_textblock_section \"  itemscope=\"itemscope\" itemtype=\"https:\/\/schema.org\/BlogPosting\" itemprop=\"blogPost\" ><div class='avia_textblock  '   itemprop=\"text\" ><p style=\"text-align: center;\"><strong><span style=\"font-size: 18pt;\">Equipo de Chile Chico se coronaron campeonas de la primera versi\u00f3n de la \u00abCopa del Lago Femenina\u00bb<\/span><\/strong><\/p>\n<div id=\"gtx-trans\" style=\"position: absolute; left: -50px; top: 4.31534px;\">\n<div class=\"gtx-trans-icon\"><\/div>\n<\/div>\n<\/div><\/section><\/div>\n<div class=\"flex_column av_one_full  flex_column_div av-zero-column-padding first  avia-builder-el-4  el_after_av_one_full  el_before_av_hr  column-top-margin\" style='border-radius:0px; '><section class=\"av_textblock_section \"  itemscope=\"itemscope\" itemtype=\"https:\/\/schema.org\/BlogPosting\" itemprop=\"blogPost\" ><div class='avia_textblock  '   itemprop=\"text\" ><p style=\"text-align: justify;\">Durante el fin de semana en el estadio municipal de la \u201cciudad del sol\u201d se realiz\u00f3 una nueva versi\u00f3n de la \u201cCopa del Lago Femenina\u201d, actividad que organiz\u00f3 el club deportivo Pilmakark y donde el equipo de Chile Chico se qued\u00f3 con el primer lugar.<\/p>\n<p style=\"text-align: justify;\">\u201cEstamos bien contentos con los resultados, fue un gran trabajo de Claudia Soto, Jael y su grupo, yo me integre un poco despu\u00e9s apa\u00f1ando a las chiquillas. En realidad, muy contento porque se vio un futbol muy bueno, las chicas de Tranquilo, Murta, alto nivel, Chile Chico tambi\u00e9n, se han desarrollado con una preparaci\u00f3n f\u00edsica muy buena durante dos meses con las chiquillas, se vieron los resultados, la gente vino a apoyar\u201d, manifest\u00f3, Jorge Pillancari, director t\u00e9cnico del equipo de Chile Chico.<\/p>\n<p style=\"text-align: justify;\">Gloria Viegas, presidenta del club deportivo Pilmakark, entidad organizadora del campeonato, se mostr\u00f3 feliz de los resultados y el buen desarrollo de la actividad.<\/p>\n<p style=\"text-align: justify;\">\u201cHa sido un trabajo intenso, gracias a Dios se pudo hacer una selecci\u00f3n de todas las chicas que pudieron participar en esta copa, no solo del club Pilmarkak sino que de todos los clubes que tiene la zona como, Renacer y Patagonas, juntamos una selecci\u00f3n de Chile Chico. Felices de haber podido quedar campeonas\u201d.<\/p>\n<p style=\"text-align: justify;\">Samanta Cis, jugadora de Chile Chico, puso en valor esta competencia, se\u00f1alando que, \u201cmuy linda experiencia, es el primer torneo que vengo a jugar para Chile Chico. Muy contenta por el recibimiento, por haberme invitado, por la confianza de todas las chicas, la verdad es que, estuvo muy lindo el torneo\u201d.<\/p>\n<p style=\"text-align: justify;\">Valeska Ojeda, es la capitana del equipo de Puerto Rio Tranquilo, quienes se llevaron el segundo lugar de la \u201cCopa del Lago Femenina\u201d. \u201cComo toda Copa del Lago siempre nos va a jugar en contra salir a jugar a otro lado, pero feliz del segundo lugar. Con Bah\u00eda Murta igual estuvo fuerte el partido, porque es una rivalidad de pueblos que tenemos, pero fue bueno, salimos adelante con esfuerzo\u201d.<\/p>\n<p style=\"text-align: justify;\">En la actividad estuvo presente el delegado presidencial provincial de General Carrera, Crist\u00f3bal Barcel\u00f3, quien relev\u00f3 la instancia de participaci\u00f3n deportiva.<\/p>\n<p style=\"text-align: justify;\">\u201cEs algo que vale la pena destacar, el esfuerzo, el trabajo y como tambi\u00e9n existe esta motivaci\u00f3n por el deporte aqu\u00ed en Chile Chico. Creo que son temas que hay que apoyar, relevar constantemente, porque aqu\u00ed un trabajo coordinado del municipio, del Gobierno Regional de Ays\u00e9n a trav\u00e9s del 7%, nosotros como delegaci\u00f3n hemos apoyado tambi\u00e9n en todas las gestiones que se requieren. Este apoyo coordinado va a seguir permanente, porque el deporte es una de las \u00e1reas que tenemos que apoyar en nuestra provincia\u201d.<\/p>\n<p style=\"text-align: justify;\">El resultado del campeonato fue, Chile Chico primer lugar, segundo Puerto Rio Tranquilo, tercer puesto para Cochrane y Bah\u00eda Murta se qued\u00f3 con el cuarto lugar de esta nueva versi\u00f3n de la \u201cCopa del Lago Femenina\u201d. Evento deportivo que cont\u00f3 con el financiamiento del 7% del Gobierno Regional de Ays\u00e9n.<\/p>\n<\/div><\/section><\/div><div  style='height:50px' class='hr hr-invisible   avia-builder-el-6  el_after_av_one_full  el_before_av_social_share '><span class='hr-inner ' ><span class='hr-inner-style'><\/span><\/span><\/div><\/p>\n<div  class='av-social-sharing-box  avia-builder-el-7  el_after_av_hr  el_before_av_hr  '><div class='av-share-box'><h5 class='av-share-link-description av-no-toc '>Compartir esta noticia<\/h5><ul class='av-share-box-list noLightbox'><li class='av-share-link av-social-link-facebook' ><a target=\"_blank\" aria-label=\"Compartir en Facebook\" href='https:\/\/www.facebook.com\/sharer.php?u=https:\/\/radiorevelacionfm.cl\/?p=27496&#038;t=Equipo%20de%20Chile%20Chico%20se%20coronaron%20campeonas%20de%20la%20primera%20versi%C3%B3n%20de%20la%20%C2%ABCopa%20del%20Lago%20Femenina%C2%BB' aria-hidden='false' data-av_icon='\ue8f3' data-av_iconfont='entypo-fontello' title='' data-avia-related-tooltip='Compartir en Facebook' rel=\"noopener\"><span class='avia_hidden_link_text'>Compartir en Facebook<\/span><\/a><\/li><li class='av-share-link av-social-link-twitter' ><a target=\"_blank\" aria-label=\"Compartir en Twitter\" href='https:\/\/twitter.com\/share?text=Equipo%20de%20Chile%20Chico%20se%20coronaron%20campeonas%20de%20la%20primera%20versi%C3%B3n%20de%20la%20%C2%ABCopa%20del%20Lago%20Femenina%C2%BB&#038;url=https:\/\/radiorevelacionfm.cl\/?p=27496' aria-hidden='false' data-av_icon='\ue8f1' data-av_iconfont='entypo-fontello' title='' data-avia-related-tooltip='Compartir en Twitter' rel=\"noopener\"><span class='avia_hidden_link_text'>Compartir en Twitter<\/span><\/a><\/li><li class='av-share-link av-social-link-whatsapp' ><a target=\"_blank\" aria-label=\"Compartir en Whatsapp\" href='https:\/\/api.whatsapp.com\/send?text=https:\/\/radiorevelacionfm.cl\/?p=27496' aria-hidden='false' data-av_icon='\uf232' data-av_iconfont='entypo-fontello' title='' data-avia-related-tooltip='Compartir en Whatsapp' rel=\"noopener\"><span class='avia_hidden_link_text'>Compartir en Whatsapp<\/span><\/a><\/li><li class='av-share-link av-social-link-linkedin' ><a target=\"_blank\" aria-label=\"Compartir en LinkedIn\" href='https:\/\/linkedin.com\/shareArticle?mini=true&#038;title=Equipo%20de%20Chile%20Chico%20se%20coronaron%20campeonas%20de%20la%20primera%20versi%C3%B3n%20de%20la%20%C2%ABCopa%20del%20Lago%20Femenina%C2%BB&#038;url=https:\/\/radiorevelacionfm.cl\/?p=27496' aria-hidden='false' data-av_icon='\ue8fc' data-av_iconfont='entypo-fontello' title='' data-avia-related-tooltip='Compartir en LinkedIn' rel=\"noopener\"><span class='avia_hidden_link_text'>Compartir en LinkedIn<\/span><\/a><\/li><li class='av-share-link av-social-link-mail' ><a  aria-label=\"Compartir por correo\" href='mailto:?subject=Equipo%20de%20Chile%20Chico%20se%20coronaron%20campeonas%20de%20la%20primera%20versi%C3%B3n%20de%20la%20%C2%ABCopa%20del%20Lago%20Femenina%C2%BB&#038;body=https:\/\/radiorevelacionfm.cl\/?p=27496' aria-hidden='false' data-av_icon='\ue805' data-av_iconfont='entypo-fontello' title='' data-avia-related-tooltip='Compartir por correo'><span class='avia_hidden_link_text'>Compartir por correo<\/span><\/a><\/li><\/ul><\/div><\/div>\n<div  style='height:50px' class='hr hr-invisible   avia-builder-el-8  el_after_av_social_share  el_before_av_comments_list '><span class='hr-inner ' ><span class='hr-inner-style'><\/span><\/span><\/div>\n<div  class='av-buildercomment  av-blog-meta-html-info-disabled av-blog-meta-tag-disabled  '><\/div>\n","protected":false},"excerpt":{"rendered":"","protected":false},"author":1,"featured_media":27497,"comment_status":"open","ping_status":"open","sticky":false,"template":"","format":"standard","meta":{"footnotes":""},"categories":[40],"tags":[],"class_list":["post-27496","post","type-post","status-publish","format-standard","has-post-thumbnail","hentry","category-deportes"],"jetpack_featured_media_url":"https:\/\/radiorevelacionfm.cl\/wp-content\/uploads\/2023\/02\/328290244_535825281861144_1168861826436687692_n-1_optimized-1.jpg","_links":{"self":[{"href":"https:\/\/radiorevelacionfm.cl\/index.php?rest_route=\/wp\/v2\/posts\/27496","targetHints":{"allow":["GET"]}}],"collection":[{"href":"https:\/\/radiorevelacionfm.cl\/index.php?rest_route=\/wp\/v2\/posts"}],"about":[{"href":"https:\/\/radiorevelacionfm.cl\/index.php?rest_route=\/wp\/v2\/types\/post"}],"author":[{"embeddable":true,"href":"https:\/\/radiorevelacionfm.cl\/index.php?rest_route=\/wp\/v2\/users\/1"}],"replies":[{"embeddable":true,"href":"https:\/\/radiorevelacionfm.cl\/index.php?rest_route=%2Fwp%2Fv2%2Fcomments&post=27496"}],"version-history":[{"count":3,"href":"https:\/\/radiorevelacionfm.cl\/index.php?rest_route=\/wp\/v2\/posts\/27496\/revisions"}],"predecessor-version":[{"id":27499,"href":"https:\/\/radiorevelacionfm.cl\/index.php?rest_route=\/wp\/v2\/posts\/27496\/revisions\/27499"}],"wp:featuredmedia":[{"embeddable":true,"href":"https:\/\/radiorevelacionfm.cl\/index.php?rest_route=\/wp\/v2\/media\/27497"}],"wp:attachment":[{"href":"https:\/\/radiorevelacionfm.cl\/index.php?rest_route=%2Fwp%2Fv2%2Fmedia&parent=27496"}],"wp:term":[{"taxonomy":"category","embeddable":true,"href":"https:\/\/radiorevelacionfm.cl\/index.php?rest_route=%2Fwp%2Fv2%2Fcategories&post=27496"},{"taxonomy":"post_tag","embeddable":true,"href":"https:\/\/radiorevelacionfm.cl\/index.php?rest_route=%2Fwp%2Fv2%2Ftags&post=27496"}],"curies":[{"name":"wp","href":"https:\/\/api.w.org\/{rel}","templated":true}]}}