{"id":27493,"date":"2023-02-06T09:29:49","date_gmt":"2023-02-06T12:29:49","guid":{"rendered":"https:\/\/radiorevelacionfm.cl\/?p=27493"},"modified":"2023-02-06T09:29:49","modified_gmt":"2023-02-06T12:29:49","slug":"en-coyhaique-servicios-publicos-realizaron-nueva-version-de-movilizados-en-el-estadio-municipal","status":"publish","type":"post","link":"https:\/\/radiorevelacionfm.cl\/?p=27493","title":{"rendered":"En Coyhaique servicios p\u00fablicos realizaron nueva versi\u00f3n de MovilizaDOS en el Estadio Municipal"},"content":{"rendered":"<div class=\"flex_column av_one_full  flex_column_div av-zero-column-padding first  avia-builder-el-0  el_before_av_one_full  avia-builder-el-first  \" style='border-radius:0px; '><div  class='avia-image-container  av-styling-    avia-builder-el-1  avia-builder-el-no-sibling  avia-align-center '  itemprop=\"image\" itemscope=\"itemscope\" itemtype=\"https:\/\/schema.org\/ImageObject\"  ><div class='avia-image-container-inner'><div class='avia-image-overlay-wrap'><img decoding=\"async\" class='wp-image-27494 avia-img-lazy-loading-not-27494 avia_image' src=\"https:\/\/radiorevelacionfm.cl\/wp-content\/uploads\/2023\/02\/movilizados1-5-1_optimized.jpeg\" alt='' title='movilizados1-(5)-(1)_optimized' height=\"600\" width=\"796\"  itemprop=\"thumbnailUrl\" srcset=\"https:\/\/radiorevelacionfm.cl\/wp-content\/uploads\/2023\/02\/movilizados1-5-1_optimized.jpeg 796w, https:\/\/radiorevelacionfm.cl\/wp-content\/uploads\/2023\/02\/movilizados1-5-1_optimized-300x226.jpeg 300w, https:\/\/radiorevelacionfm.cl\/wp-content\/uploads\/2023\/02\/movilizados1-5-1_optimized-768x579.jpeg 768w, https:\/\/radiorevelacionfm.cl\/wp-content\/uploads\/2023\/02\/movilizados1-5-1_optimized-705x531.jpeg 705w, https:\/\/radiorevelacionfm.cl\/wp-content\/uploads\/2023\/02\/movilizados1-5-1_optimized-600x452.jpeg 600w\" sizes=\"(max-width: 796px) 100vw, 796px\" \/><\/div><\/div><\/div><\/div>\n<div class=\"flex_column av_one_full  flex_column_div av-zero-column-padding first  avia-builder-el-2  el_after_av_one_full  el_before_av_one_full  column-top-margin\" style='border-radius:0px; '><section class=\"av_textblock_section \"  itemscope=\"itemscope\" itemtype=\"https:\/\/schema.org\/BlogPosting\" itemprop=\"blogPost\" ><div class='avia_textblock  '   itemprop=\"text\" ><p style=\"text-align: center;\"><strong><span style=\"font-size: 18pt;\">En Coyhaique servicios p\u00fablicos realizaron nueva versi\u00f3n de MovilizaDOS en el Estadio Municipal <\/span><\/strong><\/p>\n<div id=\"gtx-trans\" style=\"position: absolute; left: -50px; top: 4.31534px;\">\n<div class=\"gtx-trans-icon\"><\/div>\n<\/div>\n<\/div><\/section><\/div><div class=\"flex_column av_one_full  flex_column_div av-zero-column-padding first  avia-builder-el-4  el_after_av_one_full  el_before_av_hr  column-top-margin\" style='border-radius:0px; '><section class=\"av_textblock_section \"  itemscope=\"itemscope\" itemtype=\"https:\/\/schema.org\/BlogPosting\" itemprop=\"blogPost\" ><div class='avia_textblock  '   itemprop=\"text\" ><p style=\"text-align: justify;\">Una nueva versi\u00f3n de MovilizaDOS se realiz\u00f3 el jueves reci\u00e9n pasado en el Estadio Municipal de Coyhaique, actividad que fue coordinada por la Seremi de Gobierno Regi\u00f3n de Ays\u00e9n, en la que diversos servicios p\u00fablicos instalaron stands, entregando informaci\u00f3n sobre la oferta estatal en planes y programas asociados al turismo, la prevenci\u00f3n del consumo de alcohol y drogas, desarrollo social y del sector salud.<\/p>\n<p style=\"text-align: justify;\">Tatiana Pl\u00e1 \u00c1lvarez, vocera de Gobierno, se\u00f1al\u00f3: \u201cDesde la Seremi de Gobierno de la regi\u00f3n de Ays\u00e9n estamos realizando hoy d\u00eda esta feria en la l\u00ednea que tiene la Divisi\u00f3n de Organizaciones Sociales (DOS), que se llama MovilizaDOS. Nosotros lo que hacemos es llevar distintos servicios que puedan dar atenci\u00f3n a la ciudadan\u00eda, las diferentes ofertas program\u00e1ticas que tienen los servicios que hoy d\u00eda nos acompa\u00f1an y estamos en un contexto del Campeonato de F\u00fatbol Rural, donde viene mucha gente, mucha juventud, gente de otras regiones, por eso hemos querido invitar a varios servicios p\u00fablicos. Como Gobierno del Presidente Boric no s\u00f3lo estamos potenciando el deporte sino tambi\u00e9n otras l\u00edneas de acci\u00f3n, en este caso el turismo, la prevenci\u00f3n de alcohol y drogas, el autocuidado, entre otras\u201d.<\/p>\n<p style=\"text-align: justify;\">La actividad se realiz\u00f3 en el contexto del Campeonato Nacional Fenfur Serie de Honor, que convoca a los equipos de f\u00fatbol rural de todo el pa\u00eds, por lo que aprovechando la gran afluencia de p\u00fablico asistente a los partidos se realiz\u00f3 esta actividad que convoc\u00f3 no s\u00f3lo a los fan\u00e1ticos del f\u00fatbol, sino a sus familias y amigos, qui\u00e9nes antes de entrar a las grader\u00edas para apoyar a sus respectivos equipos pudieron conocer la oferta de servicios estatales y llevarse uno que otro souvenirs.<\/p>\n<p style=\"text-align: justify;\">Samuel Navarro, delegado regional presidencial (s) valor\u00f3 esta actividad: \u201cEstamos hoy en el Campeonato Nacional de F\u00fatbol Rural en Coyhaique, esta es una de las sedes, son cuatro sedes, esta es una alianza tambi\u00e9n entre FENFUR y los municipios, con fondos del Gobierno Regional y a trav\u00e9s de la DOS de la Seremi de Gobierno regi\u00f3n de Ays\u00e9n, hemos venido a participar en esta actividad. Esta iniciativa deportiva est\u00e1 teniendo una alta convocatoria, nos parece importante como Gobierno fomentar la actividad f\u00edsica, el deporte, por lo que como Gobierno del Presidente Gabriel Boric estamos promoviendo estas actividades y por cierto, la entrega de informaci\u00f3n de diversos servicios p\u00fablicos en esta feria MovilizaDOS\u201d.<\/p>\n<p style=\"text-align: justify;\">Los servicios p\u00fablicos que participaron en esta iniciativa fueron: La Divisi\u00f3n de Organizaciones Sociales de la Seremi de Gobierno (DOS), Senda-Previene, Sernatur e Injuv.<\/p>\n<\/div><\/section><\/div><\/p>\n<div  style='height:50px' class='hr hr-invisible   avia-builder-el-6  el_after_av_one_full  el_before_av_social_share '><span class='hr-inner ' ><span class='hr-inner-style'><\/span><\/span><\/div>\n<div  class='av-social-sharing-box  avia-builder-el-7  el_after_av_hr  el_before_av_hr  '><div class='av-share-box'><h5 class='av-share-link-description av-no-toc '>Compartir esta noticia<\/h5><ul class='av-share-box-list noLightbox'><li class='av-share-link av-social-link-facebook' ><a target=\"_blank\" aria-label=\"Compartir en Facebook\" href='https:\/\/www.facebook.com\/sharer.php?u=https:\/\/radiorevelacionfm.cl\/?p=27493&#038;t=En%20Coyhaique%20servicios%20p%C3%BAblicos%20realizaron%20nueva%20versi%C3%B3n%20de%20MovilizaDOS%20en%20el%20Estadio%20Municipal' aria-hidden='false' data-av_icon='\ue8f3' data-av_iconfont='entypo-fontello' title='' data-avia-related-tooltip='Compartir en Facebook' rel=\"noopener\"><span class='avia_hidden_link_text'>Compartir en Facebook<\/span><\/a><\/li><li class='av-share-link av-social-link-twitter' ><a target=\"_blank\" aria-label=\"Compartir en Twitter\" href='https:\/\/twitter.com\/share?text=En%20Coyhaique%20servicios%20p%C3%BAblicos%20realizaron%20nueva%20versi%C3%B3n%20de%20MovilizaDOS%20en%20el%20Estadio%20Municipal&#038;url=https:\/\/radiorevelacionfm.cl\/?p=27493' aria-hidden='false' data-av_icon='\ue8f1' data-av_iconfont='entypo-fontello' title='' data-avia-related-tooltip='Compartir en Twitter' rel=\"noopener\"><span class='avia_hidden_link_text'>Compartir en Twitter<\/span><\/a><\/li><li class='av-share-link av-social-link-whatsapp' ><a target=\"_blank\" aria-label=\"Compartir en Whatsapp\" href='https:\/\/api.whatsapp.com\/send?text=https:\/\/radiorevelacionfm.cl\/?p=27493' aria-hidden='false' data-av_icon='\uf232' data-av_iconfont='entypo-fontello' title='' data-avia-related-tooltip='Compartir en Whatsapp' rel=\"noopener\"><span class='avia_hidden_link_text'>Compartir en Whatsapp<\/span><\/a><\/li><li class='av-share-link av-social-link-linkedin' ><a target=\"_blank\" aria-label=\"Compartir en LinkedIn\" href='https:\/\/linkedin.com\/shareArticle?mini=true&#038;title=En%20Coyhaique%20servicios%20p%C3%BAblicos%20realizaron%20nueva%20versi%C3%B3n%20de%20MovilizaDOS%20en%20el%20Estadio%20Municipal&#038;url=https:\/\/radiorevelacionfm.cl\/?p=27493' aria-hidden='false' data-av_icon='\ue8fc' data-av_iconfont='entypo-fontello' title='' data-avia-related-tooltip='Compartir en LinkedIn' rel=\"noopener\"><span class='avia_hidden_link_text'>Compartir en LinkedIn<\/span><\/a><\/li><li class='av-share-link av-social-link-mail' ><a  aria-label=\"Compartir por correo\" href='mailto:?subject=En%20Coyhaique%20servicios%20p%C3%BAblicos%20realizaron%20nueva%20versi%C3%B3n%20de%20MovilizaDOS%20en%20el%20Estadio%20Municipal&#038;body=https:\/\/radiorevelacionfm.cl\/?p=27493' aria-hidden='false' data-av_icon='\ue805' data-av_iconfont='entypo-fontello' title='' data-avia-related-tooltip='Compartir por correo'><span class='avia_hidden_link_text'>Compartir por correo<\/span><\/a><\/li><\/ul><\/div><\/div>\n<div  style='height:50px' class='hr hr-invisible   avia-builder-el-8  el_after_av_social_share  el_before_av_comments_list '><span class='hr-inner ' ><span class='hr-inner-style'><\/span><\/span><\/div>\n<div  class='av-buildercomment  av-blog-meta-html-info-disabled av-blog-meta-tag-disabled  '><\/div>\n","protected":false},"excerpt":{"rendered":"","protected":false},"author":1,"featured_media":27494,"comment_status":"open","ping_status":"open","sticky":false,"template":"","format":"standard","meta":{"footnotes":""},"categories":[38],"tags":[],"class_list":["post-27493","post","type-post","status-publish","format-standard","has-post-thumbnail","hentry","category-regional"],"jetpack_featured_media_url":"https:\/\/radiorevelacionfm.cl\/wp-content\/uploads\/2023\/02\/movilizados1-5-1_optimized.jpeg","_links":{"self":[{"href":"https:\/\/radiorevelacionfm.cl\/index.php?rest_route=\/wp\/v2\/posts\/27493","targetHints":{"allow":["GET"]}}],"collection":[{"href":"https:\/\/radiorevelacionfm.cl\/index.php?rest_route=\/wp\/v2\/posts"}],"about":[{"href":"https:\/\/radiorevelacionfm.cl\/index.php?rest_route=\/wp\/v2\/types\/post"}],"author":[{"embeddable":true,"href":"https:\/\/radiorevelacionfm.cl\/index.php?rest_route=\/wp\/v2\/users\/1"}],"replies":[{"embeddable":true,"href":"https:\/\/radiorevelacionfm.cl\/index.php?rest_route=%2Fwp%2Fv2%2Fcomments&post=27493"}],"version-history":[{"count":3,"href":"https:\/\/radiorevelacionfm.cl\/index.php?rest_route=\/wp\/v2\/posts\/27493\/revisions"}],"predecessor-version":[{"id":27503,"href":"https:\/\/radiorevelacionfm.cl\/index.php?rest_route=\/wp\/v2\/posts\/27493\/revisions\/27503"}],"wp:featuredmedia":[{"embeddable":true,"href":"https:\/\/radiorevelacionfm.cl\/index.php?rest_route=\/wp\/v2\/media\/27494"}],"wp:attachment":[{"href":"https:\/\/radiorevelacionfm.cl\/index.php?rest_route=%2Fwp%2Fv2%2Fmedia&parent=27493"}],"wp:term":[{"taxonomy":"category","embeddable":true,"href":"https:\/\/radiorevelacionfm.cl\/index.php?rest_route=%2Fwp%2Fv2%2Fcategories&post=27493"},{"taxonomy":"post_tag","embeddable":true,"href":"https:\/\/radiorevelacionfm.cl\/index.php?rest_route=%2Fwp%2Fv2%2Ftags&post=27493"}],"curies":[{"name":"wp","href":"https:\/\/api.w.org\/{rel}","templated":true}]}}