{"id":27491,"date":"2023-02-05T22:46:43","date_gmt":"2023-02-06T01:46:43","guid":{"rendered":"https:\/\/radiorevelacionfm.cl\/?p=27491"},"modified":"2023-02-05T22:46:43","modified_gmt":"2023-02-06T01:46:43","slug":"instruyen-a-sma-iniciar-proceso-sancionatorio-contra-edelaysen-requirentes-destacan-sentencia-del-tribunal-ambiental-por-central-los-maquis","status":"publish","type":"post","link":"https:\/\/radiorevelacionfm.cl\/?p=27491","title":{"rendered":"Instruyen a SMA iniciar proceso sancionatorio contra Edelays\u00e9n: Requirentes destacan sentencia del Tribunal Ambiental por central Los Maquis"},"content":{"rendered":"<div class=\"flex_column av_one_full  flex_column_div av-zero-column-padding first  avia-builder-el-0  el_before_av_one_full  avia-builder-el-first  \" style='border-radius:0px; '><div  class='avia-image-container  av-styling-    avia-builder-el-1  avia-builder-el-no-sibling  avia-align-center '  itemprop=\"image\" itemscope=\"itemscope\" itemtype=\"https:\/\/schema.org\/ImageObject\"  ><div class='avia-image-container-inner'><div class='avia-image-overlay-wrap'><img decoding=\"async\" class='wp-image-4206 avia-img-lazy-loading-not-4206 avia_image' src=\"https:\/\/radiorevelacionfm.cl\/wp-content\/uploads\/2021\/05\/Central_LosMaquis-1-1.jpg\" alt='' title='Central_LosMaquis (1) (1)' height=\"600\" width=\"900\"  itemprop=\"thumbnailUrl\" srcset=\"https:\/\/radiorevelacionfm.cl\/wp-content\/uploads\/2021\/05\/Central_LosMaquis-1-1.jpg 900w, https:\/\/radiorevelacionfm.cl\/wp-content\/uploads\/2021\/05\/Central_LosMaquis-1-1-300x200.jpg 300w, https:\/\/radiorevelacionfm.cl\/wp-content\/uploads\/2021\/05\/Central_LosMaquis-1-1-768x512.jpg 768w, https:\/\/radiorevelacionfm.cl\/wp-content\/uploads\/2021\/05\/Central_LosMaquis-1-1-705x470.jpg 705w, https:\/\/radiorevelacionfm.cl\/wp-content\/uploads\/2021\/05\/Central_LosMaquis-1-1-600x400.jpg 600w\" sizes=\"(max-width: 900px) 100vw, 900px\" \/><\/div><\/div><\/div><\/div><div class=\"flex_column av_one_full  flex_column_div av-zero-column-padding first  avia-builder-el-2  el_after_av_one_full  el_before_av_one_full  column-top-margin\" style='border-radius:0px; '><section class=\"av_textblock_section \"  itemscope=\"itemscope\" itemtype=\"https:\/\/schema.org\/BlogPosting\" itemprop=\"blogPost\" ><div class='avia_textblock  '   itemprop=\"text\" ><p style=\"text-align: center;\"><strong><span style=\"font-size: 18pt;\">Instruyen a SMA iniciar proceso sancionatorio contra Edelays\u00e9n: Requirentes destacan sentencia del Tribunal Ambiental por central Los Maquis <\/span><\/strong><\/p>\n<div id=\"gtx-trans\" style=\"position: absolute; left: -50px; top: 4.31534px;\">\n<div class=\"gtx-trans-icon\"><\/div>\n<\/div>\n<\/div><\/section><\/div><div class=\"flex_column av_one_full  flex_column_div av-zero-column-padding first  avia-builder-el-4  el_after_av_one_full  el_before_av_hr  column-top-margin\" style='border-radius:0px; '><section class=\"av_textblock_section \"  itemscope=\"itemscope\" itemtype=\"https:\/\/schema.org\/BlogPosting\" itemprop=\"blogPost\" ><div class='avia_textblock  '   itemprop=\"text\" ><p class=\"v1MsoNormal\" style=\"text-align: justify;\"><span lang=\"ES\">La determinaci<\/span><span lang=\"X-NONE\">\u00f3n establece que por construir su proyecto sin e<\/span><span class=\"v1gmail-selectable-text\">valuaci<\/span><span class=\"v1gmail-selectable-text\"><span lang=\"X-NONE\">\u00f3n ambiental, la empresa no s\u00f3lo debe ingresar las obras\u00a0<\/span><\/span><span class=\"v1gmail-selectable-text\">al SEIA sino que ser sancionada por el incumplimiento.<\/span><\/p>\n<p class=\"v1MsoNormal\" style=\"text-align: justify;\"><span class=\"v1gmail-selectable-text\">La central hidroel\u00e9ctrica Los Maquis, propiedad de\u00a0<\/span>Edelays\u00e9n<span class=\"v1gmail-selectable-text\">, comenz\u00f3 su construcci\u00f3n sin resoluci<\/span><span class=\"v1gmail-selectable-text\"><span lang=\"X-NONE\">\u00f3n de calificaci\u00f3n ambiental\u00a0<\/span><\/span><span class=\"v1gmail-selectable-text\">a principios de 2020 en Puerto Guadal (comuna de Chile Chico), en la Zona de Inter\u00e9s Tur\u00edstico Chelenko. Hoy est<\/span><span class=\"v1gmail-selectable-text\"><span lang=\"X-NONE\">\u00e1 pr\u00e1cticamente terminada, habiendo hace unos meses comenzado pruebas de interconexi\u00f3n.<\/span><\/span><\/p>\n<p class=\"v1MsoNormal\" style=\"text-align: justify;\"><span class=\"v1gmail-selectable-text\">Sin embargo, tras un fallo del Tercer Tribunal Ambiental de Valdivia (3TA) la Superintendencia del Medio Ambiente (SMA) se vio obligada a instruir<\/span><span class=\"v1gmail-selectable-text\"><span lang=\"X-NONE\">\u00a0en\u00a0<\/span><\/span><span class=\"v1gmail-selectable-text\">junio de 2021 a la empresa ingresar su proyecto a evaluaci\u00f3n ambiental.\u00a0 Sin embargo, en esa misma instancia, la SMA decidi\u00f3 no sancionar a Edelays<\/span><span class=\"v1gmail-selectable-text\"><span lang=\"X-NONE\">\u00e9n\u00a0<\/span><\/span><span class=\"v1gmail-selectable-text\">por haber comenzado a construir y operar sin contar con los permisos que la Ley 19.300 de Bases del Medio Ambiente exige.<\/span><\/p>\n<p class=\"v1MsoNormal\" style=\"text-align: justify;\"><span class=\"v1gmail-selectable-text\">Las denuncias ciudadanas fueron coordinadas por la Corporaci\u00f3n Privada para el Desarrollo de Ays\u00e9n (CODESA), con el patrocinio del abogado Rodrigo Meneses del estudio LAWen y el apoyo de ONG FIMA.<\/span><\/p>\n<p class=\"v1MsoNormal\" style=\"text-align: justify;\"><span class=\"v1gmail-selectable-text\">La decisi<\/span><span class=\"v1gmail-selectable-text\"><span lang=\"X-NONE\">\u00f3n\u00a0<\/span><\/span><span class=\"v1gmail-selectable-text\">de la SMA de perseverar buscando responsabilidades en Edelays<\/span><span class=\"v1gmail-selectable-text\"><span lang=\"X-NONE\">\u00e9n\u00a0<\/span><\/span><span class=\"v1gmail-selectable-text\">fue revertida\u00a0<\/span><span class=\"v1gmail-selectable-text\"><span lang=\"X-NONE\">por un\u00a0<a href=\"https:\/\/3ta.cl\/noticias\/tribunal-acoge-reclamacion-contra-la-sma-por-no-iniciar-procedimiento-sancionatorio-del-proyecto-central-hidroelectrica-los-maquis\/\" target=\"_blank\" rel=\"noopener noreferrer\">nuevo fallo del 3TA<\/a>\u00a0que la semana pasada determin\u00f3 que s\u00ed hay motivos para iniciar un proceso sancionatorio.<\/span><\/span><\/p>\n<p class=\"v1MsoNormal\" style=\"text-align: justify;\"><span class=\"v1gmail-selectable-text\">\u00abNos pareci<\/span><span class=\"v1gmail-selectable-text\"><span lang=\"X-NONE\">\u00f3\u00a0<\/span><\/span><span class=\"v1gmail-selectable-text\">certero el fallo del tribunal, donde deja sin efecto la decisi<\/span><span class=\"v1gmail-selectable-text\"><span lang=\"X-NONE\">\u00f3<\/span><\/span><span class=\"v1gmail-selectable-text\">n de la SMA de no sancionar a la empresa. Esperamos que ahora este organismo, en base a los datos y hechos descritos en la sentencia, donde se dejan en claro varios puntos importantes adem<\/span><span class=\"v1gmail-selectable-text\"><span lang=\"X-NONE\">\u00e1s<\/span><\/span><span class=\"v1gmail-selectable-text\">\u00a0de decir expl<\/span><span class=\"v1gmail-selectable-text\"><span lang=\"X-NONE\">\u00ed<\/span><\/span><span class=\"v1gmail-selectable-text\">citamente que\u00a0<\/span><span class=\"v1gmail-selectable-text\"><span lang=\"X-NONE\">\u00e9<\/span><\/span><span class=\"v1gmail-selectable-text\">stos fueron de car<\/span><span class=\"v1gmail-selectable-text\"><span lang=\"X-NONE\">\u00e1<\/span><\/span><span class=\"v1gmail-selectable-text\">cter grav<\/span><span class=\"v1gmail-selectable-text\"><span lang=\"X-NONE\">\u00ed<\/span><\/span><span class=\"v1gmail-selectable-text\">simo, act<\/span><span class=\"v1gmail-selectable-text\"><span lang=\"X-NONE\">\u00fa<\/span><\/span><span class=\"v1gmail-selectable-text\">e de la forma correcta y inicie un proceso sancionatoria contra la el<\/span><span class=\"v1gmail-selectable-text\"><span lang=\"X-NONE\">\u00e9ctrica\u00a0<\/span><\/span><span class=\"v1gmail-selectable-text\">por estos hechos<\/span><span class=\"v1gmail-selectable-text\">\u00bb expres<\/span><span class=\"v1gmail-selectable-text\"><span lang=\"X-NONE\">\u00f3 al respecto Crist\u00f3bal Weber, vecino de la localidad y uno de los firmantes del requerimiento<\/span><\/span><span class=\"v1gmail-selectable-text\">.<\/span><\/p>\n<p class=\"v1MsoNormal\" style=\"text-align: justify;\"><span class=\"v1gmail-selectable-text\">\u00abNo podemos permitir que empresas vengan a desarrollar proyectos de forma ilegal, y luego\u00a0<\/span><span class=\"v1gmail-selectable-text\"><span lang=\"X-NONE\">\u00e9<\/span><\/span><span class=\"v1gmail-selectable-text\">stas no reciban ninguna sanci<\/span><span class=\"v1gmail-selectable-text\"><span lang=\"X-NONE\">\u00f3<\/span><\/span><span class=\"v1gmail-selectable-text\">n, sino s<\/span><span class=\"v1gmail-selectable-text\"><span lang=\"X-NONE\">\u00f3<\/span><\/span><span class=\"v1gmail-selectable-text\">lo que ingresen su proyectos al Sistema de Evaluaci<\/span><span class=\"v1gmail-selectable-text\"><span lang=\"X-NONE\">\u00f3n de Impacto Ambiental<\/span><\/span><span class=\"v1gmail-selectable-text\">, porque entonces estamos incentivando a los desarrolladores que hagan lo que quieran sin cumplir la ley ambiental<\/span><span class=\"v1gmail-selectable-text\">\u00bb puntualiz<\/span><span class=\"v1gmail-selectable-text\"><span lang=\"X-NONE\">\u00f3.<\/span><\/span><\/p>\n<p class=\"v1MsoNormal\" style=\"text-align: justify;\"><span class=\"v1gmail-selectable-text\">\u00abEsperamos, en paralelo, que Edelays<\/span><span class=\"v1gmail-selectable-text\"><span lang=\"X-NONE\">\u00e9n ingrese la central Los Maquis como e<\/span><\/span><span class=\"v1gmail-selectable-text\">studio de impacto ambiental y no como simple declaraci<\/span><span class=\"v1gmail-selectable-text\"><span lang=\"X-NONE\">\u00f3n, como han dado a entender que har\u00e1n<\/span><\/span><span class=\"v1gmail-selectable-text\"><span lang=\"X-NONE\">\u00bb puntualiz\u00f3.<\/span><\/span><\/p>\n<p class=\"v1MsoNormal\" style=\"text-align: justify;\"><span class=\"v1gmail-selectable-text\">Para Sof\u00eda Barrera, abogada de ONG FIMA, \u00abesta sentencia marca un gran precedente, porque no puede ser inocuo para los titulares de los proyectos el iniciar sus operaciones sin contar con la debida evaluaci\u00f3n ambiental\u00bb.<\/span><\/p>\n<p class=\"v1MsoNormal\" style=\"text-align: justify;\"><span class=\"v1gmail-selectable-text\">La especialista en derecho ambiental explic<\/span><span class=\"v1gmail-selectable-text\"><span lang=\"X-NONE\">\u00f3 que\u00a0<\/span><\/span><span class=\"v1gmail-selectable-text\">\u00abaqu\u00ed son varias cosas en las que el tribunal es contundente en su fallo.\u00a0 Por un lado, se\u00f1ala que eludir SEIA es una infracci\u00f3n que puede ser calificada como grave o grav\u00edsima, dependiendo del da\u00f1o que se genere. Segundo, que se construy\u00f3 un proyecto distinto al que fue presentado originalmente en la consulta de pertinencia al SEIA. Y, tercero, que las obras y sus impactos son permamentes\u00bb.<\/span><\/p>\n<p class=\"v1MsoNormal\" style=\"text-align: justify;\"><span class=\"v1gmail-selectable-text\">Por su parte, desde CODESA, su presidente y asesor legal de los requirentes, Erwin Sandoval, indic<\/span><span class=\"v1gmail-selectable-text\"><span lang=\"X-NONE\">\u00f3\u00a0<\/span><\/span><span class=\"v1gmail-selectable-text\">que \u00abciertamente celebramos el fallo del Tercer Tribunal Ambiental, que reconoce nuevamente las ilegalidades cometidas por la Superintendencia del Medio Ambiente al abordar las infracciones de Edelays\u00e9n en la construcci\u00f3n de su proyecto hidroel\u00e9ctrico Los Maquis\u00bb.\u00a0 Sin embargo, agreg<\/span><span class=\"v1gmail-selectable-text\"><span lang=\"X-NONE\">\u00f3 que \u00abdebemos manifestar nuestra preocupaci\u00f3n, y que nos resulta del todo incomprensible,\u00a0 que teniendo todos los antecedentes del caso, a tres a\u00f1os la SMA a\u00fan no inicie procedimiento sancionatorio en contra de esta titular de un proyecto que construy\u00f3 de manera ilegal la central hidroel\u00e9ctrica, no en cualquier territorio, sino que al interior\u00a0 de un \u00e1rea puesta bajo protecci\u00f3n oficial\u00bb.\u00a0<\/span><\/span><span class=\"v1gmail-selectable-text\"><span lang=\"X-NONE\">\u00a0<\/span><\/span><\/p>\n<p class=\"v1MsoNormal\" style=\"text-align: justify;\">A partir del fallo del Tribunal Ambiental de Valdivia la Superintendencia del Medio Ambiente debe dictar una nueva resoluci\u00f3n, debidamente fundada, donde considere los hechos del caso como antesala a un proceso sancionatorio.<\/p>\n<\/div><\/section><\/div><div  style='height:50px' class='hr hr-invisible   avia-builder-el-6  el_after_av_one_full  el_before_av_social_share '><span class='hr-inner ' ><span class='hr-inner-style'><\/span><\/span><\/div><\/p>\n<div  class='av-social-sharing-box  avia-builder-el-7  el_after_av_hr  el_before_av_hr  '><div class='av-share-box'><h5 class='av-share-link-description av-no-toc '>Compartir esta noticia<\/h5><ul class='av-share-box-list noLightbox'><li class='av-share-link av-social-link-facebook' ><a target=\"_blank\" aria-label=\"Compartir en Facebook\" href='https:\/\/www.facebook.com\/sharer.php?u=https:\/\/radiorevelacionfm.cl\/?p=27491&#038;t=Instruyen%20a%20SMA%20iniciar%20proceso%20sancionatorio%20contra%20Edelays%C3%A9n%3A%20Requirentes%20destacan%20sentencia%20del%20Tribunal%20Ambiental%20por%20central%20Los%20Maquis' aria-hidden='false' data-av_icon='\ue8f3' data-av_iconfont='entypo-fontello' title='' data-avia-related-tooltip='Compartir en Facebook' rel=\"noopener\"><span class='avia_hidden_link_text'>Compartir en Facebook<\/span><\/a><\/li><li class='av-share-link av-social-link-twitter' ><a target=\"_blank\" aria-label=\"Compartir en Twitter\" href='https:\/\/twitter.com\/share?text=Instruyen%20a%20SMA%20iniciar%20proceso%20sancionatorio%20contra%20Edelays%C3%A9n%3A%20Requirentes%20destacan%20sentencia%20del%20Tribunal%20Ambiental%20por%20central%20Los%20Maquis&#038;url=https:\/\/radiorevelacionfm.cl\/?p=27491' aria-hidden='false' data-av_icon='\ue8f1' data-av_iconfont='entypo-fontello' title='' data-avia-related-tooltip='Compartir en Twitter' rel=\"noopener\"><span class='avia_hidden_link_text'>Compartir en Twitter<\/span><\/a><\/li><li class='av-share-link av-social-link-whatsapp' ><a target=\"_blank\" aria-label=\"Compartir en Whatsapp\" href='https:\/\/api.whatsapp.com\/send?text=https:\/\/radiorevelacionfm.cl\/?p=27491' aria-hidden='false' data-av_icon='\uf232' data-av_iconfont='entypo-fontello' title='' data-avia-related-tooltip='Compartir en Whatsapp' rel=\"noopener\"><span class='avia_hidden_link_text'>Compartir en Whatsapp<\/span><\/a><\/li><li class='av-share-link av-social-link-linkedin' ><a target=\"_blank\" aria-label=\"Compartir en LinkedIn\" href='https:\/\/linkedin.com\/shareArticle?mini=true&#038;title=Instruyen%20a%20SMA%20iniciar%20proceso%20sancionatorio%20contra%20Edelays%C3%A9n%3A%20Requirentes%20destacan%20sentencia%20del%20Tribunal%20Ambiental%20por%20central%20Los%20Maquis&#038;url=https:\/\/radiorevelacionfm.cl\/?p=27491' aria-hidden='false' data-av_icon='\ue8fc' data-av_iconfont='entypo-fontello' title='' data-avia-related-tooltip='Compartir en LinkedIn' rel=\"noopener\"><span class='avia_hidden_link_text'>Compartir en LinkedIn<\/span><\/a><\/li><li class='av-share-link av-social-link-mail' ><a  aria-label=\"Compartir por correo\" href='mailto:?subject=Instruyen%20a%20SMA%20iniciar%20proceso%20sancionatorio%20contra%20Edelays%C3%A9n%3A%20Requirentes%20destacan%20sentencia%20del%20Tribunal%20Ambiental%20por%20central%20Los%20Maquis&#038;body=https:\/\/radiorevelacionfm.cl\/?p=27491' aria-hidden='false' data-av_icon='\ue805' data-av_iconfont='entypo-fontello' title='' data-avia-related-tooltip='Compartir por correo'><span class='avia_hidden_link_text'>Compartir por correo<\/span><\/a><\/li><\/ul><\/div><\/div>\n<div  style='height:50px' class='hr hr-invisible   avia-builder-el-8  el_after_av_social_share  el_before_av_comments_list '><span class='hr-inner ' ><span class='hr-inner-style'><\/span><\/span><\/div>\n<div  class='av-buildercomment  av-blog-meta-html-info-disabled av-blog-meta-tag-disabled  '><\/div>\n","protected":false},"excerpt":{"rendered":"","protected":false},"author":1,"featured_media":4206,"comment_status":"open","ping_status":"open","sticky":false,"template":"","format":"standard","meta":{"footnotes":""},"categories":[39],"tags":[],"class_list":["post-27491","post","type-post","status-publish","format-standard","has-post-thumbnail","hentry","category-medio-ambiente"],"jetpack_featured_media_url":"https:\/\/radiorevelacionfm.cl\/wp-content\/uploads\/2021\/05\/Central_LosMaquis-1-1.jpg","_links":{"self":[{"href":"https:\/\/radiorevelacionfm.cl\/index.php?rest_route=\/wp\/v2\/posts\/27491","targetHints":{"allow":["GET"]}}],"collection":[{"href":"https:\/\/radiorevelacionfm.cl\/index.php?rest_route=\/wp\/v2\/posts"}],"about":[{"href":"https:\/\/radiorevelacionfm.cl\/index.php?rest_route=\/wp\/v2\/types\/post"}],"author":[{"embeddable":true,"href":"https:\/\/radiorevelacionfm.cl\/index.php?rest_route=\/wp\/v2\/users\/1"}],"replies":[{"embeddable":true,"href":"https:\/\/radiorevelacionfm.cl\/index.php?rest_route=%2Fwp%2Fv2%2Fcomments&post=27491"}],"version-history":[{"count":2,"href":"https:\/\/radiorevelacionfm.cl\/index.php?rest_route=\/wp\/v2\/posts\/27491\/revisions"}],"predecessor-version":[{"id":27501,"href":"https:\/\/radiorevelacionfm.cl\/index.php?rest_route=\/wp\/v2\/posts\/27491\/revisions\/27501"}],"wp:featuredmedia":[{"embeddable":true,"href":"https:\/\/radiorevelacionfm.cl\/index.php?rest_route=\/wp\/v2\/media\/4206"}],"wp:attachment":[{"href":"https:\/\/radiorevelacionfm.cl\/index.php?rest_route=%2Fwp%2Fv2%2Fmedia&parent=27491"}],"wp:term":[{"taxonomy":"category","embeddable":true,"href":"https:\/\/radiorevelacionfm.cl\/index.php?rest_route=%2Fwp%2Fv2%2Fcategories&post=27491"},{"taxonomy":"post_tag","embeddable":true,"href":"https:\/\/radiorevelacionfm.cl\/index.php?rest_route=%2Fwp%2Fv2%2Ftags&post=27491"}],"curies":[{"name":"wp","href":"https:\/\/api.w.org\/{rel}","templated":true}]}}