{"id":27487,"date":"2023-02-05T15:13:55","date_gmt":"2023-02-05T18:13:55","guid":{"rendered":"https:\/\/radiorevelacionfm.cl\/?p=27487"},"modified":"2023-02-05T15:13:55","modified_gmt":"2023-02-05T18:13:55","slug":"gobernadora-andrea-macias-es-nombrada-embajadora-de-la-decada-de-las-mujeres-rurales-y-expondra-en-la-onu","status":"publish","type":"post","link":"https:\/\/radiorevelacionfm.cl\/?p=27487","title":{"rendered":"Gobernadora Andrea Mac\u00edas es nombrada embajadora de la D\u00e9cada de las Mujeres Rurales y expondr\u00e1 en la ONU"},"content":{"rendered":"<div class=\"flex_column av_one_full  flex_column_div av-zero-column-padding first  avia-builder-el-0  el_before_av_one_full  avia-builder-el-first  \" style='border-radius:0px; '><div  class='avia-image-container  av-styling-    avia-builder-el-1  avia-builder-el-no-sibling  avia-align-center '  itemprop=\"image\" itemscope=\"itemscope\" itemtype=\"https:\/\/schema.org\/ImageObject\"  ><div class='avia-image-container-inner'><div class='avia-image-overlay-wrap'><img decoding=\"async\" class='wp-image-27488 avia-img-lazy-loading-not-27488 avia_image' src=\"https:\/\/radiorevelacionfm.cl\/wp-content\/uploads\/2023\/02\/1-66-1-1.jpeg\" alt='' title='1 (66) (1) (1)' height=\"600\" width=\"901\"  itemprop=\"thumbnailUrl\" srcset=\"https:\/\/radiorevelacionfm.cl\/wp-content\/uploads\/2023\/02\/1-66-1-1.jpeg 901w, https:\/\/radiorevelacionfm.cl\/wp-content\/uploads\/2023\/02\/1-66-1-1-300x200.jpeg 300w, https:\/\/radiorevelacionfm.cl\/wp-content\/uploads\/2023\/02\/1-66-1-1-768x511.jpeg 768w, https:\/\/radiorevelacionfm.cl\/wp-content\/uploads\/2023\/02\/1-66-1-1-705x469.jpeg 705w, https:\/\/radiorevelacionfm.cl\/wp-content\/uploads\/2023\/02\/1-66-1-1-600x400.jpeg 600w\" sizes=\"(max-width: 901px) 100vw, 901px\" \/><\/div><\/div><\/div><\/div><div class=\"flex_column av_one_full  flex_column_div av-zero-column-padding first  avia-builder-el-2  el_after_av_one_full  el_before_av_one_full  column-top-margin\" style='border-radius:0px; '><section class=\"av_textblock_section \"  itemscope=\"itemscope\" itemtype=\"https:\/\/schema.org\/BlogPosting\" itemprop=\"blogPost\" ><div class='avia_textblock  '   itemprop=\"text\" ><p style=\"text-align: center;\"><strong><span style=\"font-size: 18pt;\">Gobernadora Andrea Mac\u00edas es nombrada embajadora de la D\u00e9cada de las Mujeres Rurales y expondr\u00e1 en la ONU<\/span><\/strong><\/p>\n<div id=\"gtx-trans\" style=\"position: absolute; left: -50px; top: 4.31534px;\">\n<div class=\"gtx-trans-icon\"><\/div>\n<\/div>\n<\/div><\/section><\/div><div class=\"flex_column av_one_full  flex_column_div av-zero-column-padding first  avia-builder-el-4  el_after_av_one_full  el_before_av_hr  column-top-margin\" style='border-radius:0px; '><section class=\"av_textblock_section \"  itemscope=\"itemscope\" itemtype=\"https:\/\/schema.org\/BlogPosting\" itemprop=\"blogPost\" ><div class='avia_textblock  '   itemprop=\"text\" ><p dir=\"ltr\" style=\"text-align: justify;\">En el marco del inicio de la \u00abD\u00e9cada de las Mujeres Rurales\u00bb, hito celebrado por la Red Latinoamericana y del Caribe de Mujeres Rurales (REDLAC), la Gobernadora Regional de Ays\u00e9n, Andrea Mac\u00edas Palma, fue invitada por la organizaci\u00f3n internacional para convertirse en embajadora y representante chilena de este proceso, que tiene como objetivo la b\u00fasqueda de una a \u00abDeclaraci\u00f3n Oficial\u00bb por parte de tomadoras y tomadores de decisiones, a nivel regional y mundial.<\/p>\n<p dir=\"ltr\" style=\"text-align: justify;\">La REDLAC fue fundada en San Bernardo, Argentina, en el a\u00f1o 1990, y est\u00e1 integrada por m\u00e1s de 200 organizaciones de mujeres rurales de: Argentina, Belice, Bolivia, Brasil, Cuba, Costa Rica, Colombia, Chile, Guatemala, Rep\u00fablica Dominicana, Ecuador, Honduras, M\u00e9xico, Nicaragua, Panam\u00e1, Paraguay, Per\u00fa y Uruguay.<\/p>\n<p dir=\"ltr\" style=\"text-align: justify;\">Con motivo de la celebraci\u00f3n\u00a0 del D\u00eda Internacional de las Mujeres Rurales, la asociaci\u00f3n latinoamericana dio inicio a la \u00abD\u00e9cada de las Mujeres Rurales: Sembrando, Cultivando y Cosechando Igualdad\u00bb, y con ello se resolvi\u00f3 la designaci\u00f3n de embajadoras como personas clave de este importante proceso, donde se releva la soberan\u00eda alimentaria,\u00a0 el empoderamiento, la participaci\u00f3n ciudadana de las mujeres rurales frente a la crisis pand\u00e9mica Covid-19 y la implementaci\u00f3n de pol\u00edticas p\u00fablicas con enfoque de g\u00e9nero y ruralidad, para eliminar la pobreza y las brechas de g\u00e9nero en zonas rurales.<\/p>\n<p dir=\"ltr\" style=\"text-align: justify;\">\u00abLa nominaci\u00f3n como embajadora de la D\u00e9cada de las Mujeres Rurales, que hemos emitido v\u00eda oficio a la se\u00f1ora Andrea Mac\u00edas, Gobernadora de la Regi\u00f3n de Ays\u00e9n, corresponde a un proceso que lo venimos llevando a cabo desde 2012 de manera abierta y p\u00fablica como pronunciamiento de las mujeres rurales de Latinoam\u00e9rica y El Caribe (&#8230;) es una mujer que est\u00e1 haciendo una gesti\u00f3n con rostro y coraz\u00f3n, en homenaje a las mujeres rurales de Chile y de Latinoam\u00e9rica. Felicitamos esa voluntad humana, t\u00e9cnica y pol\u00edtica de la se\u00f1ora Gobernadora, y nos sentimos honradas que haya aceptado nuestra petici\u00f3n\u00bb, expres\u00f3 la secretaria ejecutiva de la Red Latinoamericana y del Caribe de Mujeres Rurales, Luz Haro.<\/p>\n<p dir=\"ltr\" style=\"text-align: justify;\">En este contexto, la Gobernadora Regional de Ays\u00e9n fue invitada a la sede de la Organizaci\u00f3n de las Naciones Unidas (ONU) durante la segunda semana de marzo de 2023, donde participar\u00e1 como expositora y como miembro de la Comitiva Oficial de Chile de la CSW67 (67th Session of the Commission on the Status of Woman).<\/p>\n<p dir=\"ltr\" style=\"text-align: justify;\">\u00abEs un honor representar a las mujeres rurales de la Regi\u00f3n de Ays\u00e9n y de todo Chile finalmente, en una instancia tan importante para compartir experiencias con mujeres de todo el continente y as\u00ed potenciar nuestro trabajo para acabar con la violencia y las brechas de g\u00e9nero en la ruralidad. Con encuentros como estos avanzamos en un cambio de paradigma, algo que buscamos desde hace muchos a\u00f1os, pero donde a\u00fan hay un largo camino que recorrer, y en eso tenemos que reconocer tambi\u00e9n el trabajo de las grandes mujeres que nos antecedieron en esta lucha y que labraron esta ruta que hoy continuamos\u00bb, se\u00f1al\u00f3 la Gobernadora Regional Andrea Mac\u00edas Palma.<\/p>\n<p dir=\"ltr\" style=\"text-align: justify;\"><strong>Encuentro en la Regi\u00f3n de Ays\u00e9n<\/strong><\/p>\n<p dir=\"ltr\" style=\"text-align: justify;\">En medio del aniversario se eligi\u00f3 a Chile como el pa\u00eds sede del quinto Encuentro de Mujeres Rurales de Latinoam\u00e9rica y El Caribe (V ENLAC). Este evento se realizar\u00e1 en la Regi\u00f3n de Ays\u00e9n, en la ciudad de Coyhaique, desde el 24 al 28 de abril de 2023. La Reuni\u00f3n ser\u00e1 organizada por el Gobierno Regional de Ays\u00e9n, la Universidad de Ays\u00e9n, Sernatur, la Fundaci\u00f3n para la Superaci\u00f3n de la Pobreza, la A.G. Mujeres Campesinas de la Regi\u00f3n de Ays\u00e9n y por la Municipalidad de Coyhaique.<\/p>\n<p dir=\"ltr\" style=\"text-align: justify;\">Durante la semana, se abordar\u00e1n las siguientes tem\u00e1ticas: i) Tierra, Producci\u00f3n, Trabajo y Turismo Rural; ii) Agua, Nacimiento, Vida y Muerte; iii) Violencia y Derechos; iv) Participaci\u00f3n Ciudadana y Pol\u00edtica de las Mujeres Rurales; v) Comunicaci\u00f3n Comunitaria y Tecnolog\u00edas de la informaci\u00f3n y de la Comunicaci\u00f3n (TIC); vi) Medio Ambiente y Cambio Clim\u00e1tico.<\/p>\n<p dir=\"ltr\" style=\"text-align: justify;\">La metodolog\u00eda del encuentro considera para cada uno de estos temas una conferencia magistral otorgada por personas de trayectoria acad\u00e9mica. El evento tambi\u00e9n considera un espacio denominado \u00abEncuentro de Culturas\u00bb, donde se busca fomentar la integraci\u00f3n, socializaci\u00f3n e intercambio entre las participantes de los distintos pa\u00edses. Se contempla la realizaci\u00f3n de una feria relacionada con turismo rural, comercializaci\u00f3n, arte y cultura de forma de potenciar \u00e1reas culturales, productivas e identitarias para las mujeres rurales.<\/p>\n<\/div><\/section><\/div><div  style='height:50px' class='hr hr-invisible   avia-builder-el-6  el_after_av_one_full  el_before_av_social_share '><span class='hr-inner ' ><span class='hr-inner-style'><\/span><\/span><\/div><\/p>\n<div  class='av-social-sharing-box  avia-builder-el-7  el_after_av_hr  el_before_av_hr  '><div class='av-share-box'><h5 class='av-share-link-description av-no-toc '>Compartir esta noticia<\/h5><ul class='av-share-box-list noLightbox'><li class='av-share-link av-social-link-facebook' ><a target=\"_blank\" aria-label=\"Compartir en Facebook\" href='https:\/\/www.facebook.com\/sharer.php?u=https:\/\/radiorevelacionfm.cl\/?p=27487&#038;t=Gobernadora%20Andrea%20Mac%C3%ADas%20es%20nombrada%20embajadora%20de%20la%20D%C3%A9cada%20de%20las%20Mujeres%20Rurales%20y%20expondr%C3%A1%20en%20la%20ONU' aria-hidden='false' data-av_icon='\ue8f3' data-av_iconfont='entypo-fontello' title='' data-avia-related-tooltip='Compartir en Facebook' rel=\"noopener\"><span class='avia_hidden_link_text'>Compartir en Facebook<\/span><\/a><\/li><li class='av-share-link av-social-link-twitter' ><a target=\"_blank\" aria-label=\"Compartir en Twitter\" href='https:\/\/twitter.com\/share?text=Gobernadora%20Andrea%20Mac%C3%ADas%20es%20nombrada%20embajadora%20de%20la%20D%C3%A9cada%20de%20las%20Mujeres%20Rurales%20y%20expondr%C3%A1%20en%20la%20ONU&#038;url=https:\/\/radiorevelacionfm.cl\/?p=27487' aria-hidden='false' data-av_icon='\ue8f1' data-av_iconfont='entypo-fontello' title='' data-avia-related-tooltip='Compartir en Twitter' rel=\"noopener\"><span class='avia_hidden_link_text'>Compartir en Twitter<\/span><\/a><\/li><li class='av-share-link av-social-link-whatsapp' ><a target=\"_blank\" aria-label=\"Compartir en Whatsapp\" href='https:\/\/api.whatsapp.com\/send?text=https:\/\/radiorevelacionfm.cl\/?p=27487' aria-hidden='false' data-av_icon='\uf232' data-av_iconfont='entypo-fontello' title='' data-avia-related-tooltip='Compartir en Whatsapp' rel=\"noopener\"><span class='avia_hidden_link_text'>Compartir en Whatsapp<\/span><\/a><\/li><li class='av-share-link av-social-link-linkedin' ><a target=\"_blank\" aria-label=\"Compartir en LinkedIn\" href='https:\/\/linkedin.com\/shareArticle?mini=true&#038;title=Gobernadora%20Andrea%20Mac%C3%ADas%20es%20nombrada%20embajadora%20de%20la%20D%C3%A9cada%20de%20las%20Mujeres%20Rurales%20y%20expondr%C3%A1%20en%20la%20ONU&#038;url=https:\/\/radiorevelacionfm.cl\/?p=27487' aria-hidden='false' data-av_icon='\ue8fc' data-av_iconfont='entypo-fontello' title='' data-avia-related-tooltip='Compartir en LinkedIn' rel=\"noopener\"><span class='avia_hidden_link_text'>Compartir en LinkedIn<\/span><\/a><\/li><li class='av-share-link av-social-link-mail' ><a  aria-label=\"Compartir por correo\" href='mailto:?subject=Gobernadora%20Andrea%20Mac%C3%ADas%20es%20nombrada%20embajadora%20de%20la%20D%C3%A9cada%20de%20las%20Mujeres%20Rurales%20y%20expondr%C3%A1%20en%20la%20ONU&#038;body=https:\/\/radiorevelacionfm.cl\/?p=27487' aria-hidden='false' data-av_icon='\ue805' data-av_iconfont='entypo-fontello' title='' data-avia-related-tooltip='Compartir por correo'><span class='avia_hidden_link_text'>Compartir por correo<\/span><\/a><\/li><\/ul><\/div><\/div>\n<div  style='height:50px' class='hr hr-invisible   avia-builder-el-8  el_after_av_social_share  el_before_av_comments_list '><span class='hr-inner ' ><span class='hr-inner-style'><\/span><\/span><\/div>\n<div  class='av-buildercomment  av-blog-meta-html-info-disabled av-blog-meta-tag-disabled  '><\/div>\n","protected":false},"excerpt":{"rendered":"","protected":false},"author":1,"featured_media":27488,"comment_status":"open","ping_status":"open","sticky":false,"template":"","format":"standard","meta":{"footnotes":""},"categories":[38],"tags":[],"class_list":["post-27487","post","type-post","status-publish","format-standard","has-post-thumbnail","hentry","category-regional"],"jetpack_featured_media_url":"https:\/\/radiorevelacionfm.cl\/wp-content\/uploads\/2023\/02\/1-66-1-1.jpeg","_links":{"self":[{"href":"https:\/\/radiorevelacionfm.cl\/index.php?rest_route=\/wp\/v2\/posts\/27487","targetHints":{"allow":["GET"]}}],"collection":[{"href":"https:\/\/radiorevelacionfm.cl\/index.php?rest_route=\/wp\/v2\/posts"}],"about":[{"href":"https:\/\/radiorevelacionfm.cl\/index.php?rest_route=\/wp\/v2\/types\/post"}],"author":[{"embeddable":true,"href":"https:\/\/radiorevelacionfm.cl\/index.php?rest_route=\/wp\/v2\/users\/1"}],"replies":[{"embeddable":true,"href":"https:\/\/radiorevelacionfm.cl\/index.php?rest_route=%2Fwp%2Fv2%2Fcomments&post=27487"}],"version-history":[{"count":2,"href":"https:\/\/radiorevelacionfm.cl\/index.php?rest_route=\/wp\/v2\/posts\/27487\/revisions"}],"predecessor-version":[{"id":27490,"href":"https:\/\/radiorevelacionfm.cl\/index.php?rest_route=\/wp\/v2\/posts\/27487\/revisions\/27490"}],"wp:featuredmedia":[{"embeddable":true,"href":"https:\/\/radiorevelacionfm.cl\/index.php?rest_route=\/wp\/v2\/media\/27488"}],"wp:attachment":[{"href":"https:\/\/radiorevelacionfm.cl\/index.php?rest_route=%2Fwp%2Fv2%2Fmedia&parent=27487"}],"wp:term":[{"taxonomy":"category","embeddable":true,"href":"https:\/\/radiorevelacionfm.cl\/index.php?rest_route=%2Fwp%2Fv2%2Fcategories&post=27487"},{"taxonomy":"post_tag","embeddable":true,"href":"https:\/\/radiorevelacionfm.cl\/index.php?rest_route=%2Fwp%2Fv2%2Ftags&post=27487"}],"curies":[{"name":"wp","href":"https:\/\/api.w.org\/{rel}","templated":true}]}}