{"id":27484,"date":"2023-02-05T14:51:27","date_gmt":"2023-02-05T17:51:27","guid":{"rendered":"https:\/\/radiorevelacionfm.cl\/?p=27484"},"modified":"2023-02-05T14:51:27","modified_gmt":"2023-02-05T17:51:27","slug":"melinka-vivira-la-fiesta-del-archipielago-en-el-marco-de-un-nuevo-aniversario","status":"publish","type":"post","link":"https:\/\/radiorevelacionfm.cl\/?p=27484","title":{"rendered":"Melinka vivir\u00e1 la \u00abFiesta del Archipi\u00e9lago\u00bb en el marco de un nuevo aniversario"},"content":{"rendered":"<div class=\"flex_column av_one_full  flex_column_div av-zero-column-padding first  avia-builder-el-0  el_before_av_one_full  avia-builder-el-first  \" style='border-radius:0px; '><div  class='avia-image-container  av-styling-    avia-builder-el-1  avia-builder-el-no-sibling  avia-align-center '  itemprop=\"image\" itemscope=\"itemscope\" itemtype=\"https:\/\/schema.org\/ImageObject\"  ><div class='avia-image-container-inner'><div class='avia-image-overlay-wrap'><img decoding=\"async\" class='wp-image-23804 avia-img-lazy-loading-not-23804 avia_image' src=\"https:\/\/radiorevelacionfm.cl\/wp-content\/uploads\/2022\/11\/melinka-new-1-1.jpg\" alt='' title='melinka new (1) (1)' height=\"600\" width=\"1068\"  itemprop=\"thumbnailUrl\" srcset=\"https:\/\/radiorevelacionfm.cl\/wp-content\/uploads\/2022\/11\/melinka-new-1-1.jpg 1068w, https:\/\/radiorevelacionfm.cl\/wp-content\/uploads\/2022\/11\/melinka-new-1-1-300x169.jpg 300w, https:\/\/radiorevelacionfm.cl\/wp-content\/uploads\/2022\/11\/melinka-new-1-1-1030x579.jpg 1030w, https:\/\/radiorevelacionfm.cl\/wp-content\/uploads\/2022\/11\/melinka-new-1-1-768x431.jpg 768w, https:\/\/radiorevelacionfm.cl\/wp-content\/uploads\/2022\/11\/melinka-new-1-1-705x396.jpg 705w, https:\/\/radiorevelacionfm.cl\/wp-content\/uploads\/2022\/11\/melinka-new-1-1-600x337.jpg 600w\" sizes=\"(max-width: 1068px) 100vw, 1068px\" \/><\/div><\/div><\/div><\/div><div class=\"flex_column av_one_full  flex_column_div av-zero-column-padding first  avia-builder-el-2  el_after_av_one_full  el_before_av_one_full  column-top-margin\" style='border-radius:0px; '><section class=\"av_textblock_section \"  itemscope=\"itemscope\" itemtype=\"https:\/\/schema.org\/BlogPosting\" itemprop=\"blogPost\" ><div class='avia_textblock  '   itemprop=\"text\" ><p style=\"text-align: center;\"><strong><span style=\"font-size: 18pt;\">Melinka vivir\u00e1 la \u00abFiesta del Archipi\u00e9lago\u00bb en el marco de un nuevo aniversario<\/span><\/strong><\/p>\n<div id=\"gtx-trans\" style=\"position: absolute; left: -50px; top: 4.31534px;\">\n<div class=\"gtx-trans-icon\"><\/div>\n<\/div>\n<\/div><\/section><\/div><div class=\"flex_column av_one_full  flex_column_div av-zero-column-padding first  avia-builder-el-4  el_after_av_one_full  el_before_av_hr  column-top-margin\" style='border-radius:0px; '><section class=\"av_textblock_section \"  itemscope=\"itemscope\" itemtype=\"https:\/\/schema.org\/BlogPosting\" itemprop=\"blogPost\" ><div class='avia_textblock  '   itemprop=\"text\" ><p style=\"text-align: justify;\">Desde el 7 al 18 de febrero el municipio de Guaitecas organizar\u00e1 una serie de actividades en el marco de la Semana Melinkana 2023 que tambi\u00e9n se denominar\u00e1 Fiesta del Archipi\u00e9lago, pues tambi\u00e9n habr\u00e1 actividades en la comunidad de Repollal.<\/p>\n<p style=\"text-align: justify;\">La idea de la Municipalidad de Guaitecas es que se trate de una fiesta comunitaria, en la que los vecinos se sumen a las diversas actividades que se est\u00e1n organizando y se han calendarizado, por lo cual habr\u00e1 competencias entre sectores de la comuna para buscar que sus respectivos candidatos a reyes sean coronados al terminar las festividades.<\/p>\n<p style=\"text-align: justify;\">Melinka es el asentamiento m\u00e1s antiguo de la Regi\u00f3n de Ays\u00e9n y fue fundado el 15 de febrero de 1860, es decir se cumplir\u00e1n 163 a\u00f1os de historia junto al gran archipi\u00e9lago.<\/p>\n<h4 style=\"text-align: justify;\"><strong>Un encuentro comunitario<\/strong><\/h4>\n<p style=\"text-align: justify;\">En el encuentro habr\u00e1 actividades n\u00e1uticas, competencias deportivas y fiestas costumbristas, en la que los visitantes, turistas y los vecinos podr\u00e1n disfrutar del folclor local y principalmente de la gastronom\u00eda que se les ofrecer\u00e1.<\/p>\n<p style=\"text-align: justify;\">El alcalde de Guaitecas, Marcos Silva, dijo que hay mucha expectativa en torno a estas tradicionales actividades veraniegas de la comuna, que, como muchas otras, debieron suspenderse producto de la pandemia.<\/p>\n<p style=\"text-align: justify;\">\u201cDemostremos tambi\u00e9n a quienes nos visitan que somos una comuna preocupada por nuestras ra\u00edces, de estas fiestas costumbristas, que no pudimos hacer en tiempos de pandemia, entonces ahora volvemos con todo para disfrutar y pasarlo bien\u201d, dijo Marcos Silva.<\/p>\n<p style=\"text-align: justify;\">La autoridad comunal indic\u00f3 que tambi\u00e9n habr\u00e1 actividades en Repollal, que contar\u00e1 con nuevos stands gracias a la colaboraci\u00f3n que el municipio brind\u00f3 a esa comunidad para organizar sus actividades costumbristas.<\/p>\n<p style=\"text-align: justify;\">\u201cEn Repollal Alto parten con su fiesta costumbrista y nosotros, gracias a un acuerdo del concejo, se dispuso de planchas de zinc, de material \u00e1rido y arena para que hagan sus nuevos locales y que est\u00e9n en mejores condiciones\u201d, dijo finalmente el alcalde.<\/p>\n<\/div><\/section><\/div><div  style='height:50px' class='hr hr-invisible   avia-builder-el-6  el_after_av_one_full  el_before_av_social_share '><span class='hr-inner ' ><span class='hr-inner-style'><\/span><\/span><\/div><\/p>\n<div  class='av-social-sharing-box  avia-builder-el-7  el_after_av_hr  el_before_av_hr  '><div class='av-share-box'><h5 class='av-share-link-description av-no-toc '>Compartir esta noticia<\/h5><ul class='av-share-box-list noLightbox'><li class='av-share-link av-social-link-facebook' ><a target=\"_blank\" aria-label=\"Compartir en Facebook\" href='https:\/\/www.facebook.com\/sharer.php?u=https:\/\/radiorevelacionfm.cl\/?p=27484&#038;t=Melinka%20vivir%C3%A1%20la%20%C2%ABFiesta%20del%20Archipi%C3%A9lago%C2%BB%20en%20el%20marco%20de%20un%20nuevo%20aniversario' aria-hidden='false' data-av_icon='\ue8f3' data-av_iconfont='entypo-fontello' title='' data-avia-related-tooltip='Compartir en Facebook' rel=\"noopener\"><span class='avia_hidden_link_text'>Compartir en Facebook<\/span><\/a><\/li><li class='av-share-link av-social-link-twitter' ><a target=\"_blank\" aria-label=\"Compartir en Twitter\" href='https:\/\/twitter.com\/share?text=Melinka%20vivir%C3%A1%20la%20%C2%ABFiesta%20del%20Archipi%C3%A9lago%C2%BB%20en%20el%20marco%20de%20un%20nuevo%20aniversario&#038;url=https:\/\/radiorevelacionfm.cl\/?p=27484' aria-hidden='false' data-av_icon='\ue8f1' data-av_iconfont='entypo-fontello' title='' data-avia-related-tooltip='Compartir en Twitter' rel=\"noopener\"><span class='avia_hidden_link_text'>Compartir en Twitter<\/span><\/a><\/li><li class='av-share-link av-social-link-whatsapp' ><a target=\"_blank\" aria-label=\"Compartir en Whatsapp\" href='https:\/\/api.whatsapp.com\/send?text=https:\/\/radiorevelacionfm.cl\/?p=27484' aria-hidden='false' data-av_icon='\uf232' data-av_iconfont='entypo-fontello' title='' data-avia-related-tooltip='Compartir en Whatsapp' rel=\"noopener\"><span class='avia_hidden_link_text'>Compartir en Whatsapp<\/span><\/a><\/li><li class='av-share-link av-social-link-linkedin' ><a target=\"_blank\" aria-label=\"Compartir en LinkedIn\" href='https:\/\/linkedin.com\/shareArticle?mini=true&#038;title=Melinka%20vivir%C3%A1%20la%20%C2%ABFiesta%20del%20Archipi%C3%A9lago%C2%BB%20en%20el%20marco%20de%20un%20nuevo%20aniversario&#038;url=https:\/\/radiorevelacionfm.cl\/?p=27484' aria-hidden='false' data-av_icon='\ue8fc' data-av_iconfont='entypo-fontello' title='' data-avia-related-tooltip='Compartir en LinkedIn' rel=\"noopener\"><span class='avia_hidden_link_text'>Compartir en LinkedIn<\/span><\/a><\/li><li class='av-share-link av-social-link-mail' ><a  aria-label=\"Compartir por correo\" href='mailto:?subject=Melinka%20vivir%C3%A1%20la%20%C2%ABFiesta%20del%20Archipi%C3%A9lago%C2%BB%20en%20el%20marco%20de%20un%20nuevo%20aniversario&#038;body=https:\/\/radiorevelacionfm.cl\/?p=27484' aria-hidden='false' data-av_icon='\ue805' data-av_iconfont='entypo-fontello' title='' data-avia-related-tooltip='Compartir por correo'><span class='avia_hidden_link_text'>Compartir por correo<\/span><\/a><\/li><\/ul><\/div><\/div>\n<div  style='height:50px' class='hr hr-invisible   avia-builder-el-8  el_after_av_social_share  el_before_av_comments_list '><span class='hr-inner ' ><span class='hr-inner-style'><\/span><\/span><\/div>\n<div  class='av-buildercomment  av-blog-meta-html-info-disabled av-blog-meta-tag-disabled  '><\/div>\n","protected":false},"excerpt":{"rendered":"","protected":false},"author":1,"featured_media":23804,"comment_status":"open","ping_status":"open","sticky":false,"template":"","format":"standard","meta":{"footnotes":""},"categories":[38],"tags":[],"class_list":["post-27484","post","type-post","status-publish","format-standard","has-post-thumbnail","hentry","category-regional"],"jetpack_featured_media_url":"https:\/\/radiorevelacionfm.cl\/wp-content\/uploads\/2022\/11\/melinka-new-1-1.jpg","_links":{"self":[{"href":"https:\/\/radiorevelacionfm.cl\/index.php?rest_route=\/wp\/v2\/posts\/27484","targetHints":{"allow":["GET"]}}],"collection":[{"href":"https:\/\/radiorevelacionfm.cl\/index.php?rest_route=\/wp\/v2\/posts"}],"about":[{"href":"https:\/\/radiorevelacionfm.cl\/index.php?rest_route=\/wp\/v2\/types\/post"}],"author":[{"embeddable":true,"href":"https:\/\/radiorevelacionfm.cl\/index.php?rest_route=\/wp\/v2\/users\/1"}],"replies":[{"embeddable":true,"href":"https:\/\/radiorevelacionfm.cl\/index.php?rest_route=%2Fwp%2Fv2%2Fcomments&post=27484"}],"version-history":[{"count":2,"href":"https:\/\/radiorevelacionfm.cl\/index.php?rest_route=\/wp\/v2\/posts\/27484\/revisions"}],"predecessor-version":[{"id":27486,"href":"https:\/\/radiorevelacionfm.cl\/index.php?rest_route=\/wp\/v2\/posts\/27484\/revisions\/27486"}],"wp:featuredmedia":[{"embeddable":true,"href":"https:\/\/radiorevelacionfm.cl\/index.php?rest_route=\/wp\/v2\/media\/23804"}],"wp:attachment":[{"href":"https:\/\/radiorevelacionfm.cl\/index.php?rest_route=%2Fwp%2Fv2%2Fmedia&parent=27484"}],"wp:term":[{"taxonomy":"category","embeddable":true,"href":"https:\/\/radiorevelacionfm.cl\/index.php?rest_route=%2Fwp%2Fv2%2Fcategories&post=27484"},{"taxonomy":"post_tag","embeddable":true,"href":"https:\/\/radiorevelacionfm.cl\/index.php?rest_route=%2Fwp%2Fv2%2Ftags&post=27484"}],"curies":[{"name":"wp","href":"https:\/\/api.w.org\/{rel}","templated":true}]}}