{"id":27479,"date":"2023-02-05T13:19:02","date_gmt":"2023-02-05T16:19:02","guid":{"rendered":"https:\/\/radiorevelacionfm.cl\/?p=27479"},"modified":"2023-02-05T13:21:05","modified_gmt":"2023-02-05T16:21:05","slug":"destinaran-mas-de-270-millones-para-desarrollo-del-rubro-hortofruticola-en-aysen","status":"publish","type":"post","link":"https:\/\/radiorevelacionfm.cl\/?p=27479","title":{"rendered":"Destinar\u00e1n m\u00e1s de 270 millones para desarrollo del rubro hortofrut\u00edcola en Ays\u00e9n"},"content":{"rendered":"<div class=\"flex_column av_one_full  flex_column_div av-zero-column-padding first  avia-builder-el-0  el_before_av_one_full  avia-builder-el-first  \" style='border-radius:0px; '><div  class='avia-image-container  av-styling-    avia-builder-el-1  avia-builder-el-no-sibling  avia-align-center '  itemprop=\"image\" itemscope=\"itemscope\" itemtype=\"https:\/\/schema.org\/ImageObject\"  ><div class='avia-image-container-inner'><div class='avia-image-overlay-wrap'><img decoding=\"async\" class='wp-image-27480 avia-img-lazy-loading-not-27480 avia_image' src=\"https:\/\/radiorevelacionfm.cl\/wp-content\/uploads\/2023\/02\/concurso-coyha-1-1.jpeg\" alt='' title='concurso coyha (1) (1)' height=\"600\" width=\"899\"  itemprop=\"thumbnailUrl\" srcset=\"https:\/\/radiorevelacionfm.cl\/wp-content\/uploads\/2023\/02\/concurso-coyha-1-1.jpeg 899w, https:\/\/radiorevelacionfm.cl\/wp-content\/uploads\/2023\/02\/concurso-coyha-1-1-300x200.jpeg 300w, https:\/\/radiorevelacionfm.cl\/wp-content\/uploads\/2023\/02\/concurso-coyha-1-1-768x513.jpeg 768w, https:\/\/radiorevelacionfm.cl\/wp-content\/uploads\/2023\/02\/concurso-coyha-1-1-705x471.jpeg 705w, https:\/\/radiorevelacionfm.cl\/wp-content\/uploads\/2023\/02\/concurso-coyha-1-1-600x400.jpeg 600w\" sizes=\"(max-width: 899px) 100vw, 899px\" \/><\/div><\/div><\/div><\/div>\n<div class=\"flex_column av_one_full  flex_column_div av-zero-column-padding first  avia-builder-el-2  el_after_av_one_full  el_before_av_one_full  column-top-margin\" style='border-radius:0px; '><section class=\"av_textblock_section \"  itemscope=\"itemscope\" itemtype=\"https:\/\/schema.org\/BlogPosting\" itemprop=\"blogPost\" ><div class='avia_textblock  '   itemprop=\"text\" ><p style=\"text-align: center;\"><strong><span style=\"font-size: 18pt;\">Destinar\u00e1n m\u00e1s de 270 millones para desarrollo del rubro hortofrut\u00edcola en Ays\u00e9n <\/span><\/strong><\/p>\n<div id=\"gtx-trans\" style=\"position: absolute; left: -50px; top: 4.31534px;\">\n<div class=\"gtx-trans-icon\"><\/div>\n<\/div>\n<\/div><\/section><\/div>\n<div class=\"flex_column av_one_full  flex_column_div av-zero-column-padding first  avia-builder-el-4  el_after_av_one_full  el_before_av_hr  column-top-margin\" style='border-radius:0px; '><section class=\"av_textblock_section \"  itemscope=\"itemscope\" itemtype=\"https:\/\/schema.org\/BlogPosting\" itemprop=\"blogPost\" ><div class='avia_textblock  '   itemprop=\"text\" ><p style=\"text-align: justify;\">La iniciativa es impulsada por la seremi de Agricultura, Gobierno Regional de Ays\u00e9n, FIA e INDAP, con el objetivo de fomentar la innovaci\u00f3n y potenciar el desarrollo del rubro en la regi\u00f3n.<\/p>\n<p class=\"v1MsoNormal\" style=\"text-align: justify;\">Con una inversi\u00f3n que supera los 270 millones de pesos y hasta el viernes 03 de marzo estar\u00e1 abierta la convocatoria del Programa \u00abTransferencia y Fortalecimiento a la Inversi\u00f3n para el Rubro Hortofrut\u00edcola\u00bb, que desarrolla la secretar\u00eda regional ministerial de Agricultura con recursos del Gobierno Regional, y con el apoyo de la Fundaci\u00f3n para la Innovaci\u00f3n Agraria (FIA) e INDAP.<\/p>\n<p class=\"v1MsoNormal\" style=\"text-align: justify;\">El seremi de Agricultura, Alan Espinoza Ortiz, se\u00f1al\u00f3 que la convocatoria se basa en la innovaci\u00f3n, como una forma de encontrar soluciones de problemas y abordar las oportunidades del sector, a trav\u00e9s de iniciativas que impliquen mejorar los procesos de cultivos, otorgar valor agregado e incorporar nuevas tecnolog\u00edas.<\/p>\n<p class=\"v1MsoNormal\" style=\"text-align: justify;\">\u00abTenemos una importante brecha y desaf\u00edo de avanzar hacia la soberan\u00eda alimentaria, por lo cual, en conjunto con los productores\/as, debemos ver m\u00e9todos para mejorar nuestra cadena de producci\u00f3n y comercializaci\u00f3n. Por ello, invitamos a conocer este concurso que busca apoyar la innovaci\u00f3n como base para avanzar en este desaf\u00edo\u00bb, indic\u00f3 el Seremi.<\/p>\n<p class=\"v1MsoNormal\" style=\"text-align: justify;\">La convocatoria financiar\u00e1 proyectos de hasta 10 millones de pesos, aportando hasta el 95% de la iniciativa, mientras que el porcentaje restante debe ser entregado por el beneficiario\/a, considerando gastos de equipamiento, infraestructura, entre otros insumos, propios de la iniciativa postulada.<\/p>\n<p class=\"v1MsoNormal\" style=\"text-align: justify;\">En esta l\u00ednea, la directora ejecutiva de FIA, Francine Brossard, destac\u00f3 que \u00abdesde la Fundaci\u00f3n nos interesa fuertemente escuchar las necesidades desde los territorios y desde ah\u00ed establecer l\u00edneas de apoyo que contengan un\u00a0\u00a0componente de innovaci\u00f3n. En este caso, la coordinaci\u00f3n con el Gobierno Regional y servicios como INDAP, nos permiten articularnos y ofrecer un aporte efectivo y oportuno para este importante rubro hort\u00edcola de la regi\u00f3n de Ays\u00e9n, y que va en l\u00ednea de fortalecer la competitividad de los productores locales\u00bb.<\/p>\n<p class=\"v1MsoNormal\" style=\"text-align: justify;\" align=\"center\"><b>Difusi\u00f3n con productoras\/es\u00a0<\/b><\/p>\n<p class=\"v1MsoNormal\" style=\"text-align: justify;\">El lanzamiento la convocatoria se ha enfocado principalmente en la difusi\u00f3n con las productoras\/es en terreno. Por ello, en el marco de la Gira de Agroecolog\u00eda desarrollada en Chile Chico, Puerto Guadal y otros sectores de la cuenca del Lago General Carrera, se entreg\u00f3 informaci\u00f3n a los posibles beneficiarios.<\/p>\n<p class=\"v1MsoNormal\" style=\"text-align: justify;\">En el recorrido participaron profesionales del programa Hortofrut\u00edcola de la Seremi de Agricultura, FIA, INDAP, INIA, Universidad de Chile y del Liceo Bicentenario Agr\u00edcola e Industrial de la Patagonia, donde se visitaron 10 predios como una forma de diagnosticar y entregar apoyos en transferencias para los productores del territorio.<\/p>\n<p class=\"v1MsoNormal\" style=\"text-align: justify;\">Una de las productoras visitada fue Gloria Becerra Catal\u00e1n de Chile Chico, quien explic\u00f3 la importancia de este tipo de apoyos.<\/p>\n<p class=\"v1MsoNormal v1elementToProof\" style=\"text-align: justify;\">\u00abConsidero que es una gran oportunidad la innovaci\u00f3n, sobre todo en el mundo agr\u00edcola, donde los recursos son escasos para innovar y creo tambi\u00e9n que las asesor\u00edas que vengan, son importantes para quienes producimos\u00bb, indic\u00f3.<\/p>\n<p class=\"v1MsoNormal\" style=\"text-align: justify;\">Metodolog\u00eda de difusi\u00f3n que prosigui\u00f3 con encuentros con el Comit\u00e9 de Horticultores de R\u00edo Claro y Coyhaique Bajo, la presentaci\u00f3n en el primer encuentro 2023 de la Mesa de J\u00f3venes Rurales y reuni\u00f3n explicativa con integrantes de los comit\u00e9s agr\u00edcolas de Puerto Ays\u00e9n; Hortofrut\u00edcola, Las Maravillas, Los Torreones y A.G. de Puerto Ays\u00e9n.<\/p>\n<p class=\"v1MsoNormal\" style=\"text-align: justify;\">\u00abFue claro, no hay tanto requisito y eso es importante porque hay personas que quiere postular y siempre tiene tropiezo con alg\u00fan requisito especial\u00bb, se\u00f1al\u00f3 Edith Salazar Iturra, agricultora del sector Lago Riesco e integrante del Comit\u00e9 Las Maravillas.<\/p>\n<p class=\"v1MsoNormal\" style=\"text-align: justify;\">Por su parte\u00a0\u00a0la presidenta de la A.G. de Peque\u00f1os Agricultores de Puerto Ays\u00e9n, Mar\u00eda Antonieta R\u00edos, se\u00f1al\u00f3;\u00a0\u00a0\u00abNos encant\u00f3 porque primera vez que tenemos la opci\u00f3n o posibilidades de postular un proyecto, que la ayuda sea un 95%, que uno ponga el 5% nos parece maravilloso. Adem\u00e1s, el nivel de requisitos no es tan exigente\u00bb, se\u00f1al\u00f3 la dirigente.<\/p>\n<p class=\"v1MsoNormal\" style=\"text-align: justify;\">La convocatoria forma se da en el marco del Programa Frutas y Hortalizas de Ays\u00e9n, que impulsa el Ministerio de Agricultura con financiamiento del Gobierno Regional. La postulaciones estar\u00e1n\u00a0\u00a0abiertas hasta el 3 de marzo y las bases de postulaci\u00f3n se encuentran en el sitio www.fia.cl. Las consultas se pueden realizar al correo aysen@fia.cl hasta el 27 de febrero.<\/p>\n<\/div><\/section><\/div><div  style='height:50px' class='hr hr-invisible   avia-builder-el-6  el_after_av_one_full  el_before_av_social_share '><span class='hr-inner ' ><span class='hr-inner-style'><\/span><\/span><\/div><\/p>\n<div  class='av-social-sharing-box  avia-builder-el-7  el_after_av_hr  el_before_av_hr  '><div class='av-share-box'><h5 class='av-share-link-description av-no-toc '>Compartir esta noticia<\/h5><ul class='av-share-box-list noLightbox'><li class='av-share-link av-social-link-facebook' ><a target=\"_blank\" aria-label=\"Compartir en Facebook\" href='https:\/\/www.facebook.com\/sharer.php?u=https:\/\/radiorevelacionfm.cl\/?p=27479&#038;t=Destinar%C3%A1n%20m%C3%A1s%20de%20270%20millones%20para%20desarrollo%20del%20rubro%20hortofrut%C3%ADcola%20en%20Ays%C3%A9n' aria-hidden='false' data-av_icon='\ue8f3' data-av_iconfont='entypo-fontello' title='' data-avia-related-tooltip='Compartir en Facebook' rel=\"noopener\"><span class='avia_hidden_link_text'>Compartir en Facebook<\/span><\/a><\/li><li class='av-share-link av-social-link-twitter' ><a target=\"_blank\" aria-label=\"Compartir en Twitter\" href='https:\/\/twitter.com\/share?text=Destinar%C3%A1n%20m%C3%A1s%20de%20270%20millones%20para%20desarrollo%20del%20rubro%20hortofrut%C3%ADcola%20en%20Ays%C3%A9n&#038;url=https:\/\/radiorevelacionfm.cl\/?p=27479' aria-hidden='false' data-av_icon='\ue8f1' data-av_iconfont='entypo-fontello' title='' data-avia-related-tooltip='Compartir en Twitter' rel=\"noopener\"><span class='avia_hidden_link_text'>Compartir en Twitter<\/span><\/a><\/li><li class='av-share-link av-social-link-whatsapp' ><a target=\"_blank\" aria-label=\"Compartir en Whatsapp\" href='https:\/\/api.whatsapp.com\/send?text=https:\/\/radiorevelacionfm.cl\/?p=27479' aria-hidden='false' data-av_icon='\uf232' data-av_iconfont='entypo-fontello' title='' data-avia-related-tooltip='Compartir en Whatsapp' rel=\"noopener\"><span class='avia_hidden_link_text'>Compartir en Whatsapp<\/span><\/a><\/li><li class='av-share-link av-social-link-linkedin' ><a target=\"_blank\" aria-label=\"Compartir en LinkedIn\" href='https:\/\/linkedin.com\/shareArticle?mini=true&#038;title=Destinar%C3%A1n%20m%C3%A1s%20de%20270%20millones%20para%20desarrollo%20del%20rubro%20hortofrut%C3%ADcola%20en%20Ays%C3%A9n&#038;url=https:\/\/radiorevelacionfm.cl\/?p=27479' aria-hidden='false' data-av_icon='\ue8fc' data-av_iconfont='entypo-fontello' title='' data-avia-related-tooltip='Compartir en LinkedIn' rel=\"noopener\"><span class='avia_hidden_link_text'>Compartir en LinkedIn<\/span><\/a><\/li><li class='av-share-link av-social-link-mail' ><a  aria-label=\"Compartir por correo\" href='mailto:?subject=Destinar%C3%A1n%20m%C3%A1s%20de%20270%20millones%20para%20desarrollo%20del%20rubro%20hortofrut%C3%ADcola%20en%20Ays%C3%A9n&#038;body=https:\/\/radiorevelacionfm.cl\/?p=27479' aria-hidden='false' data-av_icon='\ue805' data-av_iconfont='entypo-fontello' title='' data-avia-related-tooltip='Compartir por correo'><span class='avia_hidden_link_text'>Compartir por correo<\/span><\/a><\/li><\/ul><\/div><\/div>\n<div  style='height:50px' class='hr hr-invisible   avia-builder-el-8  el_after_av_social_share  el_before_av_comments_list '><span class='hr-inner ' ><span class='hr-inner-style'><\/span><\/span><\/div>\n<div  class='av-buildercomment  av-blog-meta-html-info-disabled av-blog-meta-tag-disabled  '><\/div>\n","protected":false},"excerpt":{"rendered":"","protected":false},"author":1,"featured_media":27480,"comment_status":"open","ping_status":"open","sticky":false,"template":"","format":"standard","meta":{"footnotes":""},"categories":[58],"tags":[],"class_list":["post-27479","post","type-post","status-publish","format-standard","has-post-thumbnail","hentry","category-agricultura"],"jetpack_featured_media_url":"https:\/\/radiorevelacionfm.cl\/wp-content\/uploads\/2023\/02\/concurso-coyha-1-1.jpeg","_links":{"self":[{"href":"https:\/\/radiorevelacionfm.cl\/index.php?rest_route=\/wp\/v2\/posts\/27479","targetHints":{"allow":["GET"]}}],"collection":[{"href":"https:\/\/radiorevelacionfm.cl\/index.php?rest_route=\/wp\/v2\/posts"}],"about":[{"href":"https:\/\/radiorevelacionfm.cl\/index.php?rest_route=\/wp\/v2\/types\/post"}],"author":[{"embeddable":true,"href":"https:\/\/radiorevelacionfm.cl\/index.php?rest_route=\/wp\/v2\/users\/1"}],"replies":[{"embeddable":true,"href":"https:\/\/radiorevelacionfm.cl\/index.php?rest_route=%2Fwp%2Fv2%2Fcomments&post=27479"}],"version-history":[{"count":3,"href":"https:\/\/radiorevelacionfm.cl\/index.php?rest_route=\/wp\/v2\/posts\/27479\/revisions"}],"predecessor-version":[{"id":27482,"href":"https:\/\/radiorevelacionfm.cl\/index.php?rest_route=\/wp\/v2\/posts\/27479\/revisions\/27482"}],"wp:featuredmedia":[{"embeddable":true,"href":"https:\/\/radiorevelacionfm.cl\/index.php?rest_route=\/wp\/v2\/media\/27480"}],"wp:attachment":[{"href":"https:\/\/radiorevelacionfm.cl\/index.php?rest_route=%2Fwp%2Fv2%2Fmedia&parent=27479"}],"wp:term":[{"taxonomy":"category","embeddable":true,"href":"https:\/\/radiorevelacionfm.cl\/index.php?rest_route=%2Fwp%2Fv2%2Fcategories&post=27479"},{"taxonomy":"post_tag","embeddable":true,"href":"https:\/\/radiorevelacionfm.cl\/index.php?rest_route=%2Fwp%2Fv2%2Ftags&post=27479"}],"curies":[{"name":"wp","href":"https:\/\/api.w.org\/{rel}","templated":true}]}}