{"id":27475,"date":"2023-02-04T19:59:50","date_gmt":"2023-02-04T22:59:50","guid":{"rendered":"https:\/\/radiorevelacionfm.cl\/?p=27475"},"modified":"2023-02-04T19:59:50","modified_gmt":"2023-02-04T22:59:50","slug":"edelaysen-inaugura-parque-fotovoltaico-mas-austral-del-mundo","status":"publish","type":"post","link":"https:\/\/radiorevelacionfm.cl\/?p=27475","title":{"rendered":"Edelaysen inaugura parque fotovoltaico m\u00e1s austral del mundo"},"content":{"rendered":"<div class=\"flex_column av_one_full  flex_column_div av-zero-column-padding first  avia-builder-el-0  el_before_av_one_full  avia-builder-el-first  \" style='border-radius:0px; '><div  class='avia-image-container  av-styling-    avia-builder-el-1  avia-builder-el-no-sibling  avia-align-center '  itemprop=\"image\" itemscope=\"itemscope\" itemtype=\"https:\/\/schema.org\/ImageObject\"  ><div class='avia-image-container-inner'><div class='avia-image-overlay-wrap'><img decoding=\"async\" class='wp-image-27476 avia-img-lazy-loading-not-27476 avia_image' src=\"https:\/\/radiorevelacionfm.cl\/wp-content\/uploads\/2023\/02\/pfeb5-1_optimized.jpg\" alt='' title='pfeb5-(1)_optimized' height=\"600\" width=\"800\"  itemprop=\"thumbnailUrl\" srcset=\"https:\/\/radiorevelacionfm.cl\/wp-content\/uploads\/2023\/02\/pfeb5-1_optimized.jpg 800w, https:\/\/radiorevelacionfm.cl\/wp-content\/uploads\/2023\/02\/pfeb5-1_optimized-300x225.jpg 300w, https:\/\/radiorevelacionfm.cl\/wp-content\/uploads\/2023\/02\/pfeb5-1_optimized-768x576.jpg 768w, https:\/\/radiorevelacionfm.cl\/wp-content\/uploads\/2023\/02\/pfeb5-1_optimized-705x529.jpg 705w, https:\/\/radiorevelacionfm.cl\/wp-content\/uploads\/2023\/02\/pfeb5-1_optimized-600x450.jpg 600w\" sizes=\"(max-width: 800px) 100vw, 800px\" \/><\/div><\/div><\/div><\/div><div class=\"flex_column av_one_full  flex_column_div av-zero-column-padding first  avia-builder-el-2  el_after_av_one_full  el_before_av_one_full  column-top-margin\" style='border-radius:0px; '><section class=\"av_textblock_section \"  itemscope=\"itemscope\" itemtype=\"https:\/\/schema.org\/BlogPosting\" itemprop=\"blogPost\" ><div class='avia_textblock  '   itemprop=\"text\" ><p style=\"text-align: center;\"><strong><span style=\"font-size: 18pt;\">Edelaysen inaugura parque fotovoltaico m\u00e1s austral del mundo<\/span><\/strong><\/p>\n<div id=\"gtx-trans\" style=\"position: absolute; left: -50px; top: 4.31534px;\">\n<div class=\"gtx-trans-icon\"><\/div>\n<\/div>\n<\/div><\/section><\/div><div class=\"flex_column av_one_full  flex_column_div av-zero-column-padding first  avia-builder-el-4  el_after_av_one_full  el_before_av_hr  column-top-margin\" style='border-radius:0px; '><section class=\"av_textblock_section \"  itemscope=\"itemscope\" itemtype=\"https:\/\/schema.org\/BlogPosting\" itemprop=\"blogPost\" ><div class='avia_textblock  '   itemprop=\"text\" ><p style=\"text-align: justify;\">Se trata de un proyecto de energ\u00edas renovables que permitir\u00e1 el suministro el\u00e9ctrico para los habitantes de la regi\u00f3n de Ays\u00e9n.<\/p>\n<p style=\"text-align: justify;\">Tras 9 meses de trabajo y con m\u00e1s de un a\u00f1o en funcionamiento, Edelaysen, empresa de Grupo Saesa, inaugur\u00f3 en Coyhaique el parque fotovoltaico El Blanco, el que se caracteriza por ser el m\u00e1s austral del mundo y contar con tecnolog\u00eda de punta para optimizar la generaci\u00f3n de energ\u00eda a partir del sol hasta los \u00faltimos segundos del d\u00eda.<\/p>\n<p style=\"text-align: justify;\">La ceremonia realizada en las instalaciones de la planta ubicada en el sector El Blanco cont\u00f3 con la asistencia del Gerente Zonal de Edelaysen Leonardo Mor\u00e1n, el Subsecretario de Energ\u00eda Julio Maturana, Diputado de la Rep\u00fablica Miguel \u00c1ngel Calisto, Alcalde de Rio Ib\u00e1\u00f1ez Marcelo Santana, autoridades regionales, vecinos y las distintas instituciones y gremios.<\/p>\n<p style=\"text-align: justify;\">Este mega proyecto, tiene como objetivo suministrar de electricidad a la poblaci\u00f3n aisenina por medio de paneles fotovoltaicos con una potencia instalada de 2,99 MW en su peak de corriente continua, generando as\u00ed un desarrollo sostenible para la regi\u00f3n, entregando una mejor calidad de vida para sus habitantes mediante Energ\u00edas Renovables No Convencionales, permitiendo electrificar a alrededor de 2.257 hogares al a\u00f1o.<\/p>\n<p style=\"text-align: justify;\">Para su realizaci\u00f3n, la innovadora construcci\u00f3n requiri\u00f3 de una inversi\u00f3n de 3 millones de d\u00f3lares y gener\u00f3 60 puestos de trabajo para personas de la regi\u00f3n de Ays\u00e9n, desarroll\u00e1ndose con un bajo impacto ambiental, que de acuerdo con su tiempo de funcionamiento, ha logrado inyectar al sistema el\u00e9ctrico m\u00e1s de 6 millones de kWh, haciendo m\u00e1s sustentable contar a la fecha con m\u00e1s de 800 clientes con la tarifa \u201cecoayre\u201d apuntando as\u00ed a la descontaminaci\u00f3n de la ciudad.<\/p>\n<p style=\"text-align: justify;\">Debido a que la planta se ubica en una de las ciudades que menos horas de luz tiene al a\u00f1o, sus instalaciones cuentan con un moderno sistema de seguimiento solar que permite aumentar la generaci\u00f3n de energ\u00eda al orientar los paneles hacia el sol en todo momento.<\/p>\n<p style=\"text-align: justify;\">Asimismo, cuenta con una tecnolog\u00eda bifacial, que permite que la planta capte la radiaci\u00f3n que se refleja en el suelo. Esta innovaci\u00f3n ser\u00e1 fundamental en invierno, ya que a partir del potente reflejo de la nieve podr\u00e1 incrementar la producci\u00f3n de energ\u00eda hasta en un 80%.<\/p>\n<p style=\"text-align: justify;\">De acuerdo con ello, el Gerente Zonal Leonardo Mor\u00e1n destac\u00f3 \u201ccuando hablamos de parques en general, no tenemos en la zona sur de Chile, entonces una de las cosas m\u00e1s importantes en las que aporta este parque es que efectivamente ayuda a desmitificar el que la energ\u00eda solar en estas zonas del pa\u00eds no era viable, ni rentable. Este parque si bien es cierto lo estamos inaugurando ahora, lleva en operaci\u00f3n m\u00e1s de un a\u00f1o por lo que podemos corroborar que efectivamente funciona incluso mejor de lo que esper\u00e1bamos, por lo que hace viable la energ\u00eda solar en esta zona tan austral de Chile\u201d.<\/p>\n<p style=\"text-align: justify;\">En tanto el Subsecretario de Energ\u00eda Julio Maturana mencion\u00f3 la importancia de este proyecto, agregando \u201cla idea es que podamos seguir replicando este tipo de proyectos en la regi\u00f3n y que de alguna otra manera se permita que podamos ir dependiendo cada vez menos del di\u00e9sel. Este proyecto tuvo muy buen di\u00e1logo comunitario que permitieron mejoras importantes, por ejemplo en la escuela, sede comunitaria, entonces son proyectos que entienden y conversan con el territorio y adem\u00e1s aportan a entregar una energ\u00eda limpia y eficiente\u201d.<\/p>\n<p style=\"text-align: justify;\">Por su parte el Diputado de la regi\u00f3n agreg\u00f3 \u201cEste proyecto es muy importante primero porque permite una armon\u00eda con el medio ambiente, pero adem\u00e1s permite contribuir de una manera mucho m\u00e1s amigable al sistema mediano regional. Creo que tenemos que seguir en esta l\u00ednea, en ese sentido destacar la importante contribuci\u00f3n que hace Edelaysen con este tipo de proyectos\u201d.<\/p>\n<p style=\"text-align: justify;\">Finalmente el alcalde de la comuna de R\u00edo Ib\u00e1\u00f1ez puntualiz\u00f3 \u201cimportante iniciativa privada que viene a aportar a la diversificaci\u00f3n de la matriz energ\u00e9tica en nuestra regi\u00f3n. As\u00ed que es una iniciativa importante para la regi\u00f3n, hay que seguir avanzando, seguir innovando que es lo relevante, desmitificando que no se puede hacer energ\u00eda solar en Ays\u00e9n porque es una regi\u00f3n agreste con clima complejo y hoy d\u00eda este proyecto da en el clavo en este sentido en que se pueden hacer grandes proyectos como este\u201d.<\/p>\n<\/div><\/section><\/div><div  style='height:50px' class='hr hr-invisible   avia-builder-el-6  el_after_av_one_full  el_before_av_social_share '><span class='hr-inner ' ><span class='hr-inner-style'><\/span><\/span><\/div><\/p>\n<div  class='av-social-sharing-box  avia-builder-el-7  el_after_av_hr  el_before_av_hr  '><div class='av-share-box'><h5 class='av-share-link-description av-no-toc '>Compartir esta noticia<\/h5><ul class='av-share-box-list noLightbox'><li class='av-share-link av-social-link-facebook' ><a target=\"_blank\" aria-label=\"Compartir en Facebook\" href='https:\/\/www.facebook.com\/sharer.php?u=https:\/\/radiorevelacionfm.cl\/?p=27475&#038;t=Edelaysen%20inaugura%20parque%20fotovoltaico%20m%C3%A1s%20austral%20del%20mundo' aria-hidden='false' data-av_icon='\ue8f3' data-av_iconfont='entypo-fontello' title='' data-avia-related-tooltip='Compartir en Facebook' rel=\"noopener\"><span class='avia_hidden_link_text'>Compartir en Facebook<\/span><\/a><\/li><li class='av-share-link av-social-link-twitter' ><a target=\"_blank\" aria-label=\"Compartir en Twitter\" href='https:\/\/twitter.com\/share?text=Edelaysen%20inaugura%20parque%20fotovoltaico%20m%C3%A1s%20austral%20del%20mundo&#038;url=https:\/\/radiorevelacionfm.cl\/?p=27475' aria-hidden='false' data-av_icon='\ue8f1' data-av_iconfont='entypo-fontello' title='' data-avia-related-tooltip='Compartir en Twitter' rel=\"noopener\"><span class='avia_hidden_link_text'>Compartir en Twitter<\/span><\/a><\/li><li class='av-share-link av-social-link-whatsapp' ><a target=\"_blank\" aria-label=\"Compartir en Whatsapp\" href='https:\/\/api.whatsapp.com\/send?text=https:\/\/radiorevelacionfm.cl\/?p=27475' aria-hidden='false' data-av_icon='\uf232' data-av_iconfont='entypo-fontello' title='' data-avia-related-tooltip='Compartir en Whatsapp' rel=\"noopener\"><span class='avia_hidden_link_text'>Compartir en Whatsapp<\/span><\/a><\/li><li class='av-share-link av-social-link-linkedin' ><a target=\"_blank\" aria-label=\"Compartir en LinkedIn\" href='https:\/\/linkedin.com\/shareArticle?mini=true&#038;title=Edelaysen%20inaugura%20parque%20fotovoltaico%20m%C3%A1s%20austral%20del%20mundo&#038;url=https:\/\/radiorevelacionfm.cl\/?p=27475' aria-hidden='false' data-av_icon='\ue8fc' data-av_iconfont='entypo-fontello' title='' data-avia-related-tooltip='Compartir en LinkedIn' rel=\"noopener\"><span class='avia_hidden_link_text'>Compartir en LinkedIn<\/span><\/a><\/li><li class='av-share-link av-social-link-mail' ><a  aria-label=\"Compartir por correo\" href='mailto:?subject=Edelaysen%20inaugura%20parque%20fotovoltaico%20m%C3%A1s%20austral%20del%20mundo&#038;body=https:\/\/radiorevelacionfm.cl\/?p=27475' aria-hidden='false' data-av_icon='\ue805' data-av_iconfont='entypo-fontello' title='' data-avia-related-tooltip='Compartir por correo'><span class='avia_hidden_link_text'>Compartir por correo<\/span><\/a><\/li><\/ul><\/div><\/div>\n<div  style='height:50px' class='hr hr-invisible   avia-builder-el-8  el_after_av_social_share  el_before_av_comments_list '><span class='hr-inner ' ><span class='hr-inner-style'><\/span><\/span><\/div>\n<div  class='av-buildercomment  av-blog-meta-html-info-disabled av-blog-meta-tag-disabled  '><\/div>\n","protected":false},"excerpt":{"rendered":"","protected":false},"author":1,"featured_media":27476,"comment_status":"open","ping_status":"open","sticky":false,"template":"","format":"standard","meta":{"footnotes":""},"categories":[38],"tags":[],"class_list":["post-27475","post","type-post","status-publish","format-standard","has-post-thumbnail","hentry","category-regional"],"jetpack_featured_media_url":"https:\/\/radiorevelacionfm.cl\/wp-content\/uploads\/2023\/02\/pfeb5-1_optimized.jpg","_links":{"self":[{"href":"https:\/\/radiorevelacionfm.cl\/index.php?rest_route=\/wp\/v2\/posts\/27475","targetHints":{"allow":["GET"]}}],"collection":[{"href":"https:\/\/radiorevelacionfm.cl\/index.php?rest_route=\/wp\/v2\/posts"}],"about":[{"href":"https:\/\/radiorevelacionfm.cl\/index.php?rest_route=\/wp\/v2\/types\/post"}],"author":[{"embeddable":true,"href":"https:\/\/radiorevelacionfm.cl\/index.php?rest_route=\/wp\/v2\/users\/1"}],"replies":[{"embeddable":true,"href":"https:\/\/radiorevelacionfm.cl\/index.php?rest_route=%2Fwp%2Fv2%2Fcomments&post=27475"}],"version-history":[{"count":2,"href":"https:\/\/radiorevelacionfm.cl\/index.php?rest_route=\/wp\/v2\/posts\/27475\/revisions"}],"predecessor-version":[{"id":27478,"href":"https:\/\/radiorevelacionfm.cl\/index.php?rest_route=\/wp\/v2\/posts\/27475\/revisions\/27478"}],"wp:featuredmedia":[{"embeddable":true,"href":"https:\/\/radiorevelacionfm.cl\/index.php?rest_route=\/wp\/v2\/media\/27476"}],"wp:attachment":[{"href":"https:\/\/radiorevelacionfm.cl\/index.php?rest_route=%2Fwp%2Fv2%2Fmedia&parent=27475"}],"wp:term":[{"taxonomy":"category","embeddable":true,"href":"https:\/\/radiorevelacionfm.cl\/index.php?rest_route=%2Fwp%2Fv2%2Fcategories&post=27475"},{"taxonomy":"post_tag","embeddable":true,"href":"https:\/\/radiorevelacionfm.cl\/index.php?rest_route=%2Fwp%2Fv2%2Ftags&post=27475"}],"curies":[{"name":"wp","href":"https:\/\/api.w.org\/{rel}","templated":true}]}}