{"id":2746,"date":"2021-02-17T21:36:43","date_gmt":"2021-02-18T00:36:43","guid":{"rendered":"https:\/\/radiorevelacionfm.cl\/?p=2746"},"modified":"2021-02-17T22:28:04","modified_gmt":"2021-02-18T01:28:04","slug":"en-calera-de-tango-recuperan-bicicleta-de-alta-gama-robada-en-coyhaique-el-ano-2019","status":"publish","type":"post","link":"https:\/\/radiorevelacionfm.cl\/?p=2746","title":{"rendered":"En Calera de Tango recuperan bicicleta de alta gama robada en Coyhaique el a\u00f1o 2019"},"content":{"rendered":"<div class=\"flex_column av_one_full  flex_column_div av-zero-column-padding first  avia-builder-el-0  el_before_av_one_full  avia-builder-el-first  \" style='border-radius:0px; '><div  class='avia-image-container  av-styling-    avia-builder-el-1  avia-builder-el-no-sibling  avia-align-center '  itemprop=\"image\" itemscope=\"itemscope\" itemtype=\"https:\/\/schema.org\/ImageObject\"  ><div class='avia-image-container-inner'><div class='avia-image-overlay-wrap'><img decoding=\"async\" class='wp-image-0 avia-img-lazy-loading-not-0 avia_image' src=\"https:\/\/radiorevelacionfm.cl\/wp-content\/uploads\/2021\/02\/PDI_Bicicleta.jpg\" alt='' title=''   itemprop=\"thumbnailUrl\"  \/><\/div><\/div><\/div><\/div><div class=\"flex_column av_one_full  flex_column_div av-zero-column-padding first  avia-builder-el-2  el_after_av_one_full  el_before_av_one_full  column-top-margin\" style='border-radius:0px; '><section class=\"av_textblock_section \"  itemscope=\"itemscope\" itemtype=\"https:\/\/schema.org\/BlogPosting\" itemprop=\"blogPost\" ><div class='avia_textblock  '   itemprop=\"text\" ><p style=\"text-align: center;\"><strong><span style=\"font-size: 18pt;\">En Calera de Tango recuperan bicicleta de alta gama robada en Coyhaique el a\u00f1o 2019<\/span><\/strong><\/p>\n<div id=\"gtx-trans\" style=\"position: absolute; left: -50px; top: 4.31534px;\">\n<div class=\"gtx-trans-icon\"><\/div>\n<\/div>\n<\/div><\/section><\/div><\/p>\n<div class=\"flex_column av_one_full  flex_column_div av-zero-column-padding first  avia-builder-el-4  el_after_av_one_full  el_before_av_hr  column-top-margin\" style='border-radius:0px; '><section class=\"av_textblock_section \"  itemscope=\"itemscope\" itemtype=\"https:\/\/schema.org\/BlogPosting\" itemprop=\"blogPost\" ><div class='avia_textblock  '   itemprop=\"text\" ><p style=\"text-align: justify;\">El martes 16 de febrero, la Brigada Investigadora de Robos Coyhaique coordin\u00f3 la recuperaci\u00f3n de una bicicleta de alta gama, avaluada en 3 millones de pesos, en la ciudad de Santiago, especie que hab\u00eda sido robada en junio del a\u00f1o 2019 en la ciudad de Coyhaique.<span id=\"more-83802\"><\/span><\/p>\n<p style=\"text-align: justify;\">El sujeto que manten\u00eda la bicicleta en su poder fue detenido por el delito de receptaci\u00f3n flagrante por detectives de la Brigada Investigadora de Robos Occidente en un trabajado coordinado con la unidad especializada de Coyhaique.<\/p>\n<p style=\"text-align: justify;\">Sobre esto, el jefe de la BIRO Coyhaique, subprefecto Alberto V\u00e1squez, se\u00f1al\u00f3 que este resultado responde a una \u201cinvestigaci\u00f3n por el delito de robo en lugar no habitado del a\u00f1o 2019, al interior de un gimnasio y centro de enteramiento de esta comuna\u201d, donde \u201cdesconocidos ingresaron al lugar sustrayendo diversas especies, entre las cuales se encontraba una bicicleta de ruta de alta gama, avaluada en 3 millones de pesos\u201d.<\/p>\n<p style=\"text-align: justify;\">En dicha oportunidad, de acuerdo a lo indicado por el jefe de la unidad especializada, se efectu\u00f3 el trabajo de sitio de suceso y se desarrollaron las primeras diligencias, con lo que se obtuvo las grabaciones de c\u00e1maras de seguridad y declaraci\u00f3n de v\u00edctimas y testigos, entre otros antecedentes.<\/p>\n<p style=\"text-align: justify;\">Luego del tiempo transcurrido, \u201cen coordinaci\u00f3n con el afectado fue posible establecer mediante pesquisas virtuales y an\u00e1lisis de c\u00e1maras de seguridad que la bicicleta de alta gama sustra\u00edda se encontraba en poder de una persona residente en la comuna de Calera de Tango en la Regi\u00f3n Metropolitana\u201d, agreg\u00f3 el subprefecto V\u00e1squez, indicando adem\u00e1s que \u201cse coordin\u00f3 con detectives de la Brigada Investigadora de Robos Occidente de la Regi\u00f3n Metropolitana el registro voluntario del inmueble, obteniendo resultados positivos, recuperando la bicicleta en cuesti\u00f3n y concretando la detenci\u00f3n del receptador de la especie sustra\u00edda\u201d.<\/p>\n<p style=\"text-align: justify;\">La bicicleta habr\u00eda sido adquirida mediante el mercado informal, v\u00eda redes sociales, por un valor aproximado de 1 mill\u00f3n de pesos, muy por debajo de su valor comercial.<\/p>\n<p style=\"text-align: justify;\">El imputado fue puesto a disposici\u00f3n del Juzgado de Garant\u00eda de San Bernardo para su control de detenci\u00f3n y la bicicleta ser\u00e1 remitida a Coyhaique para ser entregada a su due\u00f1o, mientras contin\u00faan las diligencias investigativas para la recuperaci\u00f3n del resto de las especies sustra\u00eddas en este delito que traspas\u00f3 las fronteras regionales.<\/p>\n<\/div><\/section><\/div>\n<div  style='height:50px' class='hr hr-invisible   avia-builder-el-6  el_after_av_one_full  el_before_av_social_share '><span class='hr-inner ' ><span class='hr-inner-style'><\/span><\/span><\/div>\n<div  class='av-social-sharing-box  avia-builder-el-7  el_after_av_hr  el_before_av_hr  '><div class='av-share-box'><h5 class='av-share-link-description av-no-toc '>Compartir esta noticia<\/h5><ul class='av-share-box-list noLightbox'><li class='av-share-link av-social-link-facebook' ><a target=\"_blank\" aria-label=\"Compartir en Facebook\" href='https:\/\/www.facebook.com\/sharer.php?u=https:\/\/radiorevelacionfm.cl\/?p=2746&#038;t=En%20Calera%20de%20Tango%20recuperan%20bicicleta%20de%20alta%20gama%20robada%20en%20Coyhaique%20el%20a%C3%B1o%202019' aria-hidden='false' data-av_icon='\ue8f3' data-av_iconfont='entypo-fontello' title='' data-avia-related-tooltip='Compartir en Facebook' rel=\"noopener\"><span class='avia_hidden_link_text'>Compartir en Facebook<\/span><\/a><\/li><li class='av-share-link av-social-link-twitter' ><a target=\"_blank\" aria-label=\"Compartir en Twitter\" href='https:\/\/twitter.com\/share?text=En%20Calera%20de%20Tango%20recuperan%20bicicleta%20de%20alta%20gama%20robada%20en%20Coyhaique%20el%20a%C3%B1o%202019&#038;url=https:\/\/radiorevelacionfm.cl\/?p=2746' aria-hidden='false' data-av_icon='\ue8f1' data-av_iconfont='entypo-fontello' title='' data-avia-related-tooltip='Compartir en Twitter' rel=\"noopener\"><span class='avia_hidden_link_text'>Compartir en Twitter<\/span><\/a><\/li><li class='av-share-link av-social-link-whatsapp' ><a target=\"_blank\" aria-label=\"Compartir en Whatsapp\" href='https:\/\/api.whatsapp.com\/send?text=https:\/\/radiorevelacionfm.cl\/?p=2746' aria-hidden='false' data-av_icon='\uf232' data-av_iconfont='entypo-fontello' title='' data-avia-related-tooltip='Compartir en Whatsapp' rel=\"noopener\"><span class='avia_hidden_link_text'>Compartir en Whatsapp<\/span><\/a><\/li><li class='av-share-link av-social-link-linkedin' ><a target=\"_blank\" aria-label=\"Compartir en LinkedIn\" href='https:\/\/linkedin.com\/shareArticle?mini=true&#038;title=En%20Calera%20de%20Tango%20recuperan%20bicicleta%20de%20alta%20gama%20robada%20en%20Coyhaique%20el%20a%C3%B1o%202019&#038;url=https:\/\/radiorevelacionfm.cl\/?p=2746' aria-hidden='false' data-av_icon='\ue8fc' data-av_iconfont='entypo-fontello' title='' data-avia-related-tooltip='Compartir en LinkedIn' rel=\"noopener\"><span class='avia_hidden_link_text'>Compartir en LinkedIn<\/span><\/a><\/li><li class='av-share-link av-social-link-mail' ><a  aria-label=\"Compartir por correo\" href='mailto:?subject=En%20Calera%20de%20Tango%20recuperan%20bicicleta%20de%20alta%20gama%20robada%20en%20Coyhaique%20el%20a%C3%B1o%202019&#038;body=https:\/\/radiorevelacionfm.cl\/?p=2746' aria-hidden='false' data-av_icon='\ue805' data-av_iconfont='entypo-fontello' title='' data-avia-related-tooltip='Compartir por correo'><span class='avia_hidden_link_text'>Compartir por correo<\/span><\/a><\/li><\/ul><\/div><\/div>\n<div  style='height:50px' class='hr hr-invisible   avia-builder-el-8  el_after_av_social_share  el_before_av_comments_list '><span class='hr-inner ' ><span class='hr-inner-style'><\/span><\/span><\/div>\n<div  class='av-buildercomment  av-blog-meta-html-info-disabled av-blog-meta-tag-disabled  '><\/div>\n","protected":false},"excerpt":{"rendered":"","protected":false},"author":1,"featured_media":0,"comment_status":"open","ping_status":"open","sticky":false,"template":"","format":"standard","meta":{"footnotes":""},"categories":[36],"tags":[],"class_list":["post-2746","post","type-post","status-publish","format-standard","hentry","category-policial"],"jetpack_featured_media_url":"","_links":{"self":[{"href":"https:\/\/radiorevelacionfm.cl\/index.php?rest_route=\/wp\/v2\/posts\/2746","targetHints":{"allow":["GET"]}}],"collection":[{"href":"https:\/\/radiorevelacionfm.cl\/index.php?rest_route=\/wp\/v2\/posts"}],"about":[{"href":"https:\/\/radiorevelacionfm.cl\/index.php?rest_route=\/wp\/v2\/types\/post"}],"author":[{"embeddable":true,"href":"https:\/\/radiorevelacionfm.cl\/index.php?rest_route=\/wp\/v2\/users\/1"}],"replies":[{"embeddable":true,"href":"https:\/\/radiorevelacionfm.cl\/index.php?rest_route=%2Fwp%2Fv2%2Fcomments&post=2746"}],"version-history":[{"count":3,"href":"https:\/\/radiorevelacionfm.cl\/index.php?rest_route=\/wp\/v2\/posts\/2746\/revisions"}],"predecessor-version":[{"id":2751,"href":"https:\/\/radiorevelacionfm.cl\/index.php?rest_route=\/wp\/v2\/posts\/2746\/revisions\/2751"}],"wp:attachment":[{"href":"https:\/\/radiorevelacionfm.cl\/index.php?rest_route=%2Fwp%2Fv2%2Fmedia&parent=2746"}],"wp:term":[{"taxonomy":"category","embeddable":true,"href":"https:\/\/radiorevelacionfm.cl\/index.php?rest_route=%2Fwp%2Fv2%2Fcategories&post=2746"},{"taxonomy":"post_tag","embeddable":true,"href":"https:\/\/radiorevelacionfm.cl\/index.php?rest_route=%2Fwp%2Fv2%2Ftags&post=2746"}],"curies":[{"name":"wp","href":"https:\/\/api.w.org\/{rel}","templated":true}]}}