{"id":27456,"date":"2023-02-03T20:12:55","date_gmt":"2023-02-03T23:12:55","guid":{"rendered":"https:\/\/radiorevelacionfm.cl\/?p=27456"},"modified":"2023-02-03T20:39:27","modified_gmt":"2023-02-03T23:39:27","slug":"transportista-de-puerto-aysen-perdio-la-vida-tras-volcarse-en-su-camion-en-cercanias-de-chaiten","status":"publish","type":"post","link":"https:\/\/radiorevelacionfm.cl\/?p=27456","title":{"rendered":"Transportista de Puerto Ays\u00e9n perdi\u00f3 la vida tras volcarse en su cami\u00f3n en cercan\u00edas de Chait\u00e9n"},"content":{"rendered":"<div class=\"flex_column av_one_full  flex_column_div av-zero-column-padding first  avia-builder-el-0  el_before_av_one_full  avia-builder-el-first  \" style='border-radius:0px; '><div  class='avia-image-container  av-styling-    avia-builder-el-1  avia-builder-el-no-sibling  avia-align-center '  itemprop=\"image\" itemscope=\"itemscope\" itemtype=\"https:\/\/schema.org\/ImageObject\"  ><div class='avia-image-container-inner'><div class='avia-image-overlay-wrap'><img decoding=\"async\" class='wp-image-27457 avia-img-lazy-loading-not-27457 avia_image' src=\"https:\/\/radiorevelacionfm.cl\/wp-content\/uploads\/2023\/02\/Accidente-Chaiten-1-1.jpg\" alt='' title='Accidente Chaiten (1) (1)' height=\"600\" width=\"946\"  itemprop=\"thumbnailUrl\" srcset=\"https:\/\/radiorevelacionfm.cl\/wp-content\/uploads\/2023\/02\/Accidente-Chaiten-1-1.jpg 946w, https:\/\/radiorevelacionfm.cl\/wp-content\/uploads\/2023\/02\/Accidente-Chaiten-1-1-300x190.jpg 300w, https:\/\/radiorevelacionfm.cl\/wp-content\/uploads\/2023\/02\/Accidente-Chaiten-1-1-768x487.jpg 768w, https:\/\/radiorevelacionfm.cl\/wp-content\/uploads\/2023\/02\/Accidente-Chaiten-1-1-705x447.jpg 705w, https:\/\/radiorevelacionfm.cl\/wp-content\/uploads\/2023\/02\/Accidente-Chaiten-1-1-600x381.jpg 600w\" sizes=\"(max-width: 946px) 100vw, 946px\" \/><\/div><\/div><\/div><\/div>\n<div class=\"flex_column av_one_full  flex_column_div av-zero-column-padding first  avia-builder-el-2  el_after_av_one_full  el_before_av_one_full  column-top-margin\" style='border-radius:0px; '><section class=\"av_textblock_section \"  itemscope=\"itemscope\" itemtype=\"https:\/\/schema.org\/BlogPosting\" itemprop=\"blogPost\" ><div class='avia_textblock  '   itemprop=\"text\" ><p style=\"text-align: center;\"><strong><span style=\"font-size: 18pt;\">Transportista de Puerto Ays\u00e9n perdi\u00f3 la vida tras volcarse en su cami\u00f3n en cercan\u00edas de Chait\u00e9n<\/span><\/strong><\/p>\n<div id=\"gtx-trans\" style=\"position: absolute; left: -50px; top: 4.31534px;\">\n<div class=\"gtx-trans-icon\"><\/div>\n<\/div>\n<\/div><\/section><\/div>\n<div class=\"flex_column av_one_full  flex_column_div av-zero-column-padding first  avia-builder-el-4  el_after_av_one_full  el_before_av_hr  column-top-margin\" style='border-radius:0px; '><section class=\"av_textblock_section \"  itemscope=\"itemscope\" itemtype=\"https:\/\/schema.org\/BlogPosting\" itemprop=\"blogPost\" ><div class='avia_textblock  '   itemprop=\"text\" ><p style=\"text-align: justify;\">Cerca del mediod\u00eda de hoy -viernes 03 de febrero 2023- un hombre de 63 a\u00f1os de edad de iniciales E.A.S, transportista, de la regi\u00f3n de Ays\u00e9n, perdi\u00f3 la vida tras volcar el cami\u00f3n en que se trasladaba en ruta de Chait\u00e9n.<\/p>\n<p style=\"text-align: justify;\">El capit\u00e1n de Carabineros, Jos\u00e9 Lillo Moraga, de la 4ta. Comisar\u00eda de Chait\u00e9n, inform\u00f3 que\u00a0\u201cAlrededor del mediod\u00eda, se recibi\u00f3 un comunicado en el cual manifestaban que hab\u00eda un accidente de tr\u00e1nsito, consistente en el volcamiento de un tracto-cami\u00f3n, a la altura del kil\u00f3metro 204 de la ruta 7 Sur. Llego personal al lugar y verific\u00f3 que efectivamente se encontraba un tracto-cami\u00f3n volcado en una de las pistas de circulaci\u00f3n, de norte a sur, y en su interior permanec\u00eda su conductor ya fallecido, una persona mayor de edad, con domicilio en la ciudad de Puerto Ays\u00e9n\u201d.<\/p>\n<p style=\"text-align: justify;\">El jefe policial, agreg\u00f3 que, \u201cel cuerpo de la persona fue trasladado hacia Futaleuf\u00fa, para realizar la autopsia respectiva por parte del Servicio M\u00e9dico Legal. Nosotros damos cuenta a la Fiscal\u00eda local y concurri\u00f3 el estamento especializado de Carabineros, SIAT, para elaborar el informe respecto a cu\u00e1les podr\u00edan ser las causas del accidente, las que se mantienen en investigaci\u00f3n\u201d.<\/p>\n<p style=\"text-align: justify;\">Lillo Moraga, se\u00f1al\u00f3 adem\u00e1s que, no hubo otros veh\u00edculos involucrados y el conductor del cami\u00f3n viajaba solo al momento de ocurrido el accidente, \u201cno hay otro veh\u00edculo involucrado, es una zona de curvas, donde se habr\u00eda volcado el veh\u00edculo, en este caso el tracto-cami\u00f3n y habr\u00eda quedado en una de las pistas de circulaci\u00f3n. Por lo cual, la materia de investigaci\u00f3n es el motivo que podr\u00eda haber originado el volcamiento, pero, no hay ning\u00fan participante, tanto en el tracto cami\u00f3n, ya que la persona se desplazaba sola, como alg\u00fan otro veh\u00edculo que se viera involucrado, ya sea en el mismo sentido o sentido contrario\u201d.<\/p>\n<p style=\"text-align: justify;\">El conductor se dirig\u00eda hacia la Regi\u00f3n de Ays\u00e9n, y transportaba un contenedor de pellet.<\/p>\n<p style=\"text-align: justify;\">El capit\u00e1n de Carabineros, realiz\u00f3 un llamado a la prevenci\u00f3n a todos los conductores, a mantenerse atento a las condiciones y restricciones en las distintas rutas, conducir a la defensiva y tener en cuenta que existen rutas con \u00e1reas y curvas peligrosas, por lo que, se debe estar muy atento para no ser parte o v\u00edctima de alg\u00fan accidente, enfatiz\u00f3.<\/p>\n<\/div><\/section><\/div><div  style='height:50px' class='hr hr-invisible   avia-builder-el-6  el_after_av_one_full  el_before_av_social_share '><span class='hr-inner ' ><span class='hr-inner-style'><\/span><\/span><\/div><\/p>\n<div  class='av-social-sharing-box  avia-builder-el-7  el_after_av_hr  el_before_av_hr  '><div class='av-share-box'><h5 class='av-share-link-description av-no-toc '>Compartir esta noticia<\/h5><ul class='av-share-box-list noLightbox'><li class='av-share-link av-social-link-facebook' ><a target=\"_blank\" aria-label=\"Compartir en Facebook\" href='https:\/\/www.facebook.com\/sharer.php?u=https:\/\/radiorevelacionfm.cl\/?p=27456&#038;t=Transportista%20de%20Puerto%20Ays%C3%A9n%20perdi%C3%B3%20la%20vida%20tras%20volcarse%20en%20su%20cami%C3%B3n%20en%20cercan%C3%ADas%20de%20Chait%C3%A9n' aria-hidden='false' data-av_icon='\ue8f3' data-av_iconfont='entypo-fontello' title='' data-avia-related-tooltip='Compartir en Facebook' rel=\"noopener\"><span class='avia_hidden_link_text'>Compartir en Facebook<\/span><\/a><\/li><li class='av-share-link av-social-link-twitter' ><a target=\"_blank\" aria-label=\"Compartir en Twitter\" href='https:\/\/twitter.com\/share?text=Transportista%20de%20Puerto%20Ays%C3%A9n%20perdi%C3%B3%20la%20vida%20tras%20volcarse%20en%20su%20cami%C3%B3n%20en%20cercan%C3%ADas%20de%20Chait%C3%A9n&#038;url=https:\/\/radiorevelacionfm.cl\/?p=27456' aria-hidden='false' data-av_icon='\ue8f1' data-av_iconfont='entypo-fontello' title='' data-avia-related-tooltip='Compartir en Twitter' rel=\"noopener\"><span class='avia_hidden_link_text'>Compartir en Twitter<\/span><\/a><\/li><li class='av-share-link av-social-link-whatsapp' ><a target=\"_blank\" aria-label=\"Compartir en Whatsapp\" href='https:\/\/api.whatsapp.com\/send?text=https:\/\/radiorevelacionfm.cl\/?p=27456' aria-hidden='false' data-av_icon='\uf232' data-av_iconfont='entypo-fontello' title='' data-avia-related-tooltip='Compartir en Whatsapp' rel=\"noopener\"><span class='avia_hidden_link_text'>Compartir en Whatsapp<\/span><\/a><\/li><li class='av-share-link av-social-link-linkedin' ><a target=\"_blank\" aria-label=\"Compartir en LinkedIn\" href='https:\/\/linkedin.com\/shareArticle?mini=true&#038;title=Transportista%20de%20Puerto%20Ays%C3%A9n%20perdi%C3%B3%20la%20vida%20tras%20volcarse%20en%20su%20cami%C3%B3n%20en%20cercan%C3%ADas%20de%20Chait%C3%A9n&#038;url=https:\/\/radiorevelacionfm.cl\/?p=27456' aria-hidden='false' data-av_icon='\ue8fc' data-av_iconfont='entypo-fontello' title='' data-avia-related-tooltip='Compartir en LinkedIn' rel=\"noopener\"><span class='avia_hidden_link_text'>Compartir en LinkedIn<\/span><\/a><\/li><li class='av-share-link av-social-link-mail' ><a  aria-label=\"Compartir por correo\" href='mailto:?subject=Transportista%20de%20Puerto%20Ays%C3%A9n%20perdi%C3%B3%20la%20vida%20tras%20volcarse%20en%20su%20cami%C3%B3n%20en%20cercan%C3%ADas%20de%20Chait%C3%A9n&#038;body=https:\/\/radiorevelacionfm.cl\/?p=27456' aria-hidden='false' data-av_icon='\ue805' data-av_iconfont='entypo-fontello' title='' data-avia-related-tooltip='Compartir por correo'><span class='avia_hidden_link_text'>Compartir por correo<\/span><\/a><\/li><\/ul><\/div><\/div>\n<div  style='height:50px' class='hr hr-invisible   avia-builder-el-8  el_after_av_social_share  el_before_av_comments_list '><span class='hr-inner ' ><span class='hr-inner-style'><\/span><\/span><\/div>\n<div  class='av-buildercomment  av-blog-meta-html-info-disabled av-blog-meta-tag-disabled  '><\/div>\n","protected":false},"excerpt":{"rendered":"","protected":false},"author":1,"featured_media":27457,"comment_status":"open","ping_status":"open","sticky":false,"template":"","format":"standard","meta":{"footnotes":""},"categories":[36],"tags":[],"class_list":["post-27456","post","type-post","status-publish","format-standard","has-post-thumbnail","hentry","category-policial"],"jetpack_featured_media_url":"https:\/\/radiorevelacionfm.cl\/wp-content\/uploads\/2023\/02\/Accidente-Chaiten-1-1.jpg","_links":{"self":[{"href":"https:\/\/radiorevelacionfm.cl\/index.php?rest_route=\/wp\/v2\/posts\/27456","targetHints":{"allow":["GET"]}}],"collection":[{"href":"https:\/\/radiorevelacionfm.cl\/index.php?rest_route=\/wp\/v2\/posts"}],"about":[{"href":"https:\/\/radiorevelacionfm.cl\/index.php?rest_route=\/wp\/v2\/types\/post"}],"author":[{"embeddable":true,"href":"https:\/\/radiorevelacionfm.cl\/index.php?rest_route=\/wp\/v2\/users\/1"}],"replies":[{"embeddable":true,"href":"https:\/\/radiorevelacionfm.cl\/index.php?rest_route=%2Fwp%2Fv2%2Fcomments&post=27456"}],"version-history":[{"count":3,"href":"https:\/\/radiorevelacionfm.cl\/index.php?rest_route=\/wp\/v2\/posts\/27456\/revisions"}],"predecessor-version":[{"id":27466,"href":"https:\/\/radiorevelacionfm.cl\/index.php?rest_route=\/wp\/v2\/posts\/27456\/revisions\/27466"}],"wp:featuredmedia":[{"embeddable":true,"href":"https:\/\/radiorevelacionfm.cl\/index.php?rest_route=\/wp\/v2\/media\/27457"}],"wp:attachment":[{"href":"https:\/\/radiorevelacionfm.cl\/index.php?rest_route=%2Fwp%2Fv2%2Fmedia&parent=27456"}],"wp:term":[{"taxonomy":"category","embeddable":true,"href":"https:\/\/radiorevelacionfm.cl\/index.php?rest_route=%2Fwp%2Fv2%2Fcategories&post=27456"},{"taxonomy":"post_tag","embeddable":true,"href":"https:\/\/radiorevelacionfm.cl\/index.php?rest_route=%2Fwp%2Fv2%2Ftags&post=27456"}],"curies":[{"name":"wp","href":"https:\/\/api.w.org\/{rel}","templated":true}]}}