{"id":27445,"date":"2023-02-04T12:36:43","date_gmt":"2023-02-04T15:36:43","guid":{"rendered":"https:\/\/radiorevelacionfm.cl\/?p=27445"},"modified":"2023-02-04T12:36:43","modified_gmt":"2023-02-04T15:36:43","slug":"invitan-a-agrupaciones-de-dd-hh-y-organizaciones-a-postular-al-fondo-para-proyectos-de-cultura-y-sitios-de-memoria-2023","status":"publish","type":"post","link":"https:\/\/radiorevelacionfm.cl\/?p=27445","title":{"rendered":"Invitan a agrupaciones de DD.HH y organizaciones a postular al Fondo para proyectos de cultura y sitios de memoria 2023"},"content":{"rendered":"<div class=\"flex_column av_one_full  flex_column_div av-zero-column-padding first  avia-builder-el-0  el_before_av_one_full  avia-builder-el-first  \" style='border-radius:0px; '><div  class='avia-image-container  av-styling-    avia-builder-el-1  avia-builder-el-no-sibling  avia-align-center '  itemprop=\"image\" itemscope=\"itemscope\" itemtype=\"https:\/\/schema.org\/ImageObject\"  ><div class='avia-image-container-inner'><div class='avia-image-overlay-wrap'><img decoding=\"async\" class='wp-image-27446 avia-img-lazy-loading-not-27446 avia_image' src=\"https:\/\/radiorevelacionfm.cl\/wp-content\/uploads\/2023\/02\/seremi-memorial-1-1.jpg\" alt='' title='seremi memorial (1) (1)' height=\"600\" width=\"780\"  itemprop=\"thumbnailUrl\" srcset=\"https:\/\/radiorevelacionfm.cl\/wp-content\/uploads\/2023\/02\/seremi-memorial-1-1.jpg 780w, https:\/\/radiorevelacionfm.cl\/wp-content\/uploads\/2023\/02\/seremi-memorial-1-1-300x231.jpg 300w, https:\/\/radiorevelacionfm.cl\/wp-content\/uploads\/2023\/02\/seremi-memorial-1-1-768x591.jpg 768w, https:\/\/radiorevelacionfm.cl\/wp-content\/uploads\/2023\/02\/seremi-memorial-1-1-705x542.jpg 705w, https:\/\/radiorevelacionfm.cl\/wp-content\/uploads\/2023\/02\/seremi-memorial-1-1-600x462.jpg 600w\" sizes=\"(max-width: 780px) 100vw, 780px\" \/><\/div><\/div><\/div><\/div><div class=\"flex_column av_one_full  flex_column_div av-zero-column-padding first  avia-builder-el-2  el_after_av_one_full  el_before_av_one_full  column-top-margin\" style='border-radius:0px; '><section class=\"av_textblock_section \"  itemscope=\"itemscope\" itemtype=\"https:\/\/schema.org\/BlogPosting\" itemprop=\"blogPost\" ><div class='avia_textblock  '   itemprop=\"text\" ><p style=\"text-align: center;\"><strong><span style=\"font-size: 18pt;\">Invitan a agrupaciones de DD.HH y organizaciones a postular al Fondo para proyectos de cultura y sitios de memoria 2023<\/span><\/strong><\/p>\n<div id=\"gtx-trans\" style=\"position: absolute; left: -50px; top: 4.31534px;\">\n<div class=\"gtx-trans-icon\"><\/div>\n<\/div>\n<\/div><\/section><\/div><div class=\"flex_column av_one_full  flex_column_div av-zero-column-padding first  avia-builder-el-4  el_after_av_one_full  el_before_av_hr  column-top-margin\" style='border-radius:0px; '><section class=\"av_textblock_section \"  itemscope=\"itemscope\" itemtype=\"https:\/\/schema.org\/BlogPosting\" itemprop=\"blogPost\" ><div class='avia_textblock  '   itemprop=\"text\" ><p style=\"text-align: justify;\">Con el objetivo de impulsar iniciativas que sean un aporte para la reparaci\u00f3n simb\u00f3lica y la memoria hist\u00f3rica, y que fomenten una cultura de respeto y promoci\u00f3n de los Derechos Humanos en nuestro pa\u00eds, el Ministerio de Justicia y Derechos Humanos a trav\u00e9s de la Subsecretar\u00eda de DD.HH, present\u00f3 este jueves a nivel nacional el Fondo para proyectos de cultura y sitios de memoria 2023.<\/p>\n<p style=\"text-align: justify;\">Cabe mencionar que este a\u00f1o, la instancia convoca a una especial reflexi\u00f3n con motivo de las conmemoraciones de los 50 a\u00f1os del golpe de Estado, invitando a repensar y resignificar este pasado doloroso, a trav\u00e9s de propuestas de reparaci\u00f3n simb\u00f3lica que dignifiquen la memoria de las v\u00edctimas, de sus familiares y fortalezcan conciencia colectiva de la sociedad, erigi\u00e9ndose como una instancia de reflexi\u00f3n y promoci\u00f3n de los Derechos Humanos.<\/p>\n<p style=\"text-align: justify;\">El Seremi de Justicia y Derechos Humanos Samuel Navarro Castro hizo un llamado a las organizaciones a participar de esta instancia, que este a\u00f1o tiene una relevancia especial, por cuanto se cumplen 50 a\u00f1os del golpe de Estado, \u201cel ejercicio de verdad, justicia y memoria para no repetici\u00f3n debe ser una actividad permanente, con mayor \u00e9nfasis en este a\u00f1o, y dado que asoman voces negacionistas o justificatorias de las graves violaciones a los DDHH en Chile, ocurridas en la dictadura c\u00edvico militar, ello es algo que no podemos relativizar para construir una sociedad sana y democr\u00e1tica\u201d.<\/p>\n<p style=\"text-align: justify;\">Pueden postular a esta iniciativa, las agrupaciones de familiares de v\u00edctimas detenidas desaparecidas y ejecutadas pol\u00edticas a lo largo del pa\u00eds, las agrupaciones de v\u00edctimas y sobrevivientes de prisi\u00f3n pol\u00edtica y tortura, las organizaciones de promoci\u00f3n y defensa de los derechos humanos, y las organizaciones vinculadas a sitios de memoria, sean -o no- reconocidos como Monumento Hist\u00f3rico por el Consejo de Monumentos Nacionales.<\/p>\n<p style=\"text-align: justify;\">Respecto a las l\u00edneas de financiamiento, se\u00f1alar que est\u00e1 <strong>la l\u00ednea financiamiento Cultura<\/strong>, donde podr\u00e1n insertarse algunas de las siguientes tipolog\u00edas, Investigaci\u00f3n: b\u00fasqueda, sistematizaci\u00f3n y\/o difusi\u00f3n de informaci\u00f3n que tenga por objetivo difundir conocimiento a trav\u00e9s de productos digitales, gr\u00e1ficos, audiovisuales, art\u00edsticos, entre otros, as\u00ed tambi\u00e9n Archivos: recuperaci\u00f3n, clasificaci\u00f3n, conservaci\u00f3n, gesti\u00f3n, puesta en valor y\/o acceso p\u00fablico de documentos escritos, fotogr\u00e1ficos, gr\u00e1ficos, sonoros, digitales y\/o an\u00e1logos, que est\u00e9n en propiedad de los particulares o de instituciones estatales o privadas, otros, y donde el monto m\u00e1ximo a financiar por proyecto es de $7 millones y medio. Por otro lado, est\u00e1 <strong>la l\u00ednea financiamiento Sitios de Memoria<\/strong>, donde los proyectos podr\u00e1n insertarse en algunas de las siguientes tipolog\u00edas, construcci\u00f3n de obras menores en Sitios de Memoria (intervenciones f\u00edsicas no estructurales), conservaci\u00f3n y\/o reparaci\u00f3n en Sitios de Memoria, reconstrucci\u00f3n arquitect\u00f3nica digital de Sitios de Memoria, prevenci\u00f3n situacional (Seguridad) en Sitios de Memoria, otros, siendo el monto m\u00e1ximo para financiar por proyecto $15 millones de pesos.<\/p>\n<p style=\"text-align: justify;\">Finalmente, para postular<strong>, los interesados deben \u00a0revisar las bases del concurso en la web de\u00a0 Derechos Humanos: <\/strong><a href=\"https:\/\/www.derechoshumanos.gob.cl\/fondo-para-proyectos-de-cultura-y-sitios-de-memoria-2023-2\/\">https:\/\/www.derechoshumanos.gob.cl\/fondo-para-proyectos-de-cultura-y-sitios-de-memoria-2023-2\/<\/a>, as\u00ed tambi\u00e9n durante el proceso de postulaci\u00f3n s\u00f3lo se podr\u00e1n hacer <strong>consultas <\/strong>al correo electr\u00f3nico <strong><a href=\"mailto:fondoddhh@minjusticia.cl\">fondoddhh@minjusticia.cl<\/a><\/strong> y v\u00eda telef\u00f3nica al \u00c1rea de Memoria Hist\u00f3rica <strong>+56226743156 entre las 10:00 y las 16:00 horas, <\/strong>mientras que plazo de postulaci\u00f3n vence el 17 de marzo pr\u00f3ximo.<\/p>\n<p style=\"text-align: justify;\"><u>\u00a0<\/u><\/p>\n<\/div><\/section><\/div><div  style='height:50px' class='hr hr-invisible   avia-builder-el-6  el_after_av_one_full  el_before_av_social_share '><span class='hr-inner ' ><span class='hr-inner-style'><\/span><\/span><\/div><\/p>\n<div  class='av-social-sharing-box  avia-builder-el-7  el_after_av_hr  el_before_av_hr  '><div class='av-share-box'><h5 class='av-share-link-description av-no-toc '>Compartir esta noticia<\/h5><ul class='av-share-box-list noLightbox'><li class='av-share-link av-social-link-facebook' ><a target=\"_blank\" aria-label=\"Compartir en Facebook\" href='https:\/\/www.facebook.com\/sharer.php?u=https:\/\/radiorevelacionfm.cl\/?p=27445&#038;t=Invitan%20a%20agrupaciones%20de%20DD.HH%20y%20organizaciones%20a%20postular%20al%20Fondo%20para%20proyectos%20de%20cultura%20y%20sitios%20de%20memoria%202023' aria-hidden='false' data-av_icon='\ue8f3' data-av_iconfont='entypo-fontello' title='' data-avia-related-tooltip='Compartir en Facebook' rel=\"noopener\"><span class='avia_hidden_link_text'>Compartir en Facebook<\/span><\/a><\/li><li class='av-share-link av-social-link-twitter' ><a target=\"_blank\" aria-label=\"Compartir en Twitter\" href='https:\/\/twitter.com\/share?text=Invitan%20a%20agrupaciones%20de%20DD.HH%20y%20organizaciones%20a%20postular%20al%20Fondo%20para%20proyectos%20de%20cultura%20y%20sitios%20de%20memoria%202023&#038;url=https:\/\/radiorevelacionfm.cl\/?p=27445' aria-hidden='false' data-av_icon='\ue8f1' data-av_iconfont='entypo-fontello' title='' data-avia-related-tooltip='Compartir en Twitter' rel=\"noopener\"><span class='avia_hidden_link_text'>Compartir en Twitter<\/span><\/a><\/li><li class='av-share-link av-social-link-whatsapp' ><a target=\"_blank\" aria-label=\"Compartir en Whatsapp\" href='https:\/\/api.whatsapp.com\/send?text=https:\/\/radiorevelacionfm.cl\/?p=27445' aria-hidden='false' data-av_icon='\uf232' data-av_iconfont='entypo-fontello' title='' data-avia-related-tooltip='Compartir en Whatsapp' rel=\"noopener\"><span class='avia_hidden_link_text'>Compartir en Whatsapp<\/span><\/a><\/li><li class='av-share-link av-social-link-linkedin' ><a target=\"_blank\" aria-label=\"Compartir en LinkedIn\" href='https:\/\/linkedin.com\/shareArticle?mini=true&#038;title=Invitan%20a%20agrupaciones%20de%20DD.HH%20y%20organizaciones%20a%20postular%20al%20Fondo%20para%20proyectos%20de%20cultura%20y%20sitios%20de%20memoria%202023&#038;url=https:\/\/radiorevelacionfm.cl\/?p=27445' aria-hidden='false' data-av_icon='\ue8fc' data-av_iconfont='entypo-fontello' title='' data-avia-related-tooltip='Compartir en LinkedIn' rel=\"noopener\"><span class='avia_hidden_link_text'>Compartir en LinkedIn<\/span><\/a><\/li><li class='av-share-link av-social-link-mail' ><a  aria-label=\"Compartir por correo\" href='mailto:?subject=Invitan%20a%20agrupaciones%20de%20DD.HH%20y%20organizaciones%20a%20postular%20al%20Fondo%20para%20proyectos%20de%20cultura%20y%20sitios%20de%20memoria%202023&#038;body=https:\/\/radiorevelacionfm.cl\/?p=27445' aria-hidden='false' data-av_icon='\ue805' data-av_iconfont='entypo-fontello' title='' data-avia-related-tooltip='Compartir por correo'><span class='avia_hidden_link_text'>Compartir por correo<\/span><\/a><\/li><\/ul><\/div><\/div>\n<div  style='height:50px' class='hr hr-invisible   avia-builder-el-8  el_after_av_social_share  el_before_av_comments_list '><span class='hr-inner ' ><span class='hr-inner-style'><\/span><\/span><\/div>\n<div  class='av-buildercomment  av-blog-meta-html-info-disabled av-blog-meta-tag-disabled  '><\/div>\n","protected":false},"excerpt":{"rendered":"","protected":false},"author":1,"featured_media":27446,"comment_status":"open","ping_status":"open","sticky":false,"template":"","format":"standard","meta":{"footnotes":""},"categories":[55],"tags":[],"class_list":["post-27445","post","type-post","status-publish","format-standard","has-post-thumbnail","hentry","category-justicia"],"jetpack_featured_media_url":"https:\/\/radiorevelacionfm.cl\/wp-content\/uploads\/2023\/02\/seremi-memorial-1-1.jpg","_links":{"self":[{"href":"https:\/\/radiorevelacionfm.cl\/index.php?rest_route=\/wp\/v2\/posts\/27445","targetHints":{"allow":["GET"]}}],"collection":[{"href":"https:\/\/radiorevelacionfm.cl\/index.php?rest_route=\/wp\/v2\/posts"}],"about":[{"href":"https:\/\/radiorevelacionfm.cl\/index.php?rest_route=\/wp\/v2\/types\/post"}],"author":[{"embeddable":true,"href":"https:\/\/radiorevelacionfm.cl\/index.php?rest_route=\/wp\/v2\/users\/1"}],"replies":[{"embeddable":true,"href":"https:\/\/radiorevelacionfm.cl\/index.php?rest_route=%2Fwp%2Fv2%2Fcomments&post=27445"}],"version-history":[{"count":2,"href":"https:\/\/radiorevelacionfm.cl\/index.php?rest_route=\/wp\/v2\/posts\/27445\/revisions"}],"predecessor-version":[{"id":27474,"href":"https:\/\/radiorevelacionfm.cl\/index.php?rest_route=\/wp\/v2\/posts\/27445\/revisions\/27474"}],"wp:featuredmedia":[{"embeddable":true,"href":"https:\/\/radiorevelacionfm.cl\/index.php?rest_route=\/wp\/v2\/media\/27446"}],"wp:attachment":[{"href":"https:\/\/radiorevelacionfm.cl\/index.php?rest_route=%2Fwp%2Fv2%2Fmedia&parent=27445"}],"wp:term":[{"taxonomy":"category","embeddable":true,"href":"https:\/\/radiorevelacionfm.cl\/index.php?rest_route=%2Fwp%2Fv2%2Fcategories&post=27445"},{"taxonomy":"post_tag","embeddable":true,"href":"https:\/\/radiorevelacionfm.cl\/index.php?rest_route=%2Fwp%2Fv2%2Ftags&post=27445"}],"curies":[{"name":"wp","href":"https:\/\/api.w.org\/{rel}","templated":true}]}}