{"id":27441,"date":"2023-02-03T16:56:37","date_gmt":"2023-02-03T19:56:37","guid":{"rendered":"https:\/\/radiorevelacionfm.cl\/?p=27441"},"modified":"2023-02-03T16:56:37","modified_gmt":"2023-02-03T19:56:37","slug":"incautan-mas-de-122-toneladas-del-recurso-luga-roja-en-melinka","status":"publish","type":"post","link":"https:\/\/radiorevelacionfm.cl\/?p=27441","title":{"rendered":"Incautan m\u00e1s de 122 toneladas del recurso Luga Roja en Melinka"},"content":{"rendered":"<div class=\"flex_column av_one_full  flex_column_div av-zero-column-padding first  avia-builder-el-0  el_before_av_one_full  avia-builder-el-first  \" style='border-radius:0px; '><div  class='avia-image-container  av-styling-    avia-builder-el-1  avia-builder-el-no-sibling  avia-align-center '  itemprop=\"image\" itemscope=\"itemscope\" itemtype=\"https:\/\/schema.org\/ImageObject\"  ><div class='avia-image-container-inner'><div class='avia-image-overlay-wrap'><img decoding=\"async\" class='wp-image-27442 avia-img-lazy-loading-not-27442 avia_image' src=\"https:\/\/radiorevelacionfm.cl\/wp-content\/uploads\/2023\/02\/Fn-gEK4XEAAV6PY-1-1.jpg\" alt='' title='Fn-gEK4XEAAV6PY (1) (1)' height=\"600\" width=\"907\"  itemprop=\"thumbnailUrl\" srcset=\"https:\/\/radiorevelacionfm.cl\/wp-content\/uploads\/2023\/02\/Fn-gEK4XEAAV6PY-1-1.jpg 907w, https:\/\/radiorevelacionfm.cl\/wp-content\/uploads\/2023\/02\/Fn-gEK4XEAAV6PY-1-1-300x198.jpg 300w, https:\/\/radiorevelacionfm.cl\/wp-content\/uploads\/2023\/02\/Fn-gEK4XEAAV6PY-1-1-768x508.jpg 768w, https:\/\/radiorevelacionfm.cl\/wp-content\/uploads\/2023\/02\/Fn-gEK4XEAAV6PY-1-1-705x466.jpg 705w, https:\/\/radiorevelacionfm.cl\/wp-content\/uploads\/2023\/02\/Fn-gEK4XEAAV6PY-1-1-600x397.jpg 600w\" sizes=\"(max-width: 907px) 100vw, 907px\" \/><\/div><\/div><\/div><\/div><div class=\"flex_column av_one_full  flex_column_div av-zero-column-padding first  avia-builder-el-2  el_after_av_one_full  el_before_av_one_full  column-top-margin\" style='border-radius:0px; '><section class=\"av_textblock_section \"  itemscope=\"itemscope\" itemtype=\"https:\/\/schema.org\/BlogPosting\" itemprop=\"blogPost\" ><div class='avia_textblock  '   itemprop=\"text\" ><p style=\"text-align: center;\"><strong><span style=\"font-size: 18pt;\">Incautan m\u00e1s de 122 toneladas del recurso Luga Roja en Melinka<\/span><\/strong><\/p>\n<div id=\"gtx-trans\" style=\"position: absolute; left: -50px; top: 4.31534px;\">\n<div class=\"gtx-trans-icon\"><\/div>\n<\/div>\n<\/div><\/section><\/div><div class=\"flex_column av_one_full  flex_column_div av-zero-column-padding first  avia-builder-el-4  el_after_av_one_full  el_before_av_hr  column-top-margin\" style='border-radius:0px; '><section class=\"av_textblock_section \"  itemscope=\"itemscope\" itemtype=\"https:\/\/schema.org\/BlogPosting\" itemprop=\"blogPost\" ><div class='avia_textblock  '   itemprop=\"text\" ><p style=\"text-align: justify;\">En dos operativos paralelos, personal de la Capitan\u00eda de Puerto de Melinka, en conjunto con personal del Servicio Nacional de Pesca y Acuicultura (SERNAPESCA), lograron incautar un total de 122,5 toneladas de Luga Roja.<\/p>\n<p style=\"text-align: justify;\">En el primer procedimiento se efectu\u00f3 tras un patrullaje a\u00e9reo efectuado por personal de SERNAPESCA, que logr\u00f3 identificar a la Lancha a Motor \u00abWesthoff VIII\u00bb, de procedencia de la Regi\u00f3n de Los Lagos, que transportaba 62.1 toneladas de Luga Roja ilegal desde el Golfo Tres Montes, Isla Byron, ante lo cual se dio aviso a la Capitan\u00eda de Puerto Melinka, con el objetivo de desviar a la embarcaci\u00f3n y poder realizar el procedimiento de rigor.<\/p>\n<p style=\"text-align: justify;\">El Capit\u00e1n de Puerto de Melinka, Teniente 2\u00b0 Litoral Izidor Fellhandler, se\u00f1al\u00f3 que esta acci\u00f3n est\u00e1 fuera de toda norma legal, debido a que la embarcaci\u00f3n en cuesti\u00f3n no puede realizar actividades de extracci\u00f3n en lugares ajenos a lo estipulado en el acuerdo de zonas contiguas.<\/p>\n<p style=\"text-align: justify;\">Agreg\u00f3 que \u201cse hace un llamado a la comunidad de la regi\u00f3n a denunciar estos hechos, ya que son un apoyo a nuestras labores de fiscalizaci\u00f3n, pudiendo combatir de mejor manera y de forma certera la extracci\u00f3n ilegal de recursos\u201d.<\/p>\n<p style=\"text-align: justify;\">En tanto un segundo procedimiento se logr\u00f3 en la fiscalizaci\u00f3n conjunta, identificando a la Lancha a Motor \u201cWesthoff II\u201d proveniente de Isla Byron, transportando 60.4 toneladas de recurso alga del tipo Luga Roja, de forma no declarada. Por lo que de igual forma, se orden\u00f3 desviar su navegaci\u00f3n de la embarcaci\u00f3n para realizar el procedimiento.<\/p>\n<p style=\"text-align: justify;\">Por lo anterior, se\u00f1al\u00f3 la Oficial de Relaciones P\u00fablicas de la Gobernaci\u00f3n Mar\u00edtima Ays\u00e9n, Teniente 2\u00b0 Litoral Mar\u00eda P\u00eda Barrientos, \u201cel patr\u00f3n de la embarcaci\u00f3n qued\u00f3 citado al juzgado de Letras y Garant\u00eda de Ays\u00e9n por no acreditar el origen legal del recurso y no transmitir su posici\u00f3n por 5 d\u00edas, contraviniendo los art\u00edculos 63, 65, 107 y 116 de la Ley General de Pesca y Acuicultura\u201d.<\/p>\n<p style=\"text-align: justify;\">Finalmente, tambi\u00e9n se detall\u00f3 que personal de Polic\u00eda Mar\u00edtima, al efectuar fiscalizaci\u00f3n de la documentaci\u00f3n respectiva para el zarpe de la embarcaci\u00f3n, constat\u00f3 que no contaba con su certificado de navegabilidad a bordo al momento de la fiscalizaci\u00f3n, infringiendo el Art. 15 de la Ley de Navegaci\u00f3n.<\/p>\n<\/div><\/section><\/div><div  style='height:50px' class='hr hr-invisible   avia-builder-el-6  el_after_av_one_full  el_before_av_social_share '><span class='hr-inner ' ><span class='hr-inner-style'><\/span><\/span><\/div><\/p>\n<div  class='av-social-sharing-box  avia-builder-el-7  el_after_av_hr  el_before_av_hr  '><div class='av-share-box'><h5 class='av-share-link-description av-no-toc '>Compartir esta noticia<\/h5><ul class='av-share-box-list noLightbox'><li class='av-share-link av-social-link-facebook' ><a target=\"_blank\" aria-label=\"Compartir en Facebook\" href='https:\/\/www.facebook.com\/sharer.php?u=https:\/\/radiorevelacionfm.cl\/?p=27441&#038;t=Incautan%20m%C3%A1s%20de%20122%20toneladas%20del%20recurso%20Luga%20Roja%20en%20Melinka' aria-hidden='false' data-av_icon='\ue8f3' data-av_iconfont='entypo-fontello' title='' data-avia-related-tooltip='Compartir en Facebook' rel=\"noopener\"><span class='avia_hidden_link_text'>Compartir en Facebook<\/span><\/a><\/li><li class='av-share-link av-social-link-twitter' ><a target=\"_blank\" aria-label=\"Compartir en Twitter\" href='https:\/\/twitter.com\/share?text=Incautan%20m%C3%A1s%20de%20122%20toneladas%20del%20recurso%20Luga%20Roja%20en%20Melinka&#038;url=https:\/\/radiorevelacionfm.cl\/?p=27441' aria-hidden='false' data-av_icon='\ue8f1' data-av_iconfont='entypo-fontello' title='' data-avia-related-tooltip='Compartir en Twitter' rel=\"noopener\"><span class='avia_hidden_link_text'>Compartir en Twitter<\/span><\/a><\/li><li class='av-share-link av-social-link-whatsapp' ><a target=\"_blank\" aria-label=\"Compartir en Whatsapp\" href='https:\/\/api.whatsapp.com\/send?text=https:\/\/radiorevelacionfm.cl\/?p=27441' aria-hidden='false' data-av_icon='\uf232' data-av_iconfont='entypo-fontello' title='' data-avia-related-tooltip='Compartir en Whatsapp' rel=\"noopener\"><span class='avia_hidden_link_text'>Compartir en Whatsapp<\/span><\/a><\/li><li class='av-share-link av-social-link-linkedin' ><a target=\"_blank\" aria-label=\"Compartir en LinkedIn\" href='https:\/\/linkedin.com\/shareArticle?mini=true&#038;title=Incautan%20m%C3%A1s%20de%20122%20toneladas%20del%20recurso%20Luga%20Roja%20en%20Melinka&#038;url=https:\/\/radiorevelacionfm.cl\/?p=27441' aria-hidden='false' data-av_icon='\ue8fc' data-av_iconfont='entypo-fontello' title='' data-avia-related-tooltip='Compartir en LinkedIn' rel=\"noopener\"><span class='avia_hidden_link_text'>Compartir en LinkedIn<\/span><\/a><\/li><li class='av-share-link av-social-link-mail' ><a  aria-label=\"Compartir por correo\" href='mailto:?subject=Incautan%20m%C3%A1s%20de%20122%20toneladas%20del%20recurso%20Luga%20Roja%20en%20Melinka&#038;body=https:\/\/radiorevelacionfm.cl\/?p=27441' aria-hidden='false' data-av_icon='\ue805' data-av_iconfont='entypo-fontello' title='' data-avia-related-tooltip='Compartir por correo'><span class='avia_hidden_link_text'>Compartir por correo<\/span><\/a><\/li><\/ul><\/div><\/div>\n<div  style='height:50px' class='hr hr-invisible   avia-builder-el-8  el_after_av_social_share  el_before_av_comments_list '><span class='hr-inner ' ><span class='hr-inner-style'><\/span><\/span><\/div>\n<div  class='av-buildercomment  av-blog-meta-html-info-disabled av-blog-meta-tag-disabled  '><\/div>\n","protected":false},"excerpt":{"rendered":"","protected":false},"author":1,"featured_media":27442,"comment_status":"open","ping_status":"open","sticky":false,"template":"","format":"standard","meta":{"footnotes":""},"categories":[60],"tags":[],"class_list":["post-27441","post","type-post","status-publish","format-standard","has-post-thumbnail","hentry","category-pesca"],"jetpack_featured_media_url":"https:\/\/radiorevelacionfm.cl\/wp-content\/uploads\/2023\/02\/Fn-gEK4XEAAV6PY-1-1.jpg","_links":{"self":[{"href":"https:\/\/radiorevelacionfm.cl\/index.php?rest_route=\/wp\/v2\/posts\/27441","targetHints":{"allow":["GET"]}}],"collection":[{"href":"https:\/\/radiorevelacionfm.cl\/index.php?rest_route=\/wp\/v2\/posts"}],"about":[{"href":"https:\/\/radiorevelacionfm.cl\/index.php?rest_route=\/wp\/v2\/types\/post"}],"author":[{"embeddable":true,"href":"https:\/\/radiorevelacionfm.cl\/index.php?rest_route=\/wp\/v2\/users\/1"}],"replies":[{"embeddable":true,"href":"https:\/\/radiorevelacionfm.cl\/index.php?rest_route=%2Fwp%2Fv2%2Fcomments&post=27441"}],"version-history":[{"count":2,"href":"https:\/\/radiorevelacionfm.cl\/index.php?rest_route=\/wp\/v2\/posts\/27441\/revisions"}],"predecessor-version":[{"id":27444,"href":"https:\/\/radiorevelacionfm.cl\/index.php?rest_route=\/wp\/v2\/posts\/27441\/revisions\/27444"}],"wp:featuredmedia":[{"embeddable":true,"href":"https:\/\/radiorevelacionfm.cl\/index.php?rest_route=\/wp\/v2\/media\/27442"}],"wp:attachment":[{"href":"https:\/\/radiorevelacionfm.cl\/index.php?rest_route=%2Fwp%2Fv2%2Fmedia&parent=27441"}],"wp:term":[{"taxonomy":"category","embeddable":true,"href":"https:\/\/radiorevelacionfm.cl\/index.php?rest_route=%2Fwp%2Fv2%2Fcategories&post=27441"},{"taxonomy":"post_tag","embeddable":true,"href":"https:\/\/radiorevelacionfm.cl\/index.php?rest_route=%2Fwp%2Fv2%2Ftags&post=27441"}],"curies":[{"name":"wp","href":"https:\/\/api.w.org\/{rel}","templated":true}]}}