{"id":27437,"date":"2023-02-04T11:18:32","date_gmt":"2023-02-04T14:18:32","guid":{"rendered":"https:\/\/radiorevelacionfm.cl\/?p=27437"},"modified":"2023-02-04T11:18:32","modified_gmt":"2023-02-04T14:18:32","slug":"difusion-de-la-memoria-agrupaciones-de-derechos-humanos-de-aysen-son-clave-en-la-esfera-cultural-y-artistica","status":"publish","type":"post","link":"https:\/\/radiorevelacionfm.cl\/?p=27437","title":{"rendered":"Difusi\u00f3n de la memoria: agrupaciones de derechos humanos de Ays\u00e9n son clave en la esfera cultural y art\u00edstica"},"content":{"rendered":"<div class=\"flex_column av_one_full  flex_column_div av-zero-column-padding first  avia-builder-el-0  el_before_av_one_full  avia-builder-el-first  \" style='border-radius:0px; '><div  class='avia-image-container  av-styling-    avia-builder-el-1  avia-builder-el-no-sibling  avia-align-center '  itemprop=\"image\" itemscope=\"itemscope\" itemtype=\"https:\/\/schema.org\/ImageObject\"  ><div class='avia-image-container-inner'><div class='avia-image-overlay-wrap'><img decoding=\"async\" class='wp-image-27439 avia-img-lazy-loading-not-27439 avia_image' src=\"https:\/\/radiorevelacionfm.cl\/wp-content\/uploads\/2023\/02\/fotografia-ruta-de-la-memoria-agrupacion-de-derechos-humanos-de-coyhaique-1_optimized.jpg\" alt='' title='fotograf\u00eda - ruta-de-la-memoria-agrupaci\u00f3n-de-derechos-humanos-de-coyhaique-(1)_optimized' height=\"600\" width=\"926\"  itemprop=\"thumbnailUrl\" srcset=\"https:\/\/radiorevelacionfm.cl\/wp-content\/uploads\/2023\/02\/fotografia-ruta-de-la-memoria-agrupacion-de-derechos-humanos-de-coyhaique-1_optimized.jpg 926w, https:\/\/radiorevelacionfm.cl\/wp-content\/uploads\/2023\/02\/fotografia-ruta-de-la-memoria-agrupacion-de-derechos-humanos-de-coyhaique-1_optimized-300x194.jpg 300w, https:\/\/radiorevelacionfm.cl\/wp-content\/uploads\/2023\/02\/fotografia-ruta-de-la-memoria-agrupacion-de-derechos-humanos-de-coyhaique-1_optimized-768x498.jpg 768w, https:\/\/radiorevelacionfm.cl\/wp-content\/uploads\/2023\/02\/fotografia-ruta-de-la-memoria-agrupacion-de-derechos-humanos-de-coyhaique-1_optimized-705x457.jpg 705w, https:\/\/radiorevelacionfm.cl\/wp-content\/uploads\/2023\/02\/fotografia-ruta-de-la-memoria-agrupacion-de-derechos-humanos-de-coyhaique-1_optimized-600x389.jpg 600w\" sizes=\"(max-width: 926px) 100vw, 926px\" \/><\/div><\/div><\/div><\/div><div class=\"flex_column av_one_full  flex_column_div av-zero-column-padding first  avia-builder-el-2  el_after_av_one_full  el_before_av_one_full  column-top-margin\" style='border-radius:0px; '><section class=\"av_textblock_section \"  itemscope=\"itemscope\" itemtype=\"https:\/\/schema.org\/BlogPosting\" itemprop=\"blogPost\" ><div class='avia_textblock  '   itemprop=\"text\" ><p style=\"text-align: center;\"><span style=\"font-size: 18pt;\"><strong>Difusi\u00f3n de la memoria: agrupaciones de derechos humanos de Ays\u00e9n son clave en la esfera cultural y art\u00edstica<\/strong><\/span><\/p>\n<div id=\"gtx-trans\" style=\"position: absolute; left: -50px; top: 4.31534px;\">\n<div class=\"gtx-trans-icon\"><\/div>\n<\/div>\n<\/div><\/section><\/div><div class=\"flex_column av_one_full  flex_column_div av-zero-column-padding first  avia-builder-el-4  el_after_av_one_full  el_before_av_hr  column-top-margin\" style='border-radius:0px; '><section class=\"av_textblock_section \"  itemscope=\"itemscope\" itemtype=\"https:\/\/schema.org\/BlogPosting\" itemprop=\"blogPost\" ><div class='avia_textblock  '   itemprop=\"text\" ><p style=\"text-align: justify;\">En Ays\u00e9n, Trinchera Utop\u00eda Biblioteca y la Agrupaci\u00f3n de Derechos Humanos de Coyhaique se han convertido en referentes para el tejido social, algo que posibilit\u00f3 la difusi\u00f3n de la memoria de un periodo complejo en la historia chilena.<\/p>\n<p style=\"text-align: justify;\">Cada a\u00f1o las agrupaciones de derechos humanos de la regi\u00f3n, sociabilizan la memoria hist\u00f3rica y colectiva de un proceso que marc\u00f3 al pa\u00eds y que, en medio de un escenario cambiante, lograron insertarse en el c\u00famulo ciudadano con el objetivo de concientizar a trav\u00e9s de la programaci\u00f3n de actividades en espacios p\u00fablicos.<\/p>\n<p style=\"text-align: justify;\">Un accionar constante que dio sus frutos previa articulaci\u00f3n de esfuerzos entre habitantes, agrupaciones e instituciones para conseguir hitos de gran envergadura, como fue lo acontecido en la Segunda Comisar\u00eda de Puerto Ays\u00e9n, declarada Sitio de Memoria bajo la ley 17.288 hace algunos meses.<\/p>\n<p style=\"text-align: justify;\">Esta coordinaci\u00f3n de agentes civiles posiciona a las organizaciones en un \u201cestadio de gesti\u00f3n m\u00e1s avanzado, de cara a nuevos desaf\u00edos como lo son la obtenci\u00f3n de comodato\u201d, se\u00f1al\u00f3 Bego\u00f1a Olivares, en representaci\u00f3n de la Unidad de Cultura, Memoria y Derechos Humanos, del Ministerio de las Culturas, las Artes y el Patrimonio.<\/p>\n<p style=\"text-align: justify;\">A\u00f1adiendo que el quehacer en la zona \u201ces considerado como referente para todo el pa\u00eds, debido al tenaz trabajo de memoria y promoci\u00f3n de los derechos humanos sostenido por las agrupaciones, como tambi\u00e9n el constante inter\u00e9s por seguir especializ\u00e1ndose en torno a la gesti\u00f3n y difusi\u00f3n de los sitios de memoria\u201d.<\/p>\n<p style=\"text-align: justify;\">Por otra parte, desde la cartera local, el seremi de Culturas Ays\u00e9n, Felipe Quiroz, valor\u00f3 el continuo compromiso. \u201cEl trabajo incansable que han hecho tanto para relevar la memoria hist\u00f3rica y tambi\u00e9n la importancia de hablar de derechos humanos, para nosotros como Ministerio de las Culturas, las Artes y el Patrimonio es fundamental, porque a trav\u00e9s de ellas podemos proyectar una memoria para el futuro, una memoria donde se cimiente un camino de justicia, de verdad y de reparaci\u00f3n y con una impronta de no repetici\u00f3n\u201d.<\/p>\n<p style=\"text-align: justify;\">Esto trae a la palestra la puesta en marcha de \u201cAys\u00e9n, transitando por la memoria\u201d, proyecto financiado por la Seremi de Culturas, a cargo de la Agrupaci\u00f3n de Derechos Humanos de Coyhaique, cuya carta de navegaci\u00f3n consider\u00f3 el conversatorio: \u201cImportancia de los Sitios de Memoria en la promoci\u00f3n y defensa de los derechos humanos\u201d. Cabe destacar que la instancia implementada en 2022 cont\u00f3 con la participaci\u00f3n de Marcelo Acevedo, abogado y coordinador de la Red de Sitios de Memoria; y Sandra Pi\u00f1eiro, acad\u00e9mica e investigadora en Memoria de Ni\u00f1ez en Dictadura.<\/p>\n<p style=\"text-align: justify;\">Para complementar las acciones, la agrupaci\u00f3n hizo una serie de intervenciones art\u00edsticas, adem\u00e1s de la tradicional \u201cCiclo ruta de la memoria\u201d, acorde a la premisa de visibilizar infraestructura que en tiempos de dictadura fuera utilizada como reciento de tortura. \u201cLa idea de realizar este proyecto nace m\u00e1s que nada, de la continuidad que tenemos cada a\u00f1o\u201d, expres\u00f3 Mar\u00eda Vera, presidenta de la organizaci\u00f3n, aclarando que la declaraci\u00f3n del Sitio de Memoria es relevante para los esfuerzos del equipo.<\/p>\n<p style=\"text-align: justify;\">\u201cLos sitios de memoria nos recuerdan lugares donde hubo violaciones a los derechos humanos y es muy importante no solo para quienes fueron v\u00edctimas, sino tambi\u00e9n para la comunidad que esos espacios permanezcan y sean visibles en el tiempo para que no vuelvan a cometerse los mismos actos horrorosos\u201d, puntualiz\u00f3 Vera.<\/p>\n<p style=\"text-align: justify;\">Un trabajo similar y paralelo al de la Agrupaci\u00f3n de Derechos Humanos de Coyhaique, desarroll\u00f3 Trinchera Utop\u00eda Biblioteca. \u201cEl lenguaje art\u00edstico nos facilita la comunicaci\u00f3n de las memorias de dictadura, nos abren al di\u00e1logo, y a una reacci\u00f3n y actualizaci\u00f3n desde lo personal y lo colectivo\u201d, sostuvo Gloria Hern\u00e1ndez, representante legal de la organizaci\u00f3n, la cual ha entablado un quehacer notable en la circulaci\u00f3n de la memoria, mediante jornadas formativas con talleres de serigraf\u00eda y arpillera, en el proyecto \u201cCon hilos de memoria bordamos justicia\u201d.<\/p>\n<p style=\"text-align: justify;\">Respecto al financiamiento, proveniente de la Seremi de las Culturas, la representante legal sostuvo: \u201cnos ha ayudado a organizar nuestro trabajo, realizar investigaci\u00f3n, entrevistas, cartograf\u00eda de la memoria, audiovisuales (v\u00eddeos) para compartir con la comunidad\u201d, cerr\u00f3.<\/p>\n<\/div><\/section><\/div><div  style='height:50px' class='hr hr-invisible   avia-builder-el-6  el_after_av_one_full  el_before_av_social_share '><span class='hr-inner ' ><span class='hr-inner-style'><\/span><\/span><\/div><\/p>\n<div  class='av-social-sharing-box  avia-builder-el-7  el_after_av_hr  el_before_av_hr  '><div class='av-share-box'><h5 class='av-share-link-description av-no-toc '>Compartir esta noticia<\/h5><ul class='av-share-box-list noLightbox'><li class='av-share-link av-social-link-facebook' ><a target=\"_blank\" aria-label=\"Compartir en Facebook\" href='https:\/\/www.facebook.com\/sharer.php?u=https:\/\/radiorevelacionfm.cl\/?p=27437&#038;t=Difusi%C3%B3n%20de%20la%20memoria%3A%20agrupaciones%20de%20derechos%20humanos%20de%20Ays%C3%A9n%20son%20clave%20en%20la%20esfera%20cultural%20y%20art%C3%ADstica' aria-hidden='false' data-av_icon='\ue8f3' data-av_iconfont='entypo-fontello' title='' data-avia-related-tooltip='Compartir en Facebook' rel=\"noopener\"><span class='avia_hidden_link_text'>Compartir en Facebook<\/span><\/a><\/li><li class='av-share-link av-social-link-twitter' ><a target=\"_blank\" aria-label=\"Compartir en Twitter\" href='https:\/\/twitter.com\/share?text=Difusi%C3%B3n%20de%20la%20memoria%3A%20agrupaciones%20de%20derechos%20humanos%20de%20Ays%C3%A9n%20son%20clave%20en%20la%20esfera%20cultural%20y%20art%C3%ADstica&#038;url=https:\/\/radiorevelacionfm.cl\/?p=27437' aria-hidden='false' data-av_icon='\ue8f1' data-av_iconfont='entypo-fontello' title='' data-avia-related-tooltip='Compartir en Twitter' rel=\"noopener\"><span class='avia_hidden_link_text'>Compartir en Twitter<\/span><\/a><\/li><li class='av-share-link av-social-link-whatsapp' ><a target=\"_blank\" aria-label=\"Compartir en Whatsapp\" href='https:\/\/api.whatsapp.com\/send?text=https:\/\/radiorevelacionfm.cl\/?p=27437' aria-hidden='false' data-av_icon='\uf232' data-av_iconfont='entypo-fontello' title='' data-avia-related-tooltip='Compartir en Whatsapp' rel=\"noopener\"><span class='avia_hidden_link_text'>Compartir en Whatsapp<\/span><\/a><\/li><li class='av-share-link av-social-link-linkedin' ><a target=\"_blank\" aria-label=\"Compartir en LinkedIn\" href='https:\/\/linkedin.com\/shareArticle?mini=true&#038;title=Difusi%C3%B3n%20de%20la%20memoria%3A%20agrupaciones%20de%20derechos%20humanos%20de%20Ays%C3%A9n%20son%20clave%20en%20la%20esfera%20cultural%20y%20art%C3%ADstica&#038;url=https:\/\/radiorevelacionfm.cl\/?p=27437' aria-hidden='false' data-av_icon='\ue8fc' data-av_iconfont='entypo-fontello' title='' data-avia-related-tooltip='Compartir en LinkedIn' rel=\"noopener\"><span class='avia_hidden_link_text'>Compartir en LinkedIn<\/span><\/a><\/li><li class='av-share-link av-social-link-mail' ><a  aria-label=\"Compartir por correo\" href='mailto:?subject=Difusi%C3%B3n%20de%20la%20memoria%3A%20agrupaciones%20de%20derechos%20humanos%20de%20Ays%C3%A9n%20son%20clave%20en%20la%20esfera%20cultural%20y%20art%C3%ADstica&#038;body=https:\/\/radiorevelacionfm.cl\/?p=27437' aria-hidden='false' data-av_icon='\ue805' data-av_iconfont='entypo-fontello' title='' data-avia-related-tooltip='Compartir por correo'><span class='avia_hidden_link_text'>Compartir por correo<\/span><\/a><\/li><\/ul><\/div><\/div>\n<div  style='height:50px' class='hr hr-invisible   avia-builder-el-8  el_after_av_social_share  el_before_av_comments_list '><span class='hr-inner ' ><span class='hr-inner-style'><\/span><\/span><\/div>\n<div  class='av-buildercomment  av-blog-meta-html-info-disabled av-blog-meta-tag-disabled  '><\/div>\n","protected":false},"excerpt":{"rendered":"","protected":false},"author":1,"featured_media":27439,"comment_status":"open","ping_status":"open","sticky":false,"template":"","format":"standard","meta":{"footnotes":""},"categories":[38],"tags":[],"class_list":["post-27437","post","type-post","status-publish","format-standard","has-post-thumbnail","hentry","category-regional"],"jetpack_featured_media_url":"https:\/\/radiorevelacionfm.cl\/wp-content\/uploads\/2023\/02\/fotografia-ruta-de-la-memoria-agrupacion-de-derechos-humanos-de-coyhaique-1_optimized.jpg","_links":{"self":[{"href":"https:\/\/radiorevelacionfm.cl\/index.php?rest_route=\/wp\/v2\/posts\/27437","targetHints":{"allow":["GET"]}}],"collection":[{"href":"https:\/\/radiorevelacionfm.cl\/index.php?rest_route=\/wp\/v2\/posts"}],"about":[{"href":"https:\/\/radiorevelacionfm.cl\/index.php?rest_route=\/wp\/v2\/types\/post"}],"author":[{"embeddable":true,"href":"https:\/\/radiorevelacionfm.cl\/index.php?rest_route=\/wp\/v2\/users\/1"}],"replies":[{"embeddable":true,"href":"https:\/\/radiorevelacionfm.cl\/index.php?rest_route=%2Fwp%2Fv2%2Fcomments&post=27437"}],"version-history":[{"count":2,"href":"https:\/\/radiorevelacionfm.cl\/index.php?rest_route=\/wp\/v2\/posts\/27437\/revisions"}],"predecessor-version":[{"id":27472,"href":"https:\/\/radiorevelacionfm.cl\/index.php?rest_route=\/wp\/v2\/posts\/27437\/revisions\/27472"}],"wp:featuredmedia":[{"embeddable":true,"href":"https:\/\/radiorevelacionfm.cl\/index.php?rest_route=\/wp\/v2\/media\/27439"}],"wp:attachment":[{"href":"https:\/\/radiorevelacionfm.cl\/index.php?rest_route=%2Fwp%2Fv2%2Fmedia&parent=27437"}],"wp:term":[{"taxonomy":"category","embeddable":true,"href":"https:\/\/radiorevelacionfm.cl\/index.php?rest_route=%2Fwp%2Fv2%2Fcategories&post=27437"},{"taxonomy":"post_tag","embeddable":true,"href":"https:\/\/radiorevelacionfm.cl\/index.php?rest_route=%2Fwp%2Fv2%2Ftags&post=27437"}],"curies":[{"name":"wp","href":"https:\/\/api.w.org\/{rel}","templated":true}]}}