{"id":27433,"date":"2023-02-04T11:06:43","date_gmt":"2023-02-04T14:06:43","guid":{"rendered":"https:\/\/radiorevelacionfm.cl\/?p=27433"},"modified":"2023-02-04T11:06:43","modified_gmt":"2023-02-04T14:06:43","slug":"realizan-lanzamiento-del-9-festival-internacional-de-la-patagonia","status":"publish","type":"post","link":"https:\/\/radiorevelacionfm.cl\/?p=27433","title":{"rendered":"Realizan lanzamiento del 9\u00b0 Festival Internacional de la Patagonia"},"content":{"rendered":"<div class=\"flex_column av_one_full  flex_column_div av-zero-column-padding first  avia-builder-el-0  el_before_av_one_full  avia-builder-el-first  \" style='border-radius:0px; '><div  class='avia-image-container  av-styling-    avia-builder-el-1  avia-builder-el-no-sibling  avia-align-center '  itemprop=\"image\" itemscope=\"itemscope\" itemtype=\"https:\/\/schema.org\/ImageObject\"  ><div class='avia-image-container-inner'><div class='avia-image-overlay-wrap'><img decoding=\"async\" class='wp-image-27434 avia-img-lazy-loading-not-27434 avia_image' src=\"https:\/\/radiorevelacionfm.cl\/wp-content\/uploads\/2023\/02\/foto-2-24-1_optimized.jpg\" alt='' title='foto-2-(24)-(1)_optimized' height=\"600\" width=\"800\"  itemprop=\"thumbnailUrl\" srcset=\"https:\/\/radiorevelacionfm.cl\/wp-content\/uploads\/2023\/02\/foto-2-24-1_optimized.jpg 800w, https:\/\/radiorevelacionfm.cl\/wp-content\/uploads\/2023\/02\/foto-2-24-1_optimized-300x225.jpg 300w, https:\/\/radiorevelacionfm.cl\/wp-content\/uploads\/2023\/02\/foto-2-24-1_optimized-768x576.jpg 768w, https:\/\/radiorevelacionfm.cl\/wp-content\/uploads\/2023\/02\/foto-2-24-1_optimized-705x529.jpg 705w, https:\/\/radiorevelacionfm.cl\/wp-content\/uploads\/2023\/02\/foto-2-24-1_optimized-600x450.jpg 600w\" sizes=\"(max-width: 800px) 100vw, 800px\" \/><\/div><\/div><\/div><\/div><div class=\"flex_column av_one_full  flex_column_div av-zero-column-padding first  avia-builder-el-2  el_after_av_one_full  el_before_av_one_full  column-top-margin\" style='border-radius:0px; '><section class=\"av_textblock_section \"  itemscope=\"itemscope\" itemtype=\"https:\/\/schema.org\/BlogPosting\" itemprop=\"blogPost\" ><div class='avia_textblock  '   itemprop=\"text\" ><p style=\"text-align: center;\"><strong><span style=\"font-size: 18pt;\">Realizan lanzamiento del 9\u00b0 Festival Internacional de la Patagonia<\/span><\/strong><\/p>\n<div id=\"gtx-trans\" style=\"position: absolute; left: -50px; top: 4.31534px;\">\n<div class=\"gtx-trans-icon\"><\/div>\n<\/div>\n<\/div><\/section><\/div><div class=\"flex_column av_one_full  flex_column_div av-zero-column-padding first  avia-builder-el-4  el_after_av_one_full  el_before_av_hr  column-top-margin\" style='border-radius:0px; '><section class=\"av_textblock_section \"  itemscope=\"itemscope\" itemtype=\"https:\/\/schema.org\/BlogPosting\" itemprop=\"blogPost\" ><div class='avia_textblock  '   itemprop=\"text\" ><p class=\"v1MsoNormal\" style=\"text-align: justify;\">Este viernes en la ma\u00f1ana se realiz\u00f3 el lanzamiento del 9\u00b0 Festival Internacional de M\u00fasica en la Patagonia (FIMP) en el Centro Cultural Coyhaique, evento que ya cuenta con una importante trayectoria en la temporada de verano regional, donde se dieron a conocer todos los detalles de esta nueva versi\u00f3n.<\/p>\n<p class=\"v1MsoNormal\" style=\"text-align: justify;\">En el lanzamiento participaron el seremi de cultura Felipe Quiroz; la concejala Ana Mar\u00eda Navarrete; y los organizadores y fundadores del festival, Ricardo Bahamondez, Ignacio Gonz\u00e1les y Alejandro Cort\u00e9s.<\/p>\n<p class=\"v1MsoNormal\" style=\"text-align: justify;\">El Festival Internacional de M\u00fasica en la Patagonia es organizado por la Fundaci\u00f3n Internacional para la M\u00fasica en la Patagonia, patrocinado por la Agrupaci\u00f3n Musical FIMP y financiado por el Fondo de la M\u00fasica, L\u00ednea de M\u00fasica en Vivo, Modalidad Festivales de Trayectoria, Convocatoria 2023.<\/p>\n<p class=\"v1MsoNormal\" style=\"text-align: justify;\">Los conciertos se realizar\u00e1n los d\u00edas\u00a0<b>s\u00e1bado 4, lunes 6, mi\u00e9rcoles 8 y viernes 10 de febrero, todos ellos desde las 19:00 horas en el Centro Cultural Coyhaique<\/b>, ubicado en calle Eusebio Lillo #23 y los organizadores destacaron el nivel de los exponentes que se presentar\u00e1n en cada jornada.<\/p>\n<p class=\"v1MsoNormal\" style=\"text-align: justify;\">\u00abEste festival no solo es importante porque llevamos 9 a\u00f1os, sino porque tambi\u00e9n estamos pr\u00f3ximos a celebrar una d\u00e9cada, lo que para nosotros con el equipo es de gran valor, porque empezamos muy j\u00f3venes con esto y cumplir 10 a\u00f1os es tambi\u00e9n estar m\u00e1s maduros. Tenemos una parrilla de m\u00fasicos internacionales de Cuba, Francia, Espa\u00f1a, chilenos y tambi\u00e9n artistas regionales\u00bb, se\u00f1al\u00f3 Ignacio Gonz\u00e1lez.<\/p>\n<p class=\"v1MsoNormal\" style=\"text-align: justify;\">En esta edici\u00f3n los m\u00fasicos que se presentar\u00e1n ser\u00e1n el destacado guitarrista chileno\u00a0<b>Jos\u00e9 Antonio Escobar<\/b>\u00a0y el\u00a0<b>Cuarteto Soro<\/b>, conformado por el violinista franc\u00e9s\u00a0<b>Dorian Lamotte<\/b>, la violinista cubana\u00a0<b>M\u00f3nica Betancourt<\/b>, el violista chileno\u00a0<b>Vicente Toskana-Lanzendorff<\/b>\u00a0y la violonchelista espa\u00f1ola\u00a0<b>Elisa Rodr\u00edguez Sa\u0301daba<\/b>.<\/p>\n<p class=\"v1MsoNormal\" style=\"text-align: justify;\">En cuanto a los representantes regionales, se presentar\u00e1n el guitarrista\u00a0<b>Juan Mouras<\/b>, el tenor\u00a0<b>Alejandro Vernal<\/b>\u00a0y los pianistas\u00a0<b>Mat\u00edas S\u00e1ez<\/b>,\u00a0<b>Ignacio Gonz\u00e1lez<\/b>\u00a0y\u00a0<b>Ricardo Bahamondez<\/b>.<\/p>\n<p class=\"v1MsoNormal\" style=\"text-align: justify;\">Las entradas gratuitas pueden ser adquiridas presencialmente en el Centro Cultural Coyhaique o de manera virtual a trav\u00e9s de la p\u00e1gina\u00a0<a href=\"http:\/\/www.fimp.cl\/\" target=\"_blank\" rel=\"noopener noreferrer\">www.fimp.cl<\/a>. Adem\u00e1s de las entradas gratuitas, se puede optar por una entrada con aporte voluntario, con el objetivo de aportar para la pr\u00f3xima edici\u00f3n del festival, cuando se celebren los 10 a\u00f1os del FIMP.<\/p>\n<p class=\"v1MsoNormal\" style=\"text-align: justify;\">\u00abEl objetivo es potenciar la d\u00e9cima versi\u00f3n del FIMP, ya que cumplimos 10 a\u00f1os de historia. Eso no es un n\u00famero menor y por eso queremos celebrarlo en grande y no solamente con el esfuerzo del equipo que ha levantado el festival durante estos a\u00f1os, sino que tambi\u00e9n con el esfuerzo de toda la comunidad para celebrar como corresponde estos 10 a\u00f1os de m\u00fasica en la regi\u00f3n\u00bb, destac\u00f3 Alejandro Cort\u00e9s.<\/p>\n<p class=\"v1MsoNormal\" style=\"text-align: justify;\">Por su parte las autoridades destacaron al festival por la tradici\u00f3n y por acercar la m\u00fasica a la comunidad.<\/p>\n<p class=\"v1MsoNormal\" style=\"text-align: justify;\">\u00abEste tipo de iniciativas vienen a robustecer un ecosistema que ha sabido sobrellevar dos a\u00f1os tan duros como fueron los de la pandemia. Por eso me encanta que podamos seguir encontr\u00e1ndonos, despu\u00e9s de tiempos tan dolorosos, a trav\u00e9s de las artes y de las culturas ac\u00e1 en el Centro Cultural Coyhaique\u00bb, se\u00f1al\u00f3 el seremi Felipe Quiroz.<\/p>\n<p class=\"v1MsoNormal\" style=\"text-align: justify;\">\u00abLa m\u00fasica es cultura y tambi\u00e9n alimenta nuestro esp\u00edritu, nos permite tener una mejor salud mental y recrearnos en un espacio de convivencia sana. Adem\u00e1s nos enriquece a todos como comunidad\u00bb, destac\u00f3 la concejala Ana Mar\u00eda Navarrete.<\/p>\n<p class=\"v1MsoNormal\" style=\"text-align: justify;\"><b>ACTIVIDADES CON LA COMUNIDAD<\/b><\/p>\n<p class=\"v1MsoNormal\" style=\"text-align: justify;\">Antes de cada concierto se realizar\u00e1n conversatorios online con los artistas. Desde las 18:00 horas se podr\u00e1 acceder a trav\u00e9s del canal de Youtube FIMP Coyhaique, para conocer m\u00e1s sobre la vida y el trabajo de estos destacados m\u00fasicos.<\/p>\n<p class=\"v1MsoNormal\" style=\"text-align: justify;\">Como ya es costumbre en cada edici\u00f3n del festival, adem\u00e1s de los conciertos mencionados, se realizar\u00e1 la\u00a0<b>Academia FIMP<\/b>, en donde los alumnos que participen podr\u00e1n aprender de los artistas invitados, a trav\u00e9s de charlas y conversatorios, y donde los estudiantes tambi\u00e9n realizar\u00e1n presentaciones.<\/p>\n<p class=\"v1MsoNormal\" style=\"text-align: justify;\">Para conocer m\u00e1s detalles de la novena versi\u00f3n del Festival Internacional de M\u00fasica en la Patagonia pueden ingresar a la p\u00e1gina oficial\u00a0<a href=\"http:\/\/www.fimp.cl\/\" target=\"_blank\" rel=\"noopener noreferrer\">www.fimp.cl<\/a>\u00a0o revisar sus redes sociales,\u00a0<b>@FIMPCoyhaique<\/b>\u00a0en Instagram y Facebook.<\/p>\n<\/div><\/section><\/div><div  style='height:50px' class='hr hr-invisible   avia-builder-el-6  el_after_av_one_full  el_before_av_social_share '><span class='hr-inner ' ><span class='hr-inner-style'><\/span><\/span><\/div><\/p>\n<div  class='av-social-sharing-box  avia-builder-el-7  el_after_av_hr  el_before_av_hr  '><div class='av-share-box'><h5 class='av-share-link-description av-no-toc '>Compartir esta noticia<\/h5><ul class='av-share-box-list noLightbox'><li class='av-share-link av-social-link-facebook' ><a target=\"_blank\" aria-label=\"Compartir en Facebook\" href='https:\/\/www.facebook.com\/sharer.php?u=https:\/\/radiorevelacionfm.cl\/?p=27433&#038;t=Realizan%20lanzamiento%20del%209%C2%B0%20Festival%20Internacional%20de%20la%20Patagonia' aria-hidden='false' data-av_icon='\ue8f3' data-av_iconfont='entypo-fontello' title='' data-avia-related-tooltip='Compartir en Facebook' rel=\"noopener\"><span class='avia_hidden_link_text'>Compartir en Facebook<\/span><\/a><\/li><li class='av-share-link av-social-link-twitter' ><a target=\"_blank\" aria-label=\"Compartir en Twitter\" href='https:\/\/twitter.com\/share?text=Realizan%20lanzamiento%20del%209%C2%B0%20Festival%20Internacional%20de%20la%20Patagonia&#038;url=https:\/\/radiorevelacionfm.cl\/?p=27433' aria-hidden='false' data-av_icon='\ue8f1' data-av_iconfont='entypo-fontello' title='' data-avia-related-tooltip='Compartir en Twitter' rel=\"noopener\"><span class='avia_hidden_link_text'>Compartir en Twitter<\/span><\/a><\/li><li class='av-share-link av-social-link-whatsapp' ><a target=\"_blank\" aria-label=\"Compartir en Whatsapp\" href='https:\/\/api.whatsapp.com\/send?text=https:\/\/radiorevelacionfm.cl\/?p=27433' aria-hidden='false' data-av_icon='\uf232' data-av_iconfont='entypo-fontello' title='' data-avia-related-tooltip='Compartir en Whatsapp' rel=\"noopener\"><span class='avia_hidden_link_text'>Compartir en Whatsapp<\/span><\/a><\/li><li class='av-share-link av-social-link-linkedin' ><a target=\"_blank\" aria-label=\"Compartir en LinkedIn\" href='https:\/\/linkedin.com\/shareArticle?mini=true&#038;title=Realizan%20lanzamiento%20del%209%C2%B0%20Festival%20Internacional%20de%20la%20Patagonia&#038;url=https:\/\/radiorevelacionfm.cl\/?p=27433' aria-hidden='false' data-av_icon='\ue8fc' data-av_iconfont='entypo-fontello' title='' data-avia-related-tooltip='Compartir en LinkedIn' rel=\"noopener\"><span class='avia_hidden_link_text'>Compartir en LinkedIn<\/span><\/a><\/li><li class='av-share-link av-social-link-mail' ><a  aria-label=\"Compartir por correo\" href='mailto:?subject=Realizan%20lanzamiento%20del%209%C2%B0%20Festival%20Internacional%20de%20la%20Patagonia&#038;body=https:\/\/radiorevelacionfm.cl\/?p=27433' aria-hidden='false' data-av_icon='\ue805' data-av_iconfont='entypo-fontello' title='' data-avia-related-tooltip='Compartir por correo'><span class='avia_hidden_link_text'>Compartir por correo<\/span><\/a><\/li><\/ul><\/div><\/div>\n<div  style='height:50px' class='hr hr-invisible   avia-builder-el-8  el_after_av_social_share  el_before_av_comments_list '><span class='hr-inner ' ><span class='hr-inner-style'><\/span><\/span><\/div>\n<div  class='av-buildercomment  av-blog-meta-html-info-disabled av-blog-meta-tag-disabled  '><\/div>\n","protected":false},"excerpt":{"rendered":"","protected":false},"author":1,"featured_media":27434,"comment_status":"open","ping_status":"open","sticky":false,"template":"","format":"standard","meta":{"footnotes":""},"categories":[43],"tags":[],"class_list":["post-27433","post","type-post","status-publish","format-standard","has-post-thumbnail","hentry","category-musica"],"jetpack_featured_media_url":"https:\/\/radiorevelacionfm.cl\/wp-content\/uploads\/2023\/02\/foto-2-24-1_optimized.jpg","_links":{"self":[{"href":"https:\/\/radiorevelacionfm.cl\/index.php?rest_route=\/wp\/v2\/posts\/27433","targetHints":{"allow":["GET"]}}],"collection":[{"href":"https:\/\/radiorevelacionfm.cl\/index.php?rest_route=\/wp\/v2\/posts"}],"about":[{"href":"https:\/\/radiorevelacionfm.cl\/index.php?rest_route=\/wp\/v2\/types\/post"}],"author":[{"embeddable":true,"href":"https:\/\/radiorevelacionfm.cl\/index.php?rest_route=\/wp\/v2\/users\/1"}],"replies":[{"embeddable":true,"href":"https:\/\/radiorevelacionfm.cl\/index.php?rest_route=%2Fwp%2Fv2%2Fcomments&post=27433"}],"version-history":[{"count":2,"href":"https:\/\/radiorevelacionfm.cl\/index.php?rest_route=\/wp\/v2\/posts\/27433\/revisions"}],"predecessor-version":[{"id":27471,"href":"https:\/\/radiorevelacionfm.cl\/index.php?rest_route=\/wp\/v2\/posts\/27433\/revisions\/27471"}],"wp:featuredmedia":[{"embeddable":true,"href":"https:\/\/radiorevelacionfm.cl\/index.php?rest_route=\/wp\/v2\/media\/27434"}],"wp:attachment":[{"href":"https:\/\/radiorevelacionfm.cl\/index.php?rest_route=%2Fwp%2Fv2%2Fmedia&parent=27433"}],"wp:term":[{"taxonomy":"category","embeddable":true,"href":"https:\/\/radiorevelacionfm.cl\/index.php?rest_route=%2Fwp%2Fv2%2Fcategories&post=27433"},{"taxonomy":"post_tag","embeddable":true,"href":"https:\/\/radiorevelacionfm.cl\/index.php?rest_route=%2Fwp%2Fv2%2Ftags&post=27433"}],"curies":[{"name":"wp","href":"https:\/\/api.w.org\/{rel}","templated":true}]}}