{"id":27430,"date":"2023-02-03T16:02:27","date_gmt":"2023-02-03T19:02:27","guid":{"rendered":"https:\/\/radiorevelacionfm.cl\/?p=27430"},"modified":"2023-02-03T16:02:27","modified_gmt":"2023-02-03T19:02:27","slug":"exitosa-convocatoria-en-cochrane-gobierno-regional-continua-con-capacitaciones-para-postular-al-8-del-fndr","status":"publish","type":"post","link":"https:\/\/radiorevelacionfm.cl\/?p=27430","title":{"rendered":"Exitosa convocatoria en Cochrane: Gobierno Regional contin\u00faa con capacitaciones para postular al 8% del FNDR"},"content":{"rendered":"<div class=\"flex_column av_one_full  flex_column_div av-zero-column-padding first  avia-builder-el-0  el_before_av_one_full  avia-builder-el-first  \" style='border-radius:0px; '><div  class='avia-image-container  av-styling-    avia-builder-el-1  avia-builder-el-no-sibling  avia-align-center '  itemprop=\"image\" itemscope=\"itemscope\" itemtype=\"https:\/\/schema.org\/ImageObject\"  ><div class='avia-image-container-inner'><div class='avia-image-overlay-wrap'><img decoding=\"async\" class='wp-image-27431 avia-img-lazy-loading-not-27431 avia_image' src=\"https:\/\/radiorevelacionfm.cl\/wp-content\/uploads\/2023\/02\/foto-3-2-1-1_optimized.jpeg\" alt='' title='foto-3-(2)-(1)-(1)_optimized' height=\"600\" width=\"800\"  itemprop=\"thumbnailUrl\" srcset=\"https:\/\/radiorevelacionfm.cl\/wp-content\/uploads\/2023\/02\/foto-3-2-1-1_optimized.jpeg 800w, https:\/\/radiorevelacionfm.cl\/wp-content\/uploads\/2023\/02\/foto-3-2-1-1_optimized-300x225.jpeg 300w, https:\/\/radiorevelacionfm.cl\/wp-content\/uploads\/2023\/02\/foto-3-2-1-1_optimized-768x576.jpeg 768w, https:\/\/radiorevelacionfm.cl\/wp-content\/uploads\/2023\/02\/foto-3-2-1-1_optimized-705x529.jpeg 705w, https:\/\/radiorevelacionfm.cl\/wp-content\/uploads\/2023\/02\/foto-3-2-1-1_optimized-600x450.jpeg 600w\" sizes=\"(max-width: 800px) 100vw, 800px\" \/><\/div><\/div><\/div><\/div><div class=\"flex_column av_one_full  flex_column_div av-zero-column-padding first  avia-builder-el-2  el_after_av_one_full  el_before_av_one_full  column-top-margin\" style='border-radius:0px; '><section class=\"av_textblock_section \"  itemscope=\"itemscope\" itemtype=\"https:\/\/schema.org\/BlogPosting\" itemprop=\"blogPost\" ><div class='avia_textblock  '   itemprop=\"text\" ><p style=\"text-align: center;\"><strong><span style=\"font-size: 18pt;\">Exitosa convocatoria en Cochrane: Gobierno Regional contin\u00faa con capacitaciones para postular al 8% del FNDR<\/span><\/strong><\/p>\n<div id=\"gtx-trans\" style=\"position: absolute; left: -50px; top: 4.31534px;\">\n<div class=\"gtx-trans-icon\"><\/div>\n<\/div>\n<\/div><\/section><\/div><div class=\"flex_column av_one_full  flex_column_div av-zero-column-padding first  avia-builder-el-4  el_after_av_one_full  el_before_av_hr  column-top-margin\" style='border-radius:0px; '><section class=\"av_textblock_section \"  itemscope=\"itemscope\" itemtype=\"https:\/\/schema.org\/BlogPosting\" itemprop=\"blogPost\" ><div class='avia_textblock  '   itemprop=\"text\" ><p dir=\"ltr\" style=\"text-align: justify;\">Esta semana diferentes representantes de alrededor de 32 organizaciones sociales acudieron al Centro Cultural de la comuna de Cochrane, para participar de una de las capacitaciones que est\u00e1 llevando a cabo el Gobierno Regional de Ays\u00e9n a lo largo de toda la regi\u00f3n, con el objetivo de orientar y apoyar a los grupos interesados en postular iniciativas al 8% del Fondo Nacional de Desarrollo Regional (FNDR) este 2023.<\/p>\n<p dir=\"ltr\" style=\"text-align: justify;\">A la instancia realizada en Cochrane, asistieron organizaciones de adultos mayores, de ni\u00f1os y de mujeres, adem\u00e1s de grupos folcl\u00f3ricos, deportivos, y musicales. La mayor cantidad de dudas que manifestaron las y los presentes fueron referidas a los antecedentes que se deben ingresar en el sistema y tambi\u00e9n a los insumos y servicios en que se puede gastar el financiamiento. En este contexto, y para asesorar de mejor manera a las y los interesados, el equipo del Gobierno Regional fij\u00f3 fechas para una orientaci\u00f3n m\u00e1s personalizada, concertando citas con varias organizaciones durante este mes.<\/p>\n<p dir=\"ltr\" style=\"text-align: justify;\">\u00abPudimos resolver las dudas de cada una de las organizaciones, contarles del proceso, del tiempo del que disponen para poder postular, adem\u00e1s de todas aquellas inquietudes que pudimos resolver. As\u00ed que estamos s\u00faper contentos, creemos que fue una buena convocatoria, vamos a seguir apoyando a las organizaciones sociales, para ello pudimos coordinar en este mismo espacio de capacitaci\u00f3n determinadas horas, que nos van a permitir entregar una capacitaci\u00f3n un poco m\u00e1s personalizada de acuerdo a cada iniciativa que las organizaciones van a ir presentando en este transcurso que tienen para poder acceder al fondo\u00bb, enfatiz\u00f3 N\u00e9lida Mu\u00f1oz, encargada territorial del Gobierno Regional en la Provincia de Capit\u00e1n Prat.<\/p>\n<p dir=\"ltr\" style=\"text-align: justify;\">El concurso del 8% del FNDR permite otorgar fondos desde el Gobierno Regional para subvencionar iniciativas presentadas por Organizaciones Privadas Sin Fines de Lucro (OPSFL), municipios y otras entidades p\u00fablicas. Gracias a este financiamiento se sustentan proyectos sociales en materias tales como cultura, deporte, medio ambiente, educaci\u00f3n y seguridad p\u00fablica, entre otros. Para inscribir una iniciativa, las personas interesadas deben ingresar al sitio web del Gobierno Regional, <a href=\"http:\/\/www.goreaysen.cl\/\" target=\"_blank\" rel=\"noopener noreferrer\">www.goreaysen.cl<\/a>, clickear en el banner del 8% y llenar el formulario. El plazo para postular es hasta el 15 de marzo de 2023.<\/p>\n<p dir=\"ltr\" style=\"text-align: justify;\">Al d\u00eda de hoy, hemos llevado a cabo m\u00e1s de 28 capacitaciones programadas y presenciales (&#8230;) esto permite que las organizaciones puedan llevar a cabo sus postulaciones con \u00e9xito. Cabe mencionar que parte del equipo de la Divisi\u00f3n de Desarrollo Social y Humano, que se encarga de realizar este concurso, se encuentra tambi\u00e9n respondiendo a todas aquellas consultas que las organizaciones nos hacen llegar por las distintas v\u00edas. Eso incluye tambi\u00e9n, programar capacitaciones a solicitud de las organizaciones que as\u00ed lo requieran\u00bb, remarc\u00f3 la jefa de la Divisi\u00f3n de Desarrollo Social y Humano (DIDESOH), Vania C\u00e1ceres.<\/p>\n<p dir=\"ltr\" style=\"text-align: justify;\">En esta misma l\u00ednea, la encargada territorial del Gobierno Regional en la Provincia de Capit\u00e1n Prat, N\u00e9lida Mu\u00f1oz,\u00a0 invit\u00f3 a todas las organizaciones de la provincia interesadas en postular a participar de las capacitaciones de la pr\u00f3xima semana, las cuales se llevar\u00e1n a cabo el d\u00eda mi\u00e9rcoles 8 de febrero en Tortel y el jueves 9 en la localidad de Villa O&#8217;Higgins.<\/p>\n<p dir=\"ltr\" style=\"text-align: justify;\">Aparte de estas instancias en Capit\u00e1n Prat, el equipo del Gobierno Regional, que se encuentra desplegado por todo el territorio, realizar\u00e1 capacitaciones en localidades de otras provincias durante la pr\u00f3xima semana. Aqu\u00ed puedes revisar las fechas, horarios y lugares:<\/p>\n<p dir=\"ltr\" style=\"text-align: justify;\"><strong>Lunes 6 de febrero:<\/strong><\/p>\n<ul style=\"text-align: justify;\">\n<li dir=\"ltr\">\n<p dir=\"ltr\">19.00 horas: Lago Verde &#8211; Sede Comunitaria (organizaciones comunitarias)<\/p>\n<\/li>\n<\/ul>\n<p dir=\"ltr\" style=\"text-align: justify;\"><strong>Martes 7 de febrero:<\/strong><\/p>\n<ul style=\"text-align: justify;\">\n<li dir=\"ltr\">\n<p dir=\"ltr\">14.30 horas: Ra\u00fal Mar\u00edn Balmaceda &#8211; Delegaci\u00f3n Municipal<\/p>\n<\/li>\n<li dir=\"ltr\">\n<p dir=\"ltr\">19.00 horas: La Junta &#8211; Sede Comunitaria<\/p>\n<\/li>\n<\/ul>\n<p dir=\"ltr\" style=\"text-align: justify;\"><strong>Mi\u00e9rcoles 8 de febrero:\u00a0<\/strong><\/p>\n<ul style=\"text-align: justify;\">\n<li dir=\"ltr\">\n<p dir=\"ltr\">14.30 horas: Puerto Puyuhuapi &#8211; Delegaci\u00f3n Municipal (clubes de adultos mayores)<\/p>\n<\/li>\n<li dir=\"ltr\">\n<p dir=\"ltr\">19.00 horas: Puerto Puyuhuapi &#8211; Delegaci\u00f3n Municipal (organizaciones comunitarias)<\/p>\n<\/li>\n<\/ul>\n<p dir=\"ltr\" style=\"text-align: justify;\"><strong>Jueves 9 de febrero:<\/strong><\/p>\n<ul style=\"text-align: justify;\">\n<li dir=\"ltr\">\n<p dir=\"ltr\">11.00 horas: Puerto Cisnes &#8211; Biblioteca Municipal (clubes de adultos mayores)<\/p>\n<\/li>\n<li dir=\"ltr\">\n<p dir=\"ltr\">19.00 horas: Puerto Cisnes &#8211; Biblioteca Municipal (organizaciones comunitarias)<\/p>\n<\/li>\n<\/ul>\n<p dir=\"ltr\" style=\"text-align: justify;\"><strong>Viernes 10 de febrero:<\/strong><\/p>\n<ul>\n<li dir=\"ltr\" style=\"text-align: justify;\">\n<p dir=\"ltr\">14.30 horas: Villa La Tapera &#8211; Sede Comunitaria (organizaciones comunitarias)<\/p>\n<\/li>\n<li dir=\"ltr\">\n<p dir=\"ltr\" style=\"text-align: justify;\">19.00 horas: Villa Amengual &#8211; Sede Comunitaria (organizaciones comunitarias)<\/p>\n<\/li>\n<\/ul>\n<\/div><\/section><\/div><div  style='height:50px' class='hr hr-invisible   avia-builder-el-6  el_after_av_one_full  el_before_av_social_share '><span class='hr-inner ' ><span class='hr-inner-style'><\/span><\/span><\/div><\/p>\n<div  class='av-social-sharing-box  avia-builder-el-7  el_after_av_hr  el_before_av_hr  '><div class='av-share-box'><h5 class='av-share-link-description av-no-toc '>Compartir esta noticia<\/h5><ul class='av-share-box-list noLightbox'><li class='av-share-link av-social-link-facebook' ><a target=\"_blank\" aria-label=\"Compartir en Facebook\" href='https:\/\/www.facebook.com\/sharer.php?u=https:\/\/radiorevelacionfm.cl\/?p=27430&#038;t=Exitosa%20convocatoria%20en%20Cochrane%3A%20Gobierno%20Regional%20contin%C3%BAa%20con%20capacitaciones%20para%20postular%20al%208%25%20del%20FNDR' aria-hidden='false' data-av_icon='\ue8f3' data-av_iconfont='entypo-fontello' title='' data-avia-related-tooltip='Compartir en Facebook' rel=\"noopener\"><span class='avia_hidden_link_text'>Compartir en Facebook<\/span><\/a><\/li><li class='av-share-link av-social-link-twitter' ><a target=\"_blank\" aria-label=\"Compartir en Twitter\" href='https:\/\/twitter.com\/share?text=Exitosa%20convocatoria%20en%20Cochrane%3A%20Gobierno%20Regional%20contin%C3%BAa%20con%20capacitaciones%20para%20postular%20al%208%25%20del%20FNDR&#038;url=https:\/\/radiorevelacionfm.cl\/?p=27430' aria-hidden='false' data-av_icon='\ue8f1' data-av_iconfont='entypo-fontello' title='' data-avia-related-tooltip='Compartir en Twitter' rel=\"noopener\"><span class='avia_hidden_link_text'>Compartir en Twitter<\/span><\/a><\/li><li class='av-share-link av-social-link-whatsapp' ><a target=\"_blank\" aria-label=\"Compartir en Whatsapp\" href='https:\/\/api.whatsapp.com\/send?text=https:\/\/radiorevelacionfm.cl\/?p=27430' aria-hidden='false' data-av_icon='\uf232' data-av_iconfont='entypo-fontello' title='' data-avia-related-tooltip='Compartir en Whatsapp' rel=\"noopener\"><span class='avia_hidden_link_text'>Compartir en Whatsapp<\/span><\/a><\/li><li class='av-share-link av-social-link-linkedin' ><a target=\"_blank\" aria-label=\"Compartir en LinkedIn\" href='https:\/\/linkedin.com\/shareArticle?mini=true&#038;title=Exitosa%20convocatoria%20en%20Cochrane%3A%20Gobierno%20Regional%20contin%C3%BAa%20con%20capacitaciones%20para%20postular%20al%208%25%20del%20FNDR&#038;url=https:\/\/radiorevelacionfm.cl\/?p=27430' aria-hidden='false' data-av_icon='\ue8fc' data-av_iconfont='entypo-fontello' title='' data-avia-related-tooltip='Compartir en LinkedIn' rel=\"noopener\"><span class='avia_hidden_link_text'>Compartir en LinkedIn<\/span><\/a><\/li><li class='av-share-link av-social-link-mail' ><a  aria-label=\"Compartir por correo\" href='mailto:?subject=Exitosa%20convocatoria%20en%20Cochrane%3A%20Gobierno%20Regional%20contin%C3%BAa%20con%20capacitaciones%20para%20postular%20al%208%25%20del%20FNDR&#038;body=https:\/\/radiorevelacionfm.cl\/?p=27430' aria-hidden='false' data-av_icon='\ue805' data-av_iconfont='entypo-fontello' title='' data-avia-related-tooltip='Compartir por correo'><span class='avia_hidden_link_text'>Compartir por correo<\/span><\/a><\/li><\/ul><\/div><\/div>\n<div  style='height:50px' class='hr hr-invisible   avia-builder-el-8  el_after_av_social_share  el_before_av_comments_list '><span class='hr-inner ' ><span class='hr-inner-style'><\/span><\/span><\/div>\n<div  class='av-buildercomment  av-blog-meta-html-info-disabled av-blog-meta-tag-disabled  '><\/div>\n","protected":false},"excerpt":{"rendered":"","protected":false},"author":1,"featured_media":27431,"comment_status":"open","ping_status":"open","sticky":false,"template":"","format":"standard","meta":{"footnotes":""},"categories":[38],"tags":[],"class_list":["post-27430","post","type-post","status-publish","format-standard","has-post-thumbnail","hentry","category-regional"],"jetpack_featured_media_url":"https:\/\/radiorevelacionfm.cl\/wp-content\/uploads\/2023\/02\/foto-3-2-1-1_optimized.jpeg","_links":{"self":[{"href":"https:\/\/radiorevelacionfm.cl\/index.php?rest_route=\/wp\/v2\/posts\/27430","targetHints":{"allow":["GET"]}}],"collection":[{"href":"https:\/\/radiorevelacionfm.cl\/index.php?rest_route=\/wp\/v2\/posts"}],"about":[{"href":"https:\/\/radiorevelacionfm.cl\/index.php?rest_route=\/wp\/v2\/types\/post"}],"author":[{"embeddable":true,"href":"https:\/\/radiorevelacionfm.cl\/index.php?rest_route=\/wp\/v2\/users\/1"}],"replies":[{"embeddable":true,"href":"https:\/\/radiorevelacionfm.cl\/index.php?rest_route=%2Fwp%2Fv2%2Fcomments&post=27430"}],"version-history":[{"count":2,"href":"https:\/\/radiorevelacionfm.cl\/index.php?rest_route=\/wp\/v2\/posts\/27430\/revisions"}],"predecessor-version":[{"id":27436,"href":"https:\/\/radiorevelacionfm.cl\/index.php?rest_route=\/wp\/v2\/posts\/27430\/revisions\/27436"}],"wp:featuredmedia":[{"embeddable":true,"href":"https:\/\/radiorevelacionfm.cl\/index.php?rest_route=\/wp\/v2\/media\/27431"}],"wp:attachment":[{"href":"https:\/\/radiorevelacionfm.cl\/index.php?rest_route=%2Fwp%2Fv2%2Fmedia&parent=27430"}],"wp:term":[{"taxonomy":"category","embeddable":true,"href":"https:\/\/radiorevelacionfm.cl\/index.php?rest_route=%2Fwp%2Fv2%2Fcategories&post=27430"},{"taxonomy":"post_tag","embeddable":true,"href":"https:\/\/radiorevelacionfm.cl\/index.php?rest_route=%2Fwp%2Fv2%2Ftags&post=27430"}],"curies":[{"name":"wp","href":"https:\/\/api.w.org\/{rel}","templated":true}]}}