{"id":2743,"date":"2021-02-18T09:19:49","date_gmt":"2021-02-18T12:19:49","guid":{"rendered":"https:\/\/radiorevelacionfm.cl\/?p=2743"},"modified":"2021-02-18T09:24:08","modified_gmt":"2021-02-18T12:24:08","slug":"aysen-avanza-a-fase-3-y-gobernador-agradece-el-esfuerzo-de-todos","status":"publish","type":"post","link":"https:\/\/radiorevelacionfm.cl\/?p=2743","title":{"rendered":"Ays\u00e9n avanza a Fase 3 y Gobernador agradece el esfuerzo de todos"},"content":{"rendered":"<div class=\"flex_column av_one_full  flex_column_div av-zero-column-padding first  avia-builder-el-0  el_before_av_one_full  avia-builder-el-first  \" style='border-radius:0px; '><div  class='avia-image-container  av-styling-    avia-builder-el-1  avia-builder-el-no-sibling  avia-align-center '  itemprop=\"image\" itemscope=\"itemscope\" itemtype=\"https:\/\/schema.org\/ImageObject\"  ><div class='avia-image-container-inner'><div class='avia-image-overlay-wrap'><img decoding=\"async\" class='wp-image-0 avia-img-lazy-loading-not-0 avia_image' src=\"https:\/\/radiorevelacionfm.cl\/wp-content\/uploads\/2021\/02\/4-7-1-1.jpg\" alt='' title=''   itemprop=\"thumbnailUrl\"  \/><\/div><\/div><\/div><\/div>\n<div class=\"flex_column av_one_full  flex_column_div av-zero-column-padding first  avia-builder-el-2  el_after_av_one_full  el_before_av_one_full  column-top-margin\" style='border-radius:0px; '><section class=\"av_textblock_section \"  itemscope=\"itemscope\" itemtype=\"https:\/\/schema.org\/BlogPosting\" itemprop=\"blogPost\" ><div class='avia_textblock  '   itemprop=\"text\" ><p style=\"text-align: center;\"><span style=\"font-size: 18pt;\"><strong>Ays\u00e9n avanza a Fase 3 y Gobernador agradece el esfuerzo de todos<\/strong><\/span><\/p>\n<div id=\"gtx-trans\" style=\"position: absolute; left: -50px; top: 4.31534px;\">\n<div class=\"gtx-trans-icon\"><\/div>\n<\/div>\n<\/div><\/section><\/div>\n<div class=\"flex_column av_one_full  flex_column_div av-zero-column-padding first  avia-builder-el-4  el_after_av_one_full  el_before_av_hr  column-top-margin\" style='border-radius:0px; '><section class=\"av_textblock_section \"  itemscope=\"itemscope\" itemtype=\"https:\/\/schema.org\/BlogPosting\" itemprop=\"blogPost\" ><div class='avia_textblock  '   itemprop=\"text\" ><p style=\"text-align: justify;\">A las 05:00 de la ma\u00f1ana de este jueves la comuna de Ays\u00e9n avanza de fase.<\/p>\n<p style=\"text-align: justify;\">Desde esta madrugada Puerto Ays\u00e9n rural, Puerto Chacabuco e Islas Huichas avanzaron a la Fase 3 del Plan Paso a Paso, esto seg\u00fan el propio Gobernador Manuel Ortiz se refiere al esfuerzo individual y el de todos, \u00a0por contribuir a la disminuci\u00f3n del contagio comunitario \u201choy nuestra comunidad y todos los que hemos hecho este esfuerzo estamos a punto en fase 3, lo que significa que los s\u00e1bados y domingos se van a flexibilizar las medidas sanitarias, pero nuestra comunidad debe seguir tomando todos los resguardos como lo hemos tomado hasta ahora, creo que es el mejor ejemplo que cuando una comunidad se compromete hacia un mismo objetivo de poder salir adelante de este \u00a0confinamiento que nos toc\u00f3 vivir y \u00a0nos queda como \u00a0experiencia\u201d.<\/p>\n<p style=\"text-align: justify;\">La tercera etapa es la Preparaci\u00f3n (paso\u00a0<strong>3<\/strong>), donde se suprime la\u00a0<strong>cuarentena<\/strong>\u00a0los fines de semana y las personas tienen m\u00e1s libertades para hacer actividad f\u00edsica.<\/p>\n<p style=\"text-align: justify;\"><strong>\u00bfQU\u00c9 PUEDE FUNCIONAR EN MI COMUNA?<\/strong><\/p>\n<p style=\"text-align: justify;\">Farmacias, supermercados y otros lugares de abastecimiento de alimentos y productos b\u00e1sicos, centros de salud y establecimientos de servicio p\u00fablico.<\/p>\n<p style=\"text-align: justify;\">Comercio y otras actividades no esenciales que puedan funcionar con trabajadores que vivan en una comuna sin cuarentena.<\/p>\n<p style=\"text-align: justify;\">Establecimientos de educaci\u00f3n escolar, jardines infantiles y salas cuna.<\/p>\n<p style=\"text-align: justify;\">Atenci\u00f3n de p\u00fablico en restaurantes y caf\u00e9s en espacios abiertos y en lugares cerrados con ventilaci\u00f3n adecuada. Siempre con 2m. lineales entre mesas (bordes) y sin m\u00fasica.<\/p>\n<p style=\"text-align: justify;\">Los lugares deportivos cerrados y gimnasios, con ventilaci\u00f3n natural permanente. Los asistentes deben ingresar y salir por cohortes que no pueden interactuar entre s\u00ed. No puede haber m\u00e1s de 5 personas en una misma sala, y en la sala de m\u00e1quinas se debe cumplir una persona cada 8m2. Siempre mantener 2 metros de distancia.<\/p>\n<p style=\"text-align: justify;\">Actividades con p\u00fablico, respetando los aforos m\u00e1ximos y las condiciones de acuerdo al tipo de evento.<\/p>\n<p style=\"text-align: justify;\">Todo lo que funcione, debe ser siguiendo los protocolos establecidos.<\/p>\n<\/div><\/section><\/div><div  style='height:50px' class='hr hr-invisible   avia-builder-el-6  el_after_av_one_full  el_before_av_social_share '><span class='hr-inner ' ><span class='hr-inner-style'><\/span><\/span><\/div><\/p>\n<div  class='av-social-sharing-box  avia-builder-el-7  el_after_av_hr  el_before_av_hr  '><div class='av-share-box'><h5 class='av-share-link-description av-no-toc '>Compartir esta noticia<\/h5><ul class='av-share-box-list noLightbox'><li class='av-share-link av-social-link-facebook' ><a target=\"_blank\" aria-label=\"Compartir en Facebook\" href='https:\/\/www.facebook.com\/sharer.php?u=https:\/\/radiorevelacionfm.cl\/?p=2743&#038;t=Ays%C3%A9n%20avanza%20a%20Fase%203%20y%20Gobernador%20agradece%20el%20esfuerzo%20de%20todos' aria-hidden='false' data-av_icon='\ue8f3' data-av_iconfont='entypo-fontello' title='' data-avia-related-tooltip='Compartir en Facebook' rel=\"noopener\"><span class='avia_hidden_link_text'>Compartir en Facebook<\/span><\/a><\/li><li class='av-share-link av-social-link-twitter' ><a target=\"_blank\" aria-label=\"Compartir en Twitter\" href='https:\/\/twitter.com\/share?text=Ays%C3%A9n%20avanza%20a%20Fase%203%20y%20Gobernador%20agradece%20el%20esfuerzo%20de%20todos&#038;url=https:\/\/radiorevelacionfm.cl\/?p=2743' aria-hidden='false' data-av_icon='\ue8f1' data-av_iconfont='entypo-fontello' title='' data-avia-related-tooltip='Compartir en Twitter' rel=\"noopener\"><span class='avia_hidden_link_text'>Compartir en Twitter<\/span><\/a><\/li><li class='av-share-link av-social-link-whatsapp' ><a target=\"_blank\" aria-label=\"Compartir en Whatsapp\" href='https:\/\/api.whatsapp.com\/send?text=https:\/\/radiorevelacionfm.cl\/?p=2743' aria-hidden='false' data-av_icon='\uf232' data-av_iconfont='entypo-fontello' title='' data-avia-related-tooltip='Compartir en Whatsapp' rel=\"noopener\"><span class='avia_hidden_link_text'>Compartir en Whatsapp<\/span><\/a><\/li><li class='av-share-link av-social-link-linkedin' ><a target=\"_blank\" aria-label=\"Compartir en LinkedIn\" href='https:\/\/linkedin.com\/shareArticle?mini=true&#038;title=Ays%C3%A9n%20avanza%20a%20Fase%203%20y%20Gobernador%20agradece%20el%20esfuerzo%20de%20todos&#038;url=https:\/\/radiorevelacionfm.cl\/?p=2743' aria-hidden='false' data-av_icon='\ue8fc' data-av_iconfont='entypo-fontello' title='' data-avia-related-tooltip='Compartir en LinkedIn' rel=\"noopener\"><span class='avia_hidden_link_text'>Compartir en LinkedIn<\/span><\/a><\/li><li class='av-share-link av-social-link-mail' ><a  aria-label=\"Compartir por correo\" href='mailto:?subject=Ays%C3%A9n%20avanza%20a%20Fase%203%20y%20Gobernador%20agradece%20el%20esfuerzo%20de%20todos&#038;body=https:\/\/radiorevelacionfm.cl\/?p=2743' aria-hidden='false' data-av_icon='\ue805' data-av_iconfont='entypo-fontello' title='' data-avia-related-tooltip='Compartir por correo'><span class='avia_hidden_link_text'>Compartir por correo<\/span><\/a><\/li><\/ul><\/div><\/div>\n<div  style='height:50px' class='hr hr-invisible   avia-builder-el-8  el_after_av_social_share  el_before_av_comments_list '><span class='hr-inner ' ><span class='hr-inner-style'><\/span><\/span><\/div>\n<div  class='av-buildercomment  av-blog-meta-html-info-disabled av-blog-meta-tag-disabled  '><\/div>\n","protected":false},"excerpt":{"rendered":"","protected":false},"author":1,"featured_media":0,"comment_status":"open","ping_status":"open","sticky":false,"template":"","format":"standard","meta":{"footnotes":""},"categories":[46],"tags":[],"class_list":["post-2743","post","type-post","status-publish","format-standard","hentry","category-salud"],"jetpack_featured_media_url":"","_links":{"self":[{"href":"https:\/\/radiorevelacionfm.cl\/index.php?rest_route=\/wp\/v2\/posts\/2743","targetHints":{"allow":["GET"]}}],"collection":[{"href":"https:\/\/radiorevelacionfm.cl\/index.php?rest_route=\/wp\/v2\/posts"}],"about":[{"href":"https:\/\/radiorevelacionfm.cl\/index.php?rest_route=\/wp\/v2\/types\/post"}],"author":[{"embeddable":true,"href":"https:\/\/radiorevelacionfm.cl\/index.php?rest_route=\/wp\/v2\/users\/1"}],"replies":[{"embeddable":true,"href":"https:\/\/radiorevelacionfm.cl\/index.php?rest_route=%2Fwp%2Fv2%2Fcomments&post=2743"}],"version-history":[{"count":3,"href":"https:\/\/radiorevelacionfm.cl\/index.php?rest_route=\/wp\/v2\/posts\/2743\/revisions"}],"predecessor-version":[{"id":2753,"href":"https:\/\/radiorevelacionfm.cl\/index.php?rest_route=\/wp\/v2\/posts\/2743\/revisions\/2753"}],"wp:attachment":[{"href":"https:\/\/radiorevelacionfm.cl\/index.php?rest_route=%2Fwp%2Fv2%2Fmedia&parent=2743"}],"wp:term":[{"taxonomy":"category","embeddable":true,"href":"https:\/\/radiorevelacionfm.cl\/index.php?rest_route=%2Fwp%2Fv2%2Fcategories&post=2743"},{"taxonomy":"post_tag","embeddable":true,"href":"https:\/\/radiorevelacionfm.cl\/index.php?rest_route=%2Fwp%2Fv2%2Ftags&post=2743"}],"curies":[{"name":"wp","href":"https:\/\/api.w.org\/{rel}","templated":true}]}}