{"id":27426,"date":"2023-02-03T15:33:41","date_gmt":"2023-02-03T18:33:41","guid":{"rendered":"https:\/\/radiorevelacionfm.cl\/?p=27426"},"modified":"2023-02-03T15:33:41","modified_gmt":"2023-02-03T18:33:41","slug":"un-total-de-17-organizaciones-sociales-de-la-provincia-general-carrera-reciben-fondo-presidente-de-la-republica","status":"publish","type":"post","link":"https:\/\/radiorevelacionfm.cl\/?p=27426","title":{"rendered":"Un total de 17 organizaciones sociales de la Provincia General Carrera reciben Fondo Presidente de la Rep\u00fablica"},"content":{"rendered":"<div class=\"flex_column av_one_full  flex_column_div av-zero-column-padding first  avia-builder-el-0  el_before_av_one_full  avia-builder-el-first  \" style='border-radius:0px; '><div  class='avia-image-container  av-styling-    avia-builder-el-1  avia-builder-el-no-sibling  avia-align-center '  itemprop=\"image\" itemscope=\"itemscope\" itemtype=\"https:\/\/schema.org\/ImageObject\"  ><div class='avia-image-container-inner'><div class='avia-image-overlay-wrap'><img decoding=\"async\" class='wp-image-27427 avia-img-lazy-loading-not-27427 avia_image' src=\"https:\/\/radiorevelacionfm.cl\/wp-content\/uploads\/2023\/02\/fondo-4-1-1.jpg\" alt='' title='fondo 4 (1) (1)' height=\"600\" width=\"800\"  itemprop=\"thumbnailUrl\" srcset=\"https:\/\/radiorevelacionfm.cl\/wp-content\/uploads\/2023\/02\/fondo-4-1-1.jpg 800w, https:\/\/radiorevelacionfm.cl\/wp-content\/uploads\/2023\/02\/fondo-4-1-1-300x225.jpg 300w, https:\/\/radiorevelacionfm.cl\/wp-content\/uploads\/2023\/02\/fondo-4-1-1-768x576.jpg 768w, https:\/\/radiorevelacionfm.cl\/wp-content\/uploads\/2023\/02\/fondo-4-1-1-705x529.jpg 705w, https:\/\/radiorevelacionfm.cl\/wp-content\/uploads\/2023\/02\/fondo-4-1-1-600x450.jpg 600w\" sizes=\"(max-width: 800px) 100vw, 800px\" \/><\/div><\/div><\/div><\/div><div class=\"flex_column av_one_full  flex_column_div av-zero-column-padding first  avia-builder-el-2  el_after_av_one_full  el_before_av_one_full  column-top-margin\" style='border-radius:0px; '><section class=\"av_textblock_section \"  itemscope=\"itemscope\" itemtype=\"https:\/\/schema.org\/BlogPosting\" itemprop=\"blogPost\" ><div class='avia_textblock  '   itemprop=\"text\" ><p style=\"text-align: center;\"><strong><span style=\"font-size: 18pt;\">Un total de 17 organizaciones sociales de la Provincia General Carrera reciben Fondo Presidente de la Rep\u00fablica<\/span><\/strong><\/p>\n<div id=\"gtx-trans\" style=\"position: absolute; left: -50px; top: 4.31534px;\">\n<div class=\"gtx-trans-icon\"><\/div>\n<\/div>\n<\/div><\/section><\/div><div class=\"flex_column av_one_full  flex_column_div av-zero-column-padding first  avia-builder-el-4  el_after_av_one_full  el_before_av_hr  column-top-margin\" style='border-radius:0px; '><section class=\"av_textblock_section \"  itemscope=\"itemscope\" itemtype=\"https:\/\/schema.org\/BlogPosting\" itemprop=\"blogPost\" ><div class='avia_textblock  '   itemprop=\"text\" ><p style=\"text-align: justify;\">En total son m\u00e1s de $64 millones entregados a organizaciones sociales de Chile Chico y R\u00edo Ib\u00e1\u00f1ez para adquirir desde manteles hasta la construcci\u00f3n de una multicancha o el cierre perimetral de una sede.<\/p>\n<p style=\"text-align: justify;\">\u201cEs algo hist\u00f3rico que vamos a tener nosotros\u201d relataba Mirta Donoso, secretaria de la Junta de Vecinos N\u00b03 de Chile Chico, al referirse que su antigua sede, que con orgullo la describe como \u00fanica de adobe en la comuna, contar\u00e1 con un mejoramiento a la red el\u00e9ctrica y un cierre perimetral que evitar\u00e1 que distintos animales entren al recinto.<\/p>\n<p style=\"text-align: justify;\">En dos ceremonias en Chile Chico y Puerto Ingeniero Ib\u00e1\u00f1ez, adem\u00e1s de dos visitas a las organizaciones en terreno en Bah\u00eda Murta y Puerto R\u00edo Tranquilo se realiz\u00f3 la entrega de fondos a 17 organizaciones sociales (ocho de Chile Chico y nueve de R\u00edo Ib\u00e1\u00f1ez). Esta adjudicaci\u00f3n responde a la instrucci\u00f3n de nuestro Presidente, Gabriel Boric, de trabajar cercanos a las organizaciones sociales, apoy\u00e1ndolas en su crecimiento y desarrollo, entendi\u00e9ndolas como la unidad b\u00e1sica de la sociedad.<\/p>\n<p style=\"text-align: justify;\">Las organizaciones beneficiarias del fondo son una fiel muestra de la diversidad de agrupaciones que existen en la provincia de General Carrera, habiendo clubes deportivos, musicales, artesanas, juntas de vecinos,\u00a0 agrupaciones de adultos mayores, entre otras. En total son $64.711.552 invertidos en la provincia para construcci\u00f3n, mejoramientos de inmueble, adquisici\u00f3n de equipamiento, entre otros.<\/p>\n<p style=\"text-align: justify;\">En Chile Chico el Delegado Presidencial Provincial de General Carrera, Crist\u00f3bal Barcel\u00f3 Veas, comento en el cierre de la primera entrega que \u201cAc\u00e1 lo importante es ver de qu\u00e9 manera se colabora con el tejido social, se colabora con ustedes como organizaciones, como dirigentes, que m\u00e1s all\u00e1 de actividad que pueden realizar en cada una de sus agrupaciones, tiene que ver de qu\u00e9 manera interact\u00faan con el resto de la comunidad\u201d, cerr\u00f3 la autoridad provincial.<\/p>\n<p style=\"text-align: justify;\">Por su parte Mirta Donoso, representante de la Junta de Vecinos N\u00b03 de Chile Chico y beneficiaria del Fondo Social Presidente de la Rep\u00fablica para un cierre perimetral de su sede coment\u00f3 que \u201cYo creo que es un tremendo beneficio a la junta de vecinos, sobre todo en el lugar que nosotros nos encontramos porque el cierre que nosotros tenemos es un cierre como de alambre, muy antiguo y entraban muchos animales. Entonces ah\u00ed es donde nosotros ten\u00edamos el problema y tuvimos la posibilidad de postular en este momento (\u2026) En este momento nosotros estamos muy agradecidos del Gobierno y de la Delegaci\u00f3n, pero totalmente agradecidos\u201d\u00a0 expuso la dirigenta.<\/p>\n<p style=\"text-align: justify;\">Por \u00faltimo el Delegado Presidencial Provincial, Crist\u00f3bal Barcel\u00f3, al realizar la \u00faltima entrega en Puerto R\u00edo Tranquilo al Comit\u00e9 de Adulto Mayor Nueva Esperanza realiz\u00f3 un positivo balance de las 17 entregas y reforz\u00f3 el compromiso \u201cdesde la Delegaci\u00f3n y, por supuesto, del Gobierno del Presidente Gabriel Boric, por las comunidades, por las organizaciones sociales, deportivas y culturales, para que sigan desarroll\u00e1ndose\u201d.<\/p>\n<p style=\"text-align: justify;\">El Fondo Social Presidente de la Rep\u00fablica cuenta con una convocatoria anual que este 2023 se realizar\u00e1 durante el primer semestre, beneficiando a organizaciones p\u00fablicas y privadas sin fines de lucro.<\/p>\n<\/div><\/section><\/div><div  style='height:50px' class='hr hr-invisible   avia-builder-el-6  el_after_av_one_full  el_before_av_social_share '><span class='hr-inner ' ><span class='hr-inner-style'><\/span><\/span><\/div><\/p>\n<div  class='av-social-sharing-box  avia-builder-el-7  el_after_av_hr  el_before_av_hr  '><div class='av-share-box'><h5 class='av-share-link-description av-no-toc '>Compartir esta noticia<\/h5><ul class='av-share-box-list noLightbox'><li class='av-share-link av-social-link-facebook' ><a target=\"_blank\" aria-label=\"Compartir en Facebook\" href='https:\/\/www.facebook.com\/sharer.php?u=https:\/\/radiorevelacionfm.cl\/?p=27426&#038;t=Un%20total%20de%2017%20organizaciones%20sociales%20de%20la%20Provincia%20General%20Carrera%20reciben%20Fondo%20Presidente%20de%20la%20Rep%C3%BAblica' aria-hidden='false' data-av_icon='\ue8f3' data-av_iconfont='entypo-fontello' title='' data-avia-related-tooltip='Compartir en Facebook' rel=\"noopener\"><span class='avia_hidden_link_text'>Compartir en Facebook<\/span><\/a><\/li><li class='av-share-link av-social-link-twitter' ><a target=\"_blank\" aria-label=\"Compartir en Twitter\" href='https:\/\/twitter.com\/share?text=Un%20total%20de%2017%20organizaciones%20sociales%20de%20la%20Provincia%20General%20Carrera%20reciben%20Fondo%20Presidente%20de%20la%20Rep%C3%BAblica&#038;url=https:\/\/radiorevelacionfm.cl\/?p=27426' aria-hidden='false' data-av_icon='\ue8f1' data-av_iconfont='entypo-fontello' title='' data-avia-related-tooltip='Compartir en Twitter' rel=\"noopener\"><span class='avia_hidden_link_text'>Compartir en Twitter<\/span><\/a><\/li><li class='av-share-link av-social-link-whatsapp' ><a target=\"_blank\" aria-label=\"Compartir en Whatsapp\" href='https:\/\/api.whatsapp.com\/send?text=https:\/\/radiorevelacionfm.cl\/?p=27426' aria-hidden='false' data-av_icon='\uf232' data-av_iconfont='entypo-fontello' title='' data-avia-related-tooltip='Compartir en Whatsapp' rel=\"noopener\"><span class='avia_hidden_link_text'>Compartir en Whatsapp<\/span><\/a><\/li><li class='av-share-link av-social-link-linkedin' ><a target=\"_blank\" aria-label=\"Compartir en LinkedIn\" href='https:\/\/linkedin.com\/shareArticle?mini=true&#038;title=Un%20total%20de%2017%20organizaciones%20sociales%20de%20la%20Provincia%20General%20Carrera%20reciben%20Fondo%20Presidente%20de%20la%20Rep%C3%BAblica&#038;url=https:\/\/radiorevelacionfm.cl\/?p=27426' aria-hidden='false' data-av_icon='\ue8fc' data-av_iconfont='entypo-fontello' title='' data-avia-related-tooltip='Compartir en LinkedIn' rel=\"noopener\"><span class='avia_hidden_link_text'>Compartir en LinkedIn<\/span><\/a><\/li><li class='av-share-link av-social-link-mail' ><a  aria-label=\"Compartir por correo\" href='mailto:?subject=Un%20total%20de%2017%20organizaciones%20sociales%20de%20la%20Provincia%20General%20Carrera%20reciben%20Fondo%20Presidente%20de%20la%20Rep%C3%BAblica&#038;body=https:\/\/radiorevelacionfm.cl\/?p=27426' aria-hidden='false' data-av_icon='\ue805' data-av_iconfont='entypo-fontello' title='' data-avia-related-tooltip='Compartir por correo'><span class='avia_hidden_link_text'>Compartir por correo<\/span><\/a><\/li><\/ul><\/div><\/div>\n<div  style='height:50px' class='hr hr-invisible   avia-builder-el-8  el_after_av_social_share  el_before_av_comments_list '><span class='hr-inner ' ><span class='hr-inner-style'><\/span><\/span><\/div>\n<div  class='av-buildercomment  av-blog-meta-html-info-disabled av-blog-meta-tag-disabled  '><\/div>\n","protected":false},"excerpt":{"rendered":"","protected":false},"author":1,"featured_media":27427,"comment_status":"open","ping_status":"open","sticky":false,"template":"","format":"standard","meta":{"footnotes":""},"categories":[38],"tags":[],"class_list":["post-27426","post","type-post","status-publish","format-standard","has-post-thumbnail","hentry","category-regional"],"jetpack_featured_media_url":"https:\/\/radiorevelacionfm.cl\/wp-content\/uploads\/2023\/02\/fondo-4-1-1.jpg","_links":{"self":[{"href":"https:\/\/radiorevelacionfm.cl\/index.php?rest_route=\/wp\/v2\/posts\/27426","targetHints":{"allow":["GET"]}}],"collection":[{"href":"https:\/\/radiorevelacionfm.cl\/index.php?rest_route=\/wp\/v2\/posts"}],"about":[{"href":"https:\/\/radiorevelacionfm.cl\/index.php?rest_route=\/wp\/v2\/types\/post"}],"author":[{"embeddable":true,"href":"https:\/\/radiorevelacionfm.cl\/index.php?rest_route=\/wp\/v2\/users\/1"}],"replies":[{"embeddable":true,"href":"https:\/\/radiorevelacionfm.cl\/index.php?rest_route=%2Fwp%2Fv2%2Fcomments&post=27426"}],"version-history":[{"count":2,"href":"https:\/\/radiorevelacionfm.cl\/index.php?rest_route=\/wp\/v2\/posts\/27426\/revisions"}],"predecessor-version":[{"id":27429,"href":"https:\/\/radiorevelacionfm.cl\/index.php?rest_route=\/wp\/v2\/posts\/27426\/revisions\/27429"}],"wp:featuredmedia":[{"embeddable":true,"href":"https:\/\/radiorevelacionfm.cl\/index.php?rest_route=\/wp\/v2\/media\/27427"}],"wp:attachment":[{"href":"https:\/\/radiorevelacionfm.cl\/index.php?rest_route=%2Fwp%2Fv2%2Fmedia&parent=27426"}],"wp:term":[{"taxonomy":"category","embeddable":true,"href":"https:\/\/radiorevelacionfm.cl\/index.php?rest_route=%2Fwp%2Fv2%2Fcategories&post=27426"},{"taxonomy":"post_tag","embeddable":true,"href":"https:\/\/radiorevelacionfm.cl\/index.php?rest_route=%2Fwp%2Fv2%2Ftags&post=27426"}],"curies":[{"name":"wp","href":"https:\/\/api.w.org\/{rel}","templated":true}]}}