{"id":27422,"date":"2023-02-03T12:22:52","date_gmt":"2023-02-03T15:22:52","guid":{"rendered":"https:\/\/radiorevelacionfm.cl\/?p=27422"},"modified":"2023-02-03T12:22:52","modified_gmt":"2023-02-03T15:22:52","slug":"un-total-de-339-iniciativas-postularon-al-dfl-15-en-la-region-de-aysen","status":"publish","type":"post","link":"https:\/\/radiorevelacionfm.cl\/?p=27422","title":{"rendered":"Un total de 339 iniciativas postularon al DFL-15 en la Regi\u00f3n de Ays\u00e9n"},"content":{"rendered":"<div class=\"flex_column av_one_full  flex_column_div av-zero-column-padding first  avia-builder-el-0  el_before_av_one_full  avia-builder-el-first  \" style='border-radius:0px; '><div  class='avia-image-container  av-styling-    avia-builder-el-1  avia-builder-el-no-sibling  avia-align-center '  itemprop=\"image\" itemscope=\"itemscope\" itemtype=\"https:\/\/schema.org\/ImageObject\"  ><div class='avia-image-container-inner'><div class='avia-image-overlay-wrap'><img decoding=\"async\" class='wp-image-27423 avia-img-lazy-loading-not-27423 avia_image' src=\"https:\/\/radiorevelacionfm.cl\/wp-content\/uploads\/2023\/02\/1-8-2_optimized-1.jpg\" alt='' title='1-(8)-(2)_optimized (1)' height=\"788\" width=\"940\"  itemprop=\"thumbnailUrl\" srcset=\"https:\/\/radiorevelacionfm.cl\/wp-content\/uploads\/2023\/02\/1-8-2_optimized-1.jpg 940w, https:\/\/radiorevelacionfm.cl\/wp-content\/uploads\/2023\/02\/1-8-2_optimized-1-300x251.jpg 300w, https:\/\/radiorevelacionfm.cl\/wp-content\/uploads\/2023\/02\/1-8-2_optimized-1-768x644.jpg 768w, https:\/\/radiorevelacionfm.cl\/wp-content\/uploads\/2023\/02\/1-8-2_optimized-1-705x591.jpg 705w, https:\/\/radiorevelacionfm.cl\/wp-content\/uploads\/2023\/02\/1-8-2_optimized-1-600x503.jpg 600w\" sizes=\"(max-width: 940px) 100vw, 940px\" \/><\/div><\/div><\/div><\/div><div class=\"flex_column av_one_full  flex_column_div av-zero-column-padding first  avia-builder-el-2  el_after_av_one_full  el_before_av_one_full  column-top-margin\" style='border-radius:0px; '><section class=\"av_textblock_section \"  itemscope=\"itemscope\" itemtype=\"https:\/\/schema.org\/BlogPosting\" itemprop=\"blogPost\" ><div class='avia_textblock  '   itemprop=\"text\" ><p style=\"text-align: center;\"><strong><span style=\"font-size: 18pt;\">Un total de 339 iniciativas postularon al DFL-15 en la Regi\u00f3n de Ays\u00e9n<\/span><\/strong><\/p>\n<div id=\"gtx-trans\" style=\"position: absolute; left: -50px; top: 4.31534px;\">\n<div class=\"gtx-trans-icon\"><\/div>\n<\/div>\n<\/div><\/section><\/div><div class=\"flex_column av_one_full  flex_column_div av-zero-column-padding first  avia-builder-el-4  el_after_av_one_full  el_before_av_hr  column-top-margin\" style='border-radius:0px; '><section class=\"av_textblock_section \"  itemscope=\"itemscope\" itemtype=\"https:\/\/schema.org\/BlogPosting\" itemprop=\"blogPost\" ><div class='avia_textblock  '   itemprop=\"text\" ><p style=\"text-align: justify;\">El proceso 2023 del Fondo de Fomento y Desarrollo de Regiones Extremas, m\u00e1s conocido como DFL-15, cerr\u00f3 con un total de 339 postulaciones de micros, peque\u00f1as y medianas empresas de Ays\u00e9n para optar al 20% de la bonificaci\u00f3n por inversiones netas.<\/p>\n<p style=\"text-align: justify;\">As\u00ed lo inform\u00f3 el director de Corfo Ays\u00e9n, Humberto Mar\u00edn Leiva, indicando que la modalidad de recepci\u00f3n en l\u00ednea y presencial ha permitido el ingreso de m\u00e1s postulaciones al sistema. \u201cDesde la comuna de Cisnes por el norte, hasta Villa O\u00b4Higgins por el Sur, recepcionamos iniciativas que buscan ser bonificadas con este instrumento. Esto significa, que quienes postularon al DFL15, han invertido sobre los 12 mil millones de pesos en \u00e1reas como\u00a0turismo, pesca y acuicultura, ganader\u00eda, construcci\u00f3n, entre otros, lo que nos habla del esfuerzo del sector privado para hacer crecer sus negocios\u201d.<\/p>\n<p style=\"text-align: justify;\">Agreg\u00f3 que \u201cen la convocatoria 2022, se destin\u00f3 un total de mil 80 millones de pesos, para bonificar 225 micro y peque\u00f1as empresas de nuestro territorio. De esta forma, como regi\u00f3n nos asignaron el 33% del total del presupuesto disponible para las Zonas Extremas del pa\u00eds. Esta cifra es una referencia para el actual proceso 2023, asignaci\u00f3n que se nos informar\u00e1 entre los meses de marzo y abril, iniciando el pago en el transcurso del primer semestre\u201d.<\/p>\n<p style=\"text-align: justify;\"><strong>PROCESO 2023<\/strong><\/p>\n<p style=\"text-align: justify;\">El proceso 2023 del Fondo de Fomento y Desarrollo de Regiones Extremas se inici\u00f3 el 15 de noviembre de 2022 con la apertura de las postulaciones online y f\u00edsicas a trav\u00e9s de Corfo. Y cerr\u00f3 al mediod\u00eda del martes 3 de enero de 2023, con 168 propuestas online y 171 postulaciones llegaron f\u00edsica a las oficinas de Corfo.<\/p>\n<p style=\"text-align: justify;\">Las propuestas presentadas en su mayor\u00eda representan diversos sectores de la econom\u00eda regional, resaltando Turismo, Ganader\u00eda, Transporte y Comercio, entre otros.<\/p>\n<p style=\"text-align: justify;\">Las postulaciones son revisadas por Corfo Ays\u00e9n, analizando su admisibilidad, evaluando y priorizando seg\u00fan las bases. Luego es el Comit\u00e9 Resolutivo (en el que participan representantes del sector p\u00fablico y privado) el que revisa y aprueba el listado de iniciativas. Finalmente, se solicita a la Direcci\u00f3n de Presupuestos (DIPRES) la asignaci\u00f3n de recursos para las empresas de la regi\u00f3n.<\/p>\n<p style=\"text-align: justify;\">Los resultados ser\u00e1n oficializados a partir de marzo pr\u00f3ximo, para luego iniciar el pago de la bonificaci\u00f3n del 20% a las inversiones en activos en la Regi\u00f3n de Ays\u00e9n a trav\u00e9s de la Tesorer\u00eda Regional.<\/p>\n<\/div><\/section><\/div><div  style='height:50px' class='hr hr-invisible   avia-builder-el-6  el_after_av_one_full  el_before_av_social_share '><span class='hr-inner ' ><span class='hr-inner-style'><\/span><\/span><\/div><\/p>\n<div  class='av-social-sharing-box  avia-builder-el-7  el_after_av_hr  el_before_av_hr  '><div class='av-share-box'><h5 class='av-share-link-description av-no-toc '>Compartir esta noticia<\/h5><ul class='av-share-box-list noLightbox'><li class='av-share-link av-social-link-facebook' ><a target=\"_blank\" aria-label=\"Compartir en Facebook\" href='https:\/\/www.facebook.com\/sharer.php?u=https:\/\/radiorevelacionfm.cl\/?p=27422&#038;t=Un%20total%20de%20339%20iniciativas%20postularon%20al%20DFL-15%20en%20la%20Regi%C3%B3n%20de%20Ays%C3%A9n' aria-hidden='false' data-av_icon='\ue8f3' data-av_iconfont='entypo-fontello' title='' data-avia-related-tooltip='Compartir en Facebook' rel=\"noopener\"><span class='avia_hidden_link_text'>Compartir en Facebook<\/span><\/a><\/li><li class='av-share-link av-social-link-twitter' ><a target=\"_blank\" aria-label=\"Compartir en Twitter\" href='https:\/\/twitter.com\/share?text=Un%20total%20de%20339%20iniciativas%20postularon%20al%20DFL-15%20en%20la%20Regi%C3%B3n%20de%20Ays%C3%A9n&#038;url=https:\/\/radiorevelacionfm.cl\/?p=27422' aria-hidden='false' data-av_icon='\ue8f1' data-av_iconfont='entypo-fontello' title='' data-avia-related-tooltip='Compartir en Twitter' rel=\"noopener\"><span class='avia_hidden_link_text'>Compartir en Twitter<\/span><\/a><\/li><li class='av-share-link av-social-link-whatsapp' ><a target=\"_blank\" aria-label=\"Compartir en Whatsapp\" href='https:\/\/api.whatsapp.com\/send?text=https:\/\/radiorevelacionfm.cl\/?p=27422' aria-hidden='false' data-av_icon='\uf232' data-av_iconfont='entypo-fontello' title='' data-avia-related-tooltip='Compartir en Whatsapp' rel=\"noopener\"><span class='avia_hidden_link_text'>Compartir en Whatsapp<\/span><\/a><\/li><li class='av-share-link av-social-link-linkedin' ><a target=\"_blank\" aria-label=\"Compartir en LinkedIn\" href='https:\/\/linkedin.com\/shareArticle?mini=true&#038;title=Un%20total%20de%20339%20iniciativas%20postularon%20al%20DFL-15%20en%20la%20Regi%C3%B3n%20de%20Ays%C3%A9n&#038;url=https:\/\/radiorevelacionfm.cl\/?p=27422' aria-hidden='false' data-av_icon='\ue8fc' data-av_iconfont='entypo-fontello' title='' data-avia-related-tooltip='Compartir en LinkedIn' rel=\"noopener\"><span class='avia_hidden_link_text'>Compartir en LinkedIn<\/span><\/a><\/li><li class='av-share-link av-social-link-mail' ><a  aria-label=\"Compartir por correo\" href='mailto:?subject=Un%20total%20de%20339%20iniciativas%20postularon%20al%20DFL-15%20en%20la%20Regi%C3%B3n%20de%20Ays%C3%A9n&#038;body=https:\/\/radiorevelacionfm.cl\/?p=27422' aria-hidden='false' data-av_icon='\ue805' data-av_iconfont='entypo-fontello' title='' data-avia-related-tooltip='Compartir por correo'><span class='avia_hidden_link_text'>Compartir por correo<\/span><\/a><\/li><\/ul><\/div><\/div>\n<div  style='height:50px' class='hr hr-invisible   avia-builder-el-8  el_after_av_social_share  el_before_av_comments_list '><span class='hr-inner ' ><span class='hr-inner-style'><\/span><\/span><\/div>\n<div  class='av-buildercomment  av-blog-meta-html-info-disabled av-blog-meta-tag-disabled  '><\/div>\n","protected":false},"excerpt":{"rendered":"","protected":false},"author":1,"featured_media":27423,"comment_status":"open","ping_status":"open","sticky":false,"template":"","format":"standard","meta":{"footnotes":""},"categories":[38],"tags":[],"class_list":["post-27422","post","type-post","status-publish","format-standard","has-post-thumbnail","hentry","category-regional"],"jetpack_featured_media_url":"https:\/\/radiorevelacionfm.cl\/wp-content\/uploads\/2023\/02\/1-8-2_optimized-1.jpg","_links":{"self":[{"href":"https:\/\/radiorevelacionfm.cl\/index.php?rest_route=\/wp\/v2\/posts\/27422","targetHints":{"allow":["GET"]}}],"collection":[{"href":"https:\/\/radiorevelacionfm.cl\/index.php?rest_route=\/wp\/v2\/posts"}],"about":[{"href":"https:\/\/radiorevelacionfm.cl\/index.php?rest_route=\/wp\/v2\/types\/post"}],"author":[{"embeddable":true,"href":"https:\/\/radiorevelacionfm.cl\/index.php?rest_route=\/wp\/v2\/users\/1"}],"replies":[{"embeddable":true,"href":"https:\/\/radiorevelacionfm.cl\/index.php?rest_route=%2Fwp%2Fv2%2Fcomments&post=27422"}],"version-history":[{"count":2,"href":"https:\/\/radiorevelacionfm.cl\/index.php?rest_route=\/wp\/v2\/posts\/27422\/revisions"}],"predecessor-version":[{"id":27425,"href":"https:\/\/radiorevelacionfm.cl\/index.php?rest_route=\/wp\/v2\/posts\/27422\/revisions\/27425"}],"wp:featuredmedia":[{"embeddable":true,"href":"https:\/\/radiorevelacionfm.cl\/index.php?rest_route=\/wp\/v2\/media\/27423"}],"wp:attachment":[{"href":"https:\/\/radiorevelacionfm.cl\/index.php?rest_route=%2Fwp%2Fv2%2Fmedia&parent=27422"}],"wp:term":[{"taxonomy":"category","embeddable":true,"href":"https:\/\/radiorevelacionfm.cl\/index.php?rest_route=%2Fwp%2Fv2%2Fcategories&post=27422"},{"taxonomy":"post_tag","embeddable":true,"href":"https:\/\/radiorevelacionfm.cl\/index.php?rest_route=%2Fwp%2Fv2%2Ftags&post=27422"}],"curies":[{"name":"wp","href":"https:\/\/api.w.org\/{rel}","templated":true}]}}