{"id":27418,"date":"2023-02-03T12:08:01","date_gmt":"2023-02-03T15:08:01","guid":{"rendered":"https:\/\/radiorevelacionfm.cl\/?p=27418"},"modified":"2023-02-03T12:08:01","modified_gmt":"2023-02-03T15:08:01","slug":"el-arriendo-de-inmuebles-fiscales-como-herramienta-para-el-desarrollo-de-las-mipymes","status":"publish","type":"post","link":"https:\/\/radiorevelacionfm.cl\/?p=27418","title":{"rendered":"El arriendo de inmuebles fiscales como herramienta para el desarrollo de las MiPymes"},"content":{"rendered":"<div class=\"flex_column av_one_full  flex_column_div av-zero-column-padding first  avia-builder-el-0  el_before_av_one_full  avia-builder-el-first  \" style='border-radius:0px; '><div  class='avia-image-container  av-styling-    avia-builder-el-1  avia-builder-el-no-sibling  avia-align-center '  itemprop=\"image\" itemscope=\"itemscope\" itemtype=\"https:\/\/schema.org\/ImageObject\"  ><div class='avia-image-container-inner'><div class='avia-image-overlay-wrap'><img decoding=\"async\" class='wp-image-27419 avia-img-lazy-loading-not-27419 avia_image' src=\"https:\/\/radiorevelacionfm.cl\/wp-content\/uploads\/2023\/02\/arriendo-madereros-1-1_optimized-1.jpg\" alt='' title='arriendo-madereros-(1)-(1)_optimized (1)' height=\"600\" width=\"802\"  itemprop=\"thumbnailUrl\" srcset=\"https:\/\/radiorevelacionfm.cl\/wp-content\/uploads\/2023\/02\/arriendo-madereros-1-1_optimized-1.jpg 802w, https:\/\/radiorevelacionfm.cl\/wp-content\/uploads\/2023\/02\/arriendo-madereros-1-1_optimized-1-300x224.jpg 300w, https:\/\/radiorevelacionfm.cl\/wp-content\/uploads\/2023\/02\/arriendo-madereros-1-1_optimized-1-768x575.jpg 768w, https:\/\/radiorevelacionfm.cl\/wp-content\/uploads\/2023\/02\/arriendo-madereros-1-1_optimized-1-705x527.jpg 705w, https:\/\/radiorevelacionfm.cl\/wp-content\/uploads\/2023\/02\/arriendo-madereros-1-1_optimized-1-600x449.jpg 600w\" sizes=\"(max-width: 802px) 100vw, 802px\" \/><\/div><\/div><\/div><\/div><div class=\"flex_column av_one_full  flex_column_div av-zero-column-padding first  avia-builder-el-2  el_after_av_one_full  el_before_av_one_full  column-top-margin\" style='border-radius:0px; '><section class=\"av_textblock_section \"  itemscope=\"itemscope\" itemtype=\"https:\/\/schema.org\/BlogPosting\" itemprop=\"blogPost\" ><div class='avia_textblock  '   itemprop=\"text\" ><p style=\"text-align: center;\"><strong><span style=\"font-size: 18pt;\">El arriendo de inmuebles fiscales como herramienta para el desarrollo de las MiPymes<\/span><\/strong><\/p>\n<div id=\"gtx-trans\" style=\"position: absolute; left: -50px; top: 4.31534px;\">\n<div class=\"gtx-trans-icon\"><\/div>\n<\/div>\n<\/div><\/section><\/div><div class=\"flex_column av_one_full  flex_column_div av-zero-column-padding first  avia-builder-el-4  el_after_av_one_full  el_before_av_hr  column-top-margin\" style='border-radius:0px; '><section class=\"av_textblock_section \"  itemscope=\"itemscope\" itemtype=\"https:\/\/schema.org\/BlogPosting\" itemprop=\"blogPost\" ><div class='avia_textblock  '   itemprop=\"text\" ><p style=\"text-align: justify;\">El arriendo de un terreno fiscal es un derecho especial de uso que se otorga a un particular sobre algunos bienes ra\u00edces fiscales, exclusivamente para el desarrollo de actividades productivas. Para obtener este beneficio los postulantes deben detallar su proyecto en un formulario, que es evaluado por una comisi\u00f3n, para la posterior firma del contrato de arriendo, este ser\u00e1 por un per\u00edodo determinado, y por una renta que se pagar\u00e1 en forma, mensual, trimestral, semestral o anual. Los plazos de arrendamiento de un inmueble fiscal no podr\u00e1n ser superiores a 5 a\u00f1os, en zonas urbanos, ni mayores de 10, si fueren rurales.<\/p>\n<p style=\"text-align: justify;\">El arriendo est\u00e1 dise\u00f1ado exclusivamente para el desarrollo de actividades productivas, as\u00ed lo detall\u00f3 la Seremi Iirina Morend Valdebenito. \u201cActualmente nos encontramos trabajando en fortalecer nuestra cartera de arriendos, adaptando nuestros instrumentos de gesti\u00f3n de la tierra fiscal a las necesidades productivas de la regi\u00f3n, y es el arriendo, uno de los servicios m\u00e1s importante con los que contamos como ministerio, ya que nos permite apoyar directamente a las MiPymes de Ays\u00e9n. Nuestra tarea es poner a disposici\u00f3n la tierra fiscal con especial atenci\u00f3n al rubro forestal, ganadero y tur\u00edstico. Asimismo, es una prioridad de nuestra administraci\u00f3n coordinarnos con los servicios a cargo del fomento productivo y as\u00ed fortalecer y mejorar la calidad del trabajo de los emprendedores, peque\u00f1os y medianos empresarios de nuestra regi\u00f3n\u201d.<\/p>\n<p style=\"text-align: justify;\"><strong>Distribuci\u00f3n de arriendos por actividad productiva <\/strong><\/p>\n<p style=\"text-align: justify;\">Actualmente son 154 los arriendos que se mantienen vigentes en la regi\u00f3n de Ays\u00e9n, de ellos, 49 son para actividades forestal, 26 para ganaderos o veranadas, 18 para productores agr\u00edcolas, 26 para empresarios tur\u00edsticos, 28 para diversas actividades comerciales y 7 inmuebles est\u00e1n otorgados a empresas de telefon\u00eda, principalmente para la instalaci\u00f3n de antenas.<\/p>\n<p style=\"text-align: justify;\"><strong>\u00bfC\u00f3mo y d\u00f3nde se realiza este tr\u00e1mite?<\/strong><\/p>\n<p style=\"text-align: justify;\">Este tr\u00e1mite se realiza de manera presencial en las Oficinas de la Secretar\u00eda Regional Ministerial de Bienes Nacionales Ays\u00e9n, ubicadas en calle plaza #361, Coyhaique o de forma online en la p\u00e1gina web del Ministerio (<a href=\"http:\/\/www.bienesnacionales.cl\">www.bienesnacionales.cl<\/a>). Desde este a\u00f1o Bienes Nacionales tambi\u00e9n cuenta con una oficina de atenci\u00f3n ciudadana en la ciudad de Cochrane, ubicada en dependencias de la Delegaci\u00f3n Presidencial de Capit\u00e1n Prat.<\/p>\n<p style=\"text-align: justify;\"><strong>El arriendo no faculta la compra posterior del inmueble <\/strong><\/p>\n<p style=\"text-align: justify;\">El arriendo de inmueble fiscal es exclusivamente para el desarrollo de actividades productivas, es de car\u00e1cter transitorio y no garantiza al arrendatario derecho para adquirir posteriormente la venta del inmueble fiscal o la tramitaci\u00f3n de otros actos administrativos respecto de \u00e9l.<\/p>\n<\/div><\/section><\/div><div  style='height:50px' class='hr hr-invisible   avia-builder-el-6  el_after_av_one_full  el_before_av_social_share '><span class='hr-inner ' ><span class='hr-inner-style'><\/span><\/span><\/div><\/p>\n<div  class='av-social-sharing-box  avia-builder-el-7  el_after_av_hr  el_before_av_hr  '><div class='av-share-box'><h5 class='av-share-link-description av-no-toc '>Compartir esta noticia<\/h5><ul class='av-share-box-list noLightbox'><li class='av-share-link av-social-link-facebook' ><a target=\"_blank\" aria-label=\"Compartir en Facebook\" href='https:\/\/www.facebook.com\/sharer.php?u=https:\/\/radiorevelacionfm.cl\/?p=27418&#038;t=El%20arriendo%20de%20inmuebles%20fiscales%20como%20herramienta%20para%20el%20desarrollo%20de%20las%20MiPymes' aria-hidden='false' data-av_icon='\ue8f3' data-av_iconfont='entypo-fontello' title='' data-avia-related-tooltip='Compartir en Facebook' rel=\"noopener\"><span class='avia_hidden_link_text'>Compartir en Facebook<\/span><\/a><\/li><li class='av-share-link av-social-link-twitter' ><a target=\"_blank\" aria-label=\"Compartir en Twitter\" href='https:\/\/twitter.com\/share?text=El%20arriendo%20de%20inmuebles%20fiscales%20como%20herramienta%20para%20el%20desarrollo%20de%20las%20MiPymes&#038;url=https:\/\/radiorevelacionfm.cl\/?p=27418' aria-hidden='false' data-av_icon='\ue8f1' data-av_iconfont='entypo-fontello' title='' data-avia-related-tooltip='Compartir en Twitter' rel=\"noopener\"><span class='avia_hidden_link_text'>Compartir en Twitter<\/span><\/a><\/li><li class='av-share-link av-social-link-whatsapp' ><a target=\"_blank\" aria-label=\"Compartir en Whatsapp\" href='https:\/\/api.whatsapp.com\/send?text=https:\/\/radiorevelacionfm.cl\/?p=27418' aria-hidden='false' data-av_icon='\uf232' data-av_iconfont='entypo-fontello' title='' data-avia-related-tooltip='Compartir en Whatsapp' rel=\"noopener\"><span class='avia_hidden_link_text'>Compartir en Whatsapp<\/span><\/a><\/li><li class='av-share-link av-social-link-linkedin' ><a target=\"_blank\" aria-label=\"Compartir en LinkedIn\" href='https:\/\/linkedin.com\/shareArticle?mini=true&#038;title=El%20arriendo%20de%20inmuebles%20fiscales%20como%20herramienta%20para%20el%20desarrollo%20de%20las%20MiPymes&#038;url=https:\/\/radiorevelacionfm.cl\/?p=27418' aria-hidden='false' data-av_icon='\ue8fc' data-av_iconfont='entypo-fontello' title='' data-avia-related-tooltip='Compartir en LinkedIn' rel=\"noopener\"><span class='avia_hidden_link_text'>Compartir en LinkedIn<\/span><\/a><\/li><li class='av-share-link av-social-link-mail' ><a  aria-label=\"Compartir por correo\" href='mailto:?subject=El%20arriendo%20de%20inmuebles%20fiscales%20como%20herramienta%20para%20el%20desarrollo%20de%20las%20MiPymes&#038;body=https:\/\/radiorevelacionfm.cl\/?p=27418' aria-hidden='false' data-av_icon='\ue805' data-av_iconfont='entypo-fontello' title='' data-avia-related-tooltip='Compartir por correo'><span class='avia_hidden_link_text'>Compartir por correo<\/span><\/a><\/li><\/ul><\/div><\/div>\n<div  style='height:50px' class='hr hr-invisible   avia-builder-el-8  el_after_av_social_share  el_before_av_comments_list '><span class='hr-inner ' ><span class='hr-inner-style'><\/span><\/span><\/div>\n<div  class='av-buildercomment  av-blog-meta-html-info-disabled av-blog-meta-tag-disabled  '><\/div>\n","protected":false},"excerpt":{"rendered":"","protected":false},"author":1,"featured_media":27419,"comment_status":"open","ping_status":"open","sticky":false,"template":"","format":"standard","meta":{"footnotes":""},"categories":[38],"tags":[],"class_list":["post-27418","post","type-post","status-publish","format-standard","has-post-thumbnail","hentry","category-regional"],"jetpack_featured_media_url":"https:\/\/radiorevelacionfm.cl\/wp-content\/uploads\/2023\/02\/arriendo-madereros-1-1_optimized-1.jpg","_links":{"self":[{"href":"https:\/\/radiorevelacionfm.cl\/index.php?rest_route=\/wp\/v2\/posts\/27418","targetHints":{"allow":["GET"]}}],"collection":[{"href":"https:\/\/radiorevelacionfm.cl\/index.php?rest_route=\/wp\/v2\/posts"}],"about":[{"href":"https:\/\/radiorevelacionfm.cl\/index.php?rest_route=\/wp\/v2\/types\/post"}],"author":[{"embeddable":true,"href":"https:\/\/radiorevelacionfm.cl\/index.php?rest_route=\/wp\/v2\/users\/1"}],"replies":[{"embeddable":true,"href":"https:\/\/radiorevelacionfm.cl\/index.php?rest_route=%2Fwp%2Fv2%2Fcomments&post=27418"}],"version-history":[{"count":2,"href":"https:\/\/radiorevelacionfm.cl\/index.php?rest_route=\/wp\/v2\/posts\/27418\/revisions"}],"predecessor-version":[{"id":27421,"href":"https:\/\/radiorevelacionfm.cl\/index.php?rest_route=\/wp\/v2\/posts\/27418\/revisions\/27421"}],"wp:featuredmedia":[{"embeddable":true,"href":"https:\/\/radiorevelacionfm.cl\/index.php?rest_route=\/wp\/v2\/media\/27419"}],"wp:attachment":[{"href":"https:\/\/radiorevelacionfm.cl\/index.php?rest_route=%2Fwp%2Fv2%2Fmedia&parent=27418"}],"wp:term":[{"taxonomy":"category","embeddable":true,"href":"https:\/\/radiorevelacionfm.cl\/index.php?rest_route=%2Fwp%2Fv2%2Fcategories&post=27418"},{"taxonomy":"post_tag","embeddable":true,"href":"https:\/\/radiorevelacionfm.cl\/index.php?rest_route=%2Fwp%2Fv2%2Ftags&post=27418"}],"curies":[{"name":"wp","href":"https:\/\/api.w.org\/{rel}","templated":true}]}}