{"id":27403,"date":"2023-02-02T19:04:43","date_gmt":"2023-02-02T22:04:43","guid":{"rendered":"https:\/\/radiorevelacionfm.cl\/?p=27403"},"modified":"2023-02-02T19:10:18","modified_gmt":"2023-02-02T22:10:18","slug":"tras-exhaustiva-busqueda-gope-de-carabineros-rescato-cuerpo-sin-vida-desde-el-rio-aysen","status":"publish","type":"post","link":"https:\/\/radiorevelacionfm.cl\/?p=27403","title":{"rendered":"Tras exhaustiva b\u00fasqueda, GOPE de Carabineros rescat\u00f3 cuerpo sin vida desde el r\u00edo Ays\u00e9n"},"content":{"rendered":"<div class=\"flex_column av_one_full  flex_column_div av-zero-column-padding first  avia-builder-el-0  el_before_av_one_full  avia-builder-el-first  \" style='border-radius:0px; '><div  class='avia-image-container  av-styling-    avia-builder-el-1  avia-builder-el-no-sibling  avia-align-center '  itemprop=\"image\" itemscope=\"itemscope\" itemtype=\"https:\/\/schema.org\/ImageObject\"  ><div class='avia-image-container-inner'><div class='avia-image-overlay-wrap'><img decoding=\"async\" class='wp-image-27404 avia-img-lazy-loading-not-27404 avia_image' src=\"https:\/\/radiorevelacionfm.cl\/wp-content\/uploads\/2023\/02\/bbb65484-7234-4cf4-8812-3a0422dd446a-1_optimized.jpg\" alt='' title='bbb65484-7234-4cf4-8812-3a0422dd446a-(1)_optimized' height=\"600\" width=\"873\"  itemprop=\"thumbnailUrl\" srcset=\"https:\/\/radiorevelacionfm.cl\/wp-content\/uploads\/2023\/02\/bbb65484-7234-4cf4-8812-3a0422dd446a-1_optimized.jpg 873w, https:\/\/radiorevelacionfm.cl\/wp-content\/uploads\/2023\/02\/bbb65484-7234-4cf4-8812-3a0422dd446a-1_optimized-300x206.jpg 300w, https:\/\/radiorevelacionfm.cl\/wp-content\/uploads\/2023\/02\/bbb65484-7234-4cf4-8812-3a0422dd446a-1_optimized-768x528.jpg 768w, https:\/\/radiorevelacionfm.cl\/wp-content\/uploads\/2023\/02\/bbb65484-7234-4cf4-8812-3a0422dd446a-1_optimized-705x485.jpg 705w, https:\/\/radiorevelacionfm.cl\/wp-content\/uploads\/2023\/02\/bbb65484-7234-4cf4-8812-3a0422dd446a-1_optimized-600x412.jpg 600w\" sizes=\"(max-width: 873px) 100vw, 873px\" \/><\/div><\/div><\/div><\/div>\n<div class=\"flex_column av_one_full  flex_column_div av-zero-column-padding first  avia-builder-el-2  el_after_av_one_full  el_before_av_one_full  column-top-margin\" style='border-radius:0px; '><section class=\"av_textblock_section \"  itemscope=\"itemscope\" itemtype=\"https:\/\/schema.org\/BlogPosting\" itemprop=\"blogPost\" ><div class='avia_textblock  '   itemprop=\"text\" ><p style=\"text-align: center;\"><strong><span style=\"font-size: 18pt;\">Tras exhaustiva b\u00fasqueda, GOPE de Carabineros rescat\u00f3 cuerpo sin vida desde el r\u00edo Ays\u00e9n<\/span><\/strong><\/p>\n<div id=\"gtx-trans\" style=\"position: absolute; left: -50px; top: 4.31534px;\">\n<div class=\"gtx-trans-icon\"><\/div>\n<\/div>\n<\/div><\/section><\/div>\n<div class=\"flex_column av_one_full  flex_column_div av-zero-column-padding first  avia-builder-el-4  el_after_av_one_full  el_before_av_hr  column-top-margin\" style='border-radius:0px; '><section class=\"av_textblock_section \"  itemscope=\"itemscope\" itemtype=\"https:\/\/schema.org\/BlogPosting\" itemprop=\"blogPost\" ><div class='avia_textblock  '   itemprop=\"text\" ><p class=\"v1MsoNormal\" style=\"text-align: justify;\">A cinco metros de profundidad a 150 metros desde el puente Presidente Ib\u00e1\u00f1ez -luego de una exhaustiva b\u00fasqueda- Carabineros del Grupo de Operaciones Policiales Especiales (GOPE) Ays\u00e9n logr\u00f3 ubicar el cuerpo sin vida de un joven de 22 a\u00f1os de edad, sobre quien exist\u00eda una denuncia por presunta desgracia.<\/p>\n<p style=\"text-align: justify;\">Las tareas desarrolladas en coordinaci\u00f3n con la Fiscal\u00eda, contaron con el apoyo y participaci\u00f3n de familiares, Bomberos, la Armada y kayakistas.<\/p>\n<p class=\"v1MsoNormal\" style=\"text-align: justify;\">El Comisario (S) de Carabineros de Puerto Ays\u00e9n, Capit\u00e1n Jaime Esparza, indic\u00f3 que el lamentable hecho se remonta aproximadamente a la 01:40 horas de hoy, luego que un comunicado alert\u00f3 al personal sobre un ciudadano, quien -por motivos que son materia de investigaci\u00f3n- se habr\u00eda arrojado desde el viaducto a las caudalosas aguas del r\u00edo Ays\u00e9n, lo cual motiv\u00f3 la activaci\u00f3n del ABC de la emergencia.<\/p>\n<p class=\"v1MsoNormal\" style=\"text-align: justify;\">Con los primeros antecedentes, el personal policial se constituy\u00f3 en la estructura, pudiendo constatar la veracidad del hecho denunciado, dando inicio a las coordinaciones y al desarrollo de las primeras diligencias.<\/p>\n<p class=\"v1MsoNormal\" style=\"text-align: justify;\">Personal territorial de la 2da. Comisar\u00eda de Puerto Ays\u00e9n fue desplegado en sectores ribere\u00f1os, efectuando un amplio rastreo, tareas a las que incorpor\u00f3 el GOPE con equipamiento y buzos especializados.<\/p>\n<p class=\"v1MsoNormal\" style=\"text-align: justify;\">\u00abSe realiz\u00f3 una b\u00fasqueda por las orillas del r\u00edo, constituy\u00e9ndose los dem\u00e1s estamentos de emergencia, donde particip\u00f3 personal de Bomberos, activ\u00e1ndose el GOPE para apoyar en la b\u00fasqueda de esta persona\u00bb, indic\u00f3 el Oficial.<\/p>\n<p class=\"v1MsoNormal\" style=\"text-align: justify;\"><b>Localizaci\u00f3n<\/b><\/p>\n<p class=\"v1MsoNormal\" style=\"text-align: justify;\">Una vez en el lugar, el equipo especializado efectu\u00f3 una inspecci\u00f3n del lugar dando paso a una planificaci\u00f3n de las tareas de b\u00fasqueda, las cuales comenzaron con los primeros rayos de luz, siendo desplegada una embarcaci\u00f3n con equipamiento y buzos, quienes se abocaron al rastreo de las g\u00e9lidas aguas del r\u00edo Ays\u00e9n.<\/p>\n<p class=\"v1MsoNormal\" style=\"text-align: justify;\">\u00abEn horas de la ma\u00f1ana se lograron resultados positivos por parte del personal GOPE, quienes a una distancia de 150 metros aproximadamente desde el puente, dieron con el punto donde se encontraba la persona sumergida, se inform\u00f3 al Ministerio P\u00fablico instruyendo los peritajes por parte de la Brigada de Homicidios de la PDI\u00bb, se\u00f1al\u00f3 el Capit\u00e1n Esparza.<\/p>\n<p class=\"v1MsoNormal\" style=\"text-align: justify;\">De acuerdo con los primeros antecedentes -seg\u00fan indic\u00f3 el Oficial- dicha persona momentos antes, se habr\u00eda encontrado compartiendo en las inmediaciones de isla D\u00edaz, para acto seguido -y por causas que son materia de investigaci\u00f3n- se traslad\u00f3 al viaducto con los resultados antes descritos.<\/p>\n<p class=\"v1MsoNormal\" style=\"text-align: justify;\">Las tareas se desarrollaron igualmente con el apoyo y participaci\u00f3n de familiares, amigos y kayakistas que participaron de manera activa en la b\u00fasqueda, cuyos resultados, permitieron dar respuesta y llevar tranquilidad a sus seres queridos.<\/p>\n<p class=\"v1MsoNormal\" style=\"text-align: justify;\"><b>Labor 2022<\/b><\/p>\n<p class=\"v1MsoNormal\" style=\"text-align: justify;\">Durante el a\u00f1o reci\u00e9n pasado, el GOPE Ays\u00e9n desarroll\u00f3 19 procedimientos de b\u00fasqueda, logrando rescatar a 17 personas con vida, de los cuales nueve procedimientos corresponden a monta\u00f1a, seis a rastreos, dos a rescates en zona rural, uno en r\u00edo y otro en mar.<\/p>\n<p class=\"v1MsoNormal\" style=\"text-align: justify;\">Asimismo, el personal desarroll\u00f3 otros 8 procedimientos de similar naturaleza, logrando el rescate de seis cuerpos, pudiendo dar respuesta a las familias que lamentablemente sufrieron la p\u00e9rdida de uno de los suyos.<\/p>\n<\/div><\/section><\/div><div  style='height:50px' class='hr hr-invisible   avia-builder-el-6  el_after_av_one_full  el_before_av_social_share '><span class='hr-inner ' ><span class='hr-inner-style'><\/span><\/span><\/div><\/p>\n<div  class='av-social-sharing-box  avia-builder-el-7  el_after_av_hr  el_before_av_hr  '><div class='av-share-box'><h5 class='av-share-link-description av-no-toc '>Compartir esta noticia<\/h5><ul class='av-share-box-list noLightbox'><li class='av-share-link av-social-link-facebook' ><a target=\"_blank\" aria-label=\"Compartir en Facebook\" href='https:\/\/www.facebook.com\/sharer.php?u=https:\/\/radiorevelacionfm.cl\/?p=27403&#038;t=Tras%20exhaustiva%20b%C3%BAsqueda%2C%20GOPE%20de%20Carabineros%20rescat%C3%B3%20cuerpo%20sin%20vida%20desde%20el%20r%C3%ADo%20Ays%C3%A9n' aria-hidden='false' data-av_icon='\ue8f3' data-av_iconfont='entypo-fontello' title='' data-avia-related-tooltip='Compartir en Facebook' rel=\"noopener\"><span class='avia_hidden_link_text'>Compartir en Facebook<\/span><\/a><\/li><li class='av-share-link av-social-link-twitter' ><a target=\"_blank\" aria-label=\"Compartir en Twitter\" href='https:\/\/twitter.com\/share?text=Tras%20exhaustiva%20b%C3%BAsqueda%2C%20GOPE%20de%20Carabineros%20rescat%C3%B3%20cuerpo%20sin%20vida%20desde%20el%20r%C3%ADo%20Ays%C3%A9n&#038;url=https:\/\/radiorevelacionfm.cl\/?p=27403' aria-hidden='false' data-av_icon='\ue8f1' data-av_iconfont='entypo-fontello' title='' data-avia-related-tooltip='Compartir en Twitter' rel=\"noopener\"><span class='avia_hidden_link_text'>Compartir en Twitter<\/span><\/a><\/li><li class='av-share-link av-social-link-whatsapp' ><a target=\"_blank\" aria-label=\"Compartir en Whatsapp\" href='https:\/\/api.whatsapp.com\/send?text=https:\/\/radiorevelacionfm.cl\/?p=27403' aria-hidden='false' data-av_icon='\uf232' data-av_iconfont='entypo-fontello' title='' data-avia-related-tooltip='Compartir en Whatsapp' rel=\"noopener\"><span class='avia_hidden_link_text'>Compartir en Whatsapp<\/span><\/a><\/li><li class='av-share-link av-social-link-linkedin' ><a target=\"_blank\" aria-label=\"Compartir en LinkedIn\" href='https:\/\/linkedin.com\/shareArticle?mini=true&#038;title=Tras%20exhaustiva%20b%C3%BAsqueda%2C%20GOPE%20de%20Carabineros%20rescat%C3%B3%20cuerpo%20sin%20vida%20desde%20el%20r%C3%ADo%20Ays%C3%A9n&#038;url=https:\/\/radiorevelacionfm.cl\/?p=27403' aria-hidden='false' data-av_icon='\ue8fc' data-av_iconfont='entypo-fontello' title='' data-avia-related-tooltip='Compartir en LinkedIn' rel=\"noopener\"><span class='avia_hidden_link_text'>Compartir en LinkedIn<\/span><\/a><\/li><li class='av-share-link av-social-link-mail' ><a  aria-label=\"Compartir por correo\" href='mailto:?subject=Tras%20exhaustiva%20b%C3%BAsqueda%2C%20GOPE%20de%20Carabineros%20rescat%C3%B3%20cuerpo%20sin%20vida%20desde%20el%20r%C3%ADo%20Ays%C3%A9n&#038;body=https:\/\/radiorevelacionfm.cl\/?p=27403' aria-hidden='false' data-av_icon='\ue805' data-av_iconfont='entypo-fontello' title='' data-avia-related-tooltip='Compartir por correo'><span class='avia_hidden_link_text'>Compartir por correo<\/span><\/a><\/li><\/ul><\/div><\/div>\n<div  style='height:50px' class='hr hr-invisible   avia-builder-el-8  el_after_av_social_share  el_before_av_comments_list '><span class='hr-inner ' ><span class='hr-inner-style'><\/span><\/span><\/div>\n<div  class='av-buildercomment  av-blog-meta-html-info-disabled av-blog-meta-tag-disabled  '><\/div>\n","protected":false},"excerpt":{"rendered":"","protected":false},"author":1,"featured_media":27404,"comment_status":"open","ping_status":"open","sticky":false,"template":"","format":"standard","meta":{"footnotes":""},"categories":[36],"tags":[],"class_list":["post-27403","post","type-post","status-publish","format-standard","has-post-thumbnail","hentry","category-policial"],"jetpack_featured_media_url":"https:\/\/radiorevelacionfm.cl\/wp-content\/uploads\/2023\/02\/bbb65484-7234-4cf4-8812-3a0422dd446a-1_optimized.jpg","_links":{"self":[{"href":"https:\/\/radiorevelacionfm.cl\/index.php?rest_route=\/wp\/v2\/posts\/27403","targetHints":{"allow":["GET"]}}],"collection":[{"href":"https:\/\/radiorevelacionfm.cl\/index.php?rest_route=\/wp\/v2\/posts"}],"about":[{"href":"https:\/\/radiorevelacionfm.cl\/index.php?rest_route=\/wp\/v2\/types\/post"}],"author":[{"embeddable":true,"href":"https:\/\/radiorevelacionfm.cl\/index.php?rest_route=\/wp\/v2\/users\/1"}],"replies":[{"embeddable":true,"href":"https:\/\/radiorevelacionfm.cl\/index.php?rest_route=%2Fwp%2Fv2%2Fcomments&post=27403"}],"version-history":[{"count":3,"href":"https:\/\/radiorevelacionfm.cl\/index.php?rest_route=\/wp\/v2\/posts\/27403\/revisions"}],"predecessor-version":[{"id":27406,"href":"https:\/\/radiorevelacionfm.cl\/index.php?rest_route=\/wp\/v2\/posts\/27403\/revisions\/27406"}],"wp:featuredmedia":[{"embeddable":true,"href":"https:\/\/radiorevelacionfm.cl\/index.php?rest_route=\/wp\/v2\/media\/27404"}],"wp:attachment":[{"href":"https:\/\/radiorevelacionfm.cl\/index.php?rest_route=%2Fwp%2Fv2%2Fmedia&parent=27403"}],"wp:term":[{"taxonomy":"category","embeddable":true,"href":"https:\/\/radiorevelacionfm.cl\/index.php?rest_route=%2Fwp%2Fv2%2Fcategories&post=27403"},{"taxonomy":"post_tag","embeddable":true,"href":"https:\/\/radiorevelacionfm.cl\/index.php?rest_route=%2Fwp%2Fv2%2Ftags&post=27403"}],"curies":[{"name":"wp","href":"https:\/\/api.w.org\/{rel}","templated":true}]}}