{"id":27400,"date":"2023-02-03T09:13:19","date_gmt":"2023-02-03T12:13:19","guid":{"rendered":"https:\/\/radiorevelacionfm.cl\/?p=27400"},"modified":"2023-02-03T09:13:19","modified_gmt":"2023-02-03T12:13:19","slug":"seremi-tatiana-pla-nuestro-gobierno-esta-cumpliendo-los-compromisos-en-materia-de-pensiones","status":"publish","type":"post","link":"https:\/\/radiorevelacionfm.cl\/?p=27400","title":{"rendered":"Seremi Tatiana Pl\u00e1 : \u201cNuestro Gobierno est\u00e1 cumpliendo los compromisos en materia de Pensiones\u201d"},"content":{"rendered":"<div class=\"flex_column av_one_full  flex_column_div av-zero-column-padding first  avia-builder-el-0  el_before_av_one_full  avia-builder-el-first  \" style='border-radius:0px; '><div  class='avia-image-container  av-styling-    avia-builder-el-1  avia-builder-el-no-sibling  avia-align-center '  itemprop=\"image\" itemscope=\"itemscope\" itemtype=\"https:\/\/schema.org\/ImageObject\"  ><div class='avia-image-container-inner'><div class='avia-image-overlay-wrap'><img decoding=\"async\" class='wp-image-27401 avia-img-lazy-loading-not-27401 avia_image' src=\"https:\/\/radiorevelacionfm.cl\/wp-content\/uploads\/2023\/02\/Seremi-pensiones-2-1-1.jpg\" alt='' title='Seremi pensiones (2) (1) (1)' height=\"600\" width=\"941\"  itemprop=\"thumbnailUrl\" srcset=\"https:\/\/radiorevelacionfm.cl\/wp-content\/uploads\/2023\/02\/Seremi-pensiones-2-1-1.jpg 941w, https:\/\/radiorevelacionfm.cl\/wp-content\/uploads\/2023\/02\/Seremi-pensiones-2-1-1-300x191.jpg 300w, https:\/\/radiorevelacionfm.cl\/wp-content\/uploads\/2023\/02\/Seremi-pensiones-2-1-1-768x490.jpg 768w, https:\/\/radiorevelacionfm.cl\/wp-content\/uploads\/2023\/02\/Seremi-pensiones-2-1-1-705x450.jpg 705w, https:\/\/radiorevelacionfm.cl\/wp-content\/uploads\/2023\/02\/Seremi-pensiones-2-1-1-600x383.jpg 600w\" sizes=\"(max-width: 941px) 100vw, 941px\" \/><\/div><\/div><\/div><\/div><div class=\"flex_column av_one_full  flex_column_div av-zero-column-padding first  avia-builder-el-2  el_after_av_one_full  el_before_av_one_full  column-top-margin\" style='border-radius:0px; '><section class=\"av_textblock_section \"  itemscope=\"itemscope\" itemtype=\"https:\/\/schema.org\/BlogPosting\" itemprop=\"blogPost\" ><div class='avia_textblock  '   itemprop=\"text\" ><p style=\"text-align: center;\"><strong><span style=\"font-size: 18pt;\">Seremi Tatiana Pl\u00e1 : \u201cNuestro Gobierno est\u00e1 cumpliendo los compromisos en materia de Pensiones\u201d<\/span><\/strong><\/p>\n<div id=\"gtx-trans\" style=\"position: absolute; left: -50px; top: 4.31534px;\">\n<div class=\"gtx-trans-icon\"><\/div>\n<\/div>\n<\/div><\/section><\/div><div class=\"flex_column av_one_full  flex_column_div av-zero-column-padding first  avia-builder-el-4  el_after_av_one_full  el_before_av_hr  column-top-margin\" style='border-radius:0px; '><section class=\"av_textblock_section \"  itemscope=\"itemscope\" itemtype=\"https:\/\/schema.org\/BlogPosting\" itemprop=\"blogPost\" ><div class='avia_textblock  '   itemprop=\"text\" ><p style=\"text-align: justify;\">Hace unos d\u00edas, 25 de enero, la comisi\u00f3n de Trabajo de la C\u00e1mara de Diputados y Diputadas aprob\u00f3 por ocho\u00a0 votos a favor, cuatro en contra de la oposici\u00f3n y una abstenci\u00f3n, la idea de legislar la Reforma de Pensiones, a casi tres meses desde su ingreso en el Congreso Nacional, en una sesi\u00f3n que cont\u00f3 con la presencia de la ministra de Trabajo y Previsi\u00f3n Social, Jeannette Jara; el ministro de Hacienda, Mario Marcel; el subsecretario de Previsi\u00f3n Social, Cristi\u00e1n Larra\u00edn; la subsecretaria de Hacienda, Claudia Sanhueza; y el superintendente de Pensiones, Osvaldo Mac\u00edas. De este modo, el proyecto de ley presentado por el Presidente Gabriel Boric cumpli\u00f3 con su primer hito legislativo y pasar\u00e1 ahora a la discusi\u00f3n en particular en la mencionada comisi\u00f3n.<\/p>\n<p style=\"text-align: justify;\">Al respecto, la Seremi de Gobierno, indic\u00f3: \u201cNuestro Gobierno est\u00e1 cumpliendo los compromisos en materia de Pensiones por ello, el hito legislativo que se cumpli\u00f3 hace unos d\u00edas, en el cual los distintos parlamentarios manifestaron su voluntad pol\u00edtica de avanzar en una reforma previsional es tan importante, porque hay familias, personas de la tercera edad de nuestra regi\u00f3n y de todo el pa\u00eds que se van a beneficiar con la aprobaci\u00f3n de esta Ley. Esperamos que esta ley siga avanzando en el Congreso, porque tenemos una responsabilidad hist\u00f3rica de suscribir un pacto de seguridad social para Chile, para mejorar el monto de las pensiones, a eso se comprometi\u00f3 el Presidente Gabriel Boric y es lo que estamos cumpliendo como Gobierno\u201d.<\/p>\n<p style=\"text-align: justify;\">Para que la reforma haya sido votada en general, el Gobierno cumpli\u00f3 con el cronograma que estableci\u00f3 la comisi\u00f3n de Trabajo y Seguridad Social de la C\u00e1mara de Diputados y Diputadas. En ese sentido, la reforma de pensiones ingres\u00f3 al Congreso el 7 de noviembre. Luego en dos sesiones, los ministros Jara y Marcel expusieron ante la misma comisi\u00f3n los documentos que acompa\u00f1an al proyecto: el Informe Financiero y el Informe de Impacto Regulatorio. Este \u00faltimo documento refleja que, junto con una mejora en las pensiones, la iniciativa legal, que se tramita con suma urgencia, tambi\u00e9n impacta positivamente en otras \u00e1reas como el empleo, el mercado de capitales local y en el PIB (Producto Interno Bruto) per c\u00e1pita del pa\u00eds.<\/p>\n<p style=\"text-align: justify;\">Cabe recordar, que el proyecto de ley que crea un nuevo Sistema Mixto de Pensiones, tiene como pilares mejorar el monto y cobertura de la Pensi\u00f3n Garantizada Universal (PGU), elev\u00e1ndola a $250.000, y crear un Seguro Social en el Pilar Contributivo que sea financiado con una cotizaci\u00f3n adicional de 6% de la renta imponible, de cargo del empleador. Ello producir\u00e1 un mejoramiento de las pensiones actuales y futuras, sobre todo, de las jubilaciones de las mujeres, a trav\u00e9s de diversos mecanismos solidarios, ya que son las que en su mayor\u00eda tienen\u00a0 o han tenido \u201clagunas previsionales\u201d por diversos motivos: maternidad, enfermedad, cuidado de los hijos, de familiares enfermos o adultos mayores.<\/p>\n<p style=\"text-align: justify;\">Al mismo tiempo, el\u00a0 proyecto propone una reorganizaci\u00f3n de las instituciones previsionales, sin la existencia de las actuales AFP, en el que convivan: un Inversor de Pensiones P\u00fablico y Aut\u00f3nomo (IPPA) con nuevos Inversores de Pensiones Privados (IPP), que s\u00f3lo realizar\u00e1n actividades de inversi\u00f3n. Asimismo, existir\u00e1 el Administrador de Pensiones Aut\u00f3nomo (APA), entidad p\u00fablica fortalecida que suceder\u00e1 al actual Instituto de Previsi\u00f3n Social (IPS) y que asumir\u00e1 las diversas actividades de soporte, como afiliaci\u00f3n, recaudaci\u00f3n, cobranza y pago de beneficios, entre otros.<\/p>\n<p style=\"text-align: justify;\">La discusi\u00f3n, en particular, de la reforma de Pensiones iniciar\u00e1 al retorno del receso legislativo, y se espera que a fines de marzo la Mesa T\u00e9cnica pueda llegar a acuerdos que sean fruto de esta discusi\u00f3n.<\/p>\n<p style=\"text-align: justify;\"><strong>Beneficiarios PGU<\/strong><\/p>\n<p style=\"text-align: justify;\">Desde hace algunas semanas, se puso sobre la mesa el debate de ampliar el rango de beneficiarios de la Pensi\u00f3n Garantizada Universal (PGU), aporte monetario dise\u00f1ado para aumentar los ingresos mensuales de los adultos mayores. Al respecto, el Senado aprob\u00f3 la iniciativa de manera un\u00e1nime, dej\u00e1ndola en condiciones de ser promulgada como ley, para modificar el universo de receptores de la ayuda social. Recordemos que la PGU reemplaza los anteriores beneficios de vejez del Pilar Solidario y contempla actualmente a 2 millones 400 mil usuarios. Es por eso que, se instaur\u00f3 la intenci\u00f3n de ampliar el rango de personas que pueden solicitar el monto que mejora su pensi\u00f3n.<\/p>\n<p style=\"text-align: justify;\">La vocera de Gobierno, se\u00f1al\u00f3: \u201cEstamos muy contentos por todas y todos los adultos mayores de nuestra regi\u00f3n y del pa\u00eds, porque se aprob\u00f3 la ampliaci\u00f3n de la Pensi\u00f3n Garantizada Universal (PGU). Esto permitir\u00e1, al modificar los requisitos, llegar ahora a las personas mayores pertenecientes al 90% de la poblaci\u00f3n de la regi\u00f3n y del pa\u00eds, sumando 70 mil nuevos beneficiarios y beneficiarias a la PGU. O sea, vamos a poder llegar a un mayor n\u00famero de personas, adem\u00e1s este mes se incrementa el monto de este beneficio a $206.173, este nuevo monto se debe a la variaci\u00f3n del IPC, por lo que hacemos un llamado a todas las personas que re\u00fanen los requisitos a postular a la PGU, porque es un incremento importante y un alivio para las familias\u201d, concluy\u00f3.<\/p>\n<\/div><\/section><\/div><div  style='height:50px' class='hr hr-invisible   avia-builder-el-6  el_after_av_one_full  el_before_av_social_share '><span class='hr-inner ' ><span class='hr-inner-style'><\/span><\/span><\/div><\/p>\n<div  class='av-social-sharing-box  avia-builder-el-7  el_after_av_hr  el_before_av_hr  '><div class='av-share-box'><h5 class='av-share-link-description av-no-toc '>Compartir esta noticia<\/h5><ul class='av-share-box-list noLightbox'><li class='av-share-link av-social-link-facebook' ><a target=\"_blank\" aria-label=\"Compartir en Facebook\" href='https:\/\/www.facebook.com\/sharer.php?u=https:\/\/radiorevelacionfm.cl\/?p=27400&#038;t=Seremi%20Tatiana%20Pl%C3%A1%20%3A%20%E2%80%9CNuestro%20Gobierno%20est%C3%A1%20cumpliendo%20los%20compromisos%20en%20materia%20de%20Pensiones%E2%80%9D' aria-hidden='false' data-av_icon='\ue8f3' data-av_iconfont='entypo-fontello' title='' data-avia-related-tooltip='Compartir en Facebook' rel=\"noopener\"><span class='avia_hidden_link_text'>Compartir en Facebook<\/span><\/a><\/li><li class='av-share-link av-social-link-twitter' ><a target=\"_blank\" aria-label=\"Compartir en Twitter\" href='https:\/\/twitter.com\/share?text=Seremi%20Tatiana%20Pl%C3%A1%20%3A%20%E2%80%9CNuestro%20Gobierno%20est%C3%A1%20cumpliendo%20los%20compromisos%20en%20materia%20de%20Pensiones%E2%80%9D&#038;url=https:\/\/radiorevelacionfm.cl\/?p=27400' aria-hidden='false' data-av_icon='\ue8f1' data-av_iconfont='entypo-fontello' title='' data-avia-related-tooltip='Compartir en Twitter' rel=\"noopener\"><span class='avia_hidden_link_text'>Compartir en Twitter<\/span><\/a><\/li><li class='av-share-link av-social-link-whatsapp' ><a target=\"_blank\" aria-label=\"Compartir en Whatsapp\" href='https:\/\/api.whatsapp.com\/send?text=https:\/\/radiorevelacionfm.cl\/?p=27400' aria-hidden='false' data-av_icon='\uf232' data-av_iconfont='entypo-fontello' title='' data-avia-related-tooltip='Compartir en Whatsapp' rel=\"noopener\"><span class='avia_hidden_link_text'>Compartir en Whatsapp<\/span><\/a><\/li><li class='av-share-link av-social-link-linkedin' ><a target=\"_blank\" aria-label=\"Compartir en LinkedIn\" href='https:\/\/linkedin.com\/shareArticle?mini=true&#038;title=Seremi%20Tatiana%20Pl%C3%A1%20%3A%20%E2%80%9CNuestro%20Gobierno%20est%C3%A1%20cumpliendo%20los%20compromisos%20en%20materia%20de%20Pensiones%E2%80%9D&#038;url=https:\/\/radiorevelacionfm.cl\/?p=27400' aria-hidden='false' data-av_icon='\ue8fc' data-av_iconfont='entypo-fontello' title='' data-avia-related-tooltip='Compartir en LinkedIn' rel=\"noopener\"><span class='avia_hidden_link_text'>Compartir en LinkedIn<\/span><\/a><\/li><li class='av-share-link av-social-link-mail' ><a  aria-label=\"Compartir por correo\" href='mailto:?subject=Seremi%20Tatiana%20Pl%C3%A1%20%3A%20%E2%80%9CNuestro%20Gobierno%20est%C3%A1%20cumpliendo%20los%20compromisos%20en%20materia%20de%20Pensiones%E2%80%9D&#038;body=https:\/\/radiorevelacionfm.cl\/?p=27400' aria-hidden='false' data-av_icon='\ue805' data-av_iconfont='entypo-fontello' title='' data-avia-related-tooltip='Compartir por correo'><span class='avia_hidden_link_text'>Compartir por correo<\/span><\/a><\/li><\/ul><\/div><\/div>\n<div  style='height:50px' class='hr hr-invisible   avia-builder-el-8  el_after_av_social_share  el_before_av_comments_list '><span class='hr-inner ' ><span class='hr-inner-style'><\/span><\/span><\/div>\n<div  class='av-buildercomment  av-blog-meta-html-info-disabled av-blog-meta-tag-disabled  '><\/div>\n","protected":false},"excerpt":{"rendered":"","protected":false},"author":1,"featured_media":27401,"comment_status":"open","ping_status":"open","sticky":false,"template":"","format":"standard","meta":{"footnotes":""},"categories":[38],"tags":[],"class_list":["post-27400","post","type-post","status-publish","format-standard","has-post-thumbnail","hentry","category-regional"],"jetpack_featured_media_url":"https:\/\/radiorevelacionfm.cl\/wp-content\/uploads\/2023\/02\/Seremi-pensiones-2-1-1.jpg","_links":{"self":[{"href":"https:\/\/radiorevelacionfm.cl\/index.php?rest_route=\/wp\/v2\/posts\/27400","targetHints":{"allow":["GET"]}}],"collection":[{"href":"https:\/\/radiorevelacionfm.cl\/index.php?rest_route=\/wp\/v2\/posts"}],"about":[{"href":"https:\/\/radiorevelacionfm.cl\/index.php?rest_route=\/wp\/v2\/types\/post"}],"author":[{"embeddable":true,"href":"https:\/\/radiorevelacionfm.cl\/index.php?rest_route=\/wp\/v2\/users\/1"}],"replies":[{"embeddable":true,"href":"https:\/\/radiorevelacionfm.cl\/index.php?rest_route=%2Fwp%2Fv2%2Fcomments&post=27400"}],"version-history":[{"count":2,"href":"https:\/\/radiorevelacionfm.cl\/index.php?rest_route=\/wp\/v2\/posts\/27400\/revisions"}],"predecessor-version":[{"id":27415,"href":"https:\/\/radiorevelacionfm.cl\/index.php?rest_route=\/wp\/v2\/posts\/27400\/revisions\/27415"}],"wp:featuredmedia":[{"embeddable":true,"href":"https:\/\/radiorevelacionfm.cl\/index.php?rest_route=\/wp\/v2\/media\/27401"}],"wp:attachment":[{"href":"https:\/\/radiorevelacionfm.cl\/index.php?rest_route=%2Fwp%2Fv2%2Fmedia&parent=27400"}],"wp:term":[{"taxonomy":"category","embeddable":true,"href":"https:\/\/radiorevelacionfm.cl\/index.php?rest_route=%2Fwp%2Fv2%2Fcategories&post=27400"},{"taxonomy":"post_tag","embeddable":true,"href":"https:\/\/radiorevelacionfm.cl\/index.php?rest_route=%2Fwp%2Fv2%2Ftags&post=27400"}],"curies":[{"name":"wp","href":"https:\/\/api.w.org\/{rel}","templated":true}]}}