{"id":27396,"date":"2023-02-02T20:59:17","date_gmt":"2023-02-02T23:59:17","guid":{"rendered":"https:\/\/radiorevelacionfm.cl\/?p=27396"},"modified":"2023-02-09T18:08:13","modified_gmt":"2023-02-09T21:08:13","slug":"refuerzan-llamado-a-la-prevencion-de-incendios-forestales","status":"publish","type":"post","link":"https:\/\/radiorevelacionfm.cl\/?p=27396","title":{"rendered":"Refuerzan llamado a la prevenci\u00f3n de incendios forestales"},"content":{"rendered":"<div class=\"flex_column av_one_full  flex_column_div av-zero-column-padding first  avia-builder-el-0  el_before_av_one_full  avia-builder-el-first  \" style='border-radius:0px; '><div  class='avia-image-container  av-styling-    avia-builder-el-1  avia-builder-el-no-sibling  avia-align-center '  itemprop=\"image\" itemscope=\"itemscope\" itemtype=\"https:\/\/schema.org\/ImageObject\"  ><div class='avia-image-container-inner'><div class='avia-image-overlay-wrap'><img decoding=\"async\" class='wp-image-27697 avia-img-lazy-loading-not-27697 avia_image' src=\"https:\/\/radiorevelacionfm.cl\/wp-content\/uploads\/2023\/02\/prev_optimized.incendiosforestales2-1-1-1.jpg\" alt='' title='prev_optimized.incendiosforestales2-(1)-(1) (1)' height=\"600\" width=\"1106\"  itemprop=\"thumbnailUrl\" srcset=\"https:\/\/radiorevelacionfm.cl\/wp-content\/uploads\/2023\/02\/prev_optimized.incendiosforestales2-1-1-1.jpg 1106w, https:\/\/radiorevelacionfm.cl\/wp-content\/uploads\/2023\/02\/prev_optimized.incendiosforestales2-1-1-1-300x163.jpg 300w, https:\/\/radiorevelacionfm.cl\/wp-content\/uploads\/2023\/02\/prev_optimized.incendiosforestales2-1-1-1-1030x559.jpg 1030w, https:\/\/radiorevelacionfm.cl\/wp-content\/uploads\/2023\/02\/prev_optimized.incendiosforestales2-1-1-1-768x417.jpg 768w, https:\/\/radiorevelacionfm.cl\/wp-content\/uploads\/2023\/02\/prev_optimized.incendiosforestales2-1-1-1-705x382.jpg 705w, https:\/\/radiorevelacionfm.cl\/wp-content\/uploads\/2023\/02\/prev_optimized.incendiosforestales2-1-1-1-600x325.jpg 600w\" sizes=\"(max-width: 1106px) 100vw, 1106px\" \/><\/div><\/div><\/div><\/div><div class=\"flex_column av_one_full  flex_column_div av-zero-column-padding first  avia-builder-el-2  el_after_av_one_full  el_before_av_one_full  column-top-margin\" style='border-radius:0px; '><section class=\"av_textblock_section \"  itemscope=\"itemscope\" itemtype=\"https:\/\/schema.org\/BlogPosting\" itemprop=\"blogPost\" ><div class='avia_textblock  '   itemprop=\"text\" ><p style=\"text-align: center;\"><span style=\"font-size: 18pt;\"><b><span class=\"v1ContentPasted0\" lang=\"ES\">Refuerzan llamado a la prevenci\u00f3n de incendios forestales\u00a0\u00a0<\/span><\/b><\/span><\/p>\n<div id=\"gtx-trans\" style=\"position: absolute; left: -50px; top: 4.31534px;\">\n<div class=\"gtx-trans-icon\"><\/div>\n<\/div>\n<\/div><\/section><\/div><\/p>\n<div class=\"flex_column av_one_full  flex_column_div av-zero-column-padding first  avia-builder-el-4  el_after_av_one_full  el_before_av_hr  column-top-margin\" style='border-radius:0px; '><section class=\"av_textblock_section \"  itemscope=\"itemscope\" itemtype=\"https:\/\/schema.org\/BlogPosting\" itemprop=\"blogPost\" ><div class='avia_textblock  '   itemprop=\"text\" ><p class=\"v1MsoNormal\" style=\"text-align: justify;\"><span class=\"v1ContentPasted0\" lang=\"ES\">Con una actividad de difusi\u00f3n en la Plaza de Coyhaique, entidades de gobierno reforzaron el llamado a la ciudadan\u00eda para la prevenci\u00f3n de Incendios Forestales.\u00a0\u00a0<\/span><\/p>\n<p class=\"v1MsoNormal\" style=\"text-align: justify;\"><span class=\"v1ContentPasted0\" lang=\"ES\">La actividad fue impulsada por la seremi de Agricultura y la Corporaci\u00f3n Nacional Forestal, CONAF, con participaci\u00f3n de la seremi de Gobierno, Tatiana Pl\u00e1, representante del Gobierno Regional de Ays\u00e9n, Vania C\u00e1ceres, Carabineros, IV Divisi\u00f3n de Ejercito y Forest\u00edn.\u00a0<\/span><\/p>\n<p class=\"v1MsoNormal\" style=\"text-align: justify;\"><span class=\"v1ContentPasted0\" lang=\"ES\">En el marco del complejo momento que se vive en la zona central del pa\u00eds y las condiciones meteorol\u00f3gicas imperantes, el llamado de las autoridades est\u00e1 centrado en evitar siniestros a trav\u00e9s de simples medidas con la poblaci\u00f3n.\u00a0<\/span><\/p>\n<p class=\"v1MsoNormal\" style=\"text-align: justify;\"><span class=\"v1ContentPasted0\" lang=\"ES\">El seremi Agricultura, Alan Espinoza Ortiz, resalt\u00f3 que el 99,7% de los incendios forestales son causados por las personas, ya sea por accidente, negligencia o intencionalidad. De ah\u00ed la importancia de sensibilizar a la poblaci\u00f3n en la aplicaci\u00f3n de medidas preventivas.\u00a0<\/span><\/p>\n<p class=\"v1MsoNormal\" style=\"text-align: justify;\"><span class=\"v1ContentPasted0\" lang=\"ES\">\u00abNuestra consigna es que prevenir un incendio forestal es m\u00e1s f\u00e1cil que combatirlo. Tenemos todos nuestros equipos de CONAF a disposici\u00f3n para poder trabajar continuamente en este proceso. A la fecha llevamos 24 incendios forestales que hemos enfrentado con el trabajo colaborativo de instituciones y con un gran despliegue que han hecho las distintas brigadas forestales parta poder combatir los incendios\u00bb, sostuvo.\u00a0<\/span><\/p>\n<p class=\"v1MsoNormal\" style=\"text-align: justify;\"><span class=\"v1ContentPasted0\" lang=\"ES\">Ays\u00e9n cuenta con 14 brigadas a lo largo de la regi\u00f3n cubriendo desde La Junta hasta Cochrane, en un trabajo coordinado con Bomberos y la capacitaci\u00f3n de Brigadas Forestales del Ej\u00e9rcito (BRIFES) (Coyhaique, Ays\u00e9n y Cochrane).\u00a0<\/span><\/p>\n<p class=\"v1MsoNormal\" style=\"text-align: justify;\"><span class=\"v1ContentPasted0\" lang=\"ES\">A ello se suma un helic\u00f3ptero con asiento permanente en Coyhaique y veh\u00edculos todo terreno, personal de combate y equipamiento t\u00e9cnico el cual ha sido reforzado con una fuerte campa\u00f1a regional cuyo \u00e9nfasis es la prevenci\u00f3n.\u00a0\u00a0<\/span><\/p>\n<p class=\"v1MsoNormal\" style=\"text-align: justify;\"><span class=\"v1ContentPasted0\" lang=\"ES\">\u00abComo Gabinete nosotros hemos estado durante todo el mes de enero tambi\u00e9n haciendo promoci\u00f3n, haciendo campa\u00f1a no solamente en la prevenci\u00f3n de los incendios, sino que tambi\u00e9n de la prevenci\u00f3n de hantavirus, que es otra de las campa\u00f1as que estamos haciendo en esta \u00e9poca estival, donde nuestra regi\u00f3n tambi\u00e9n se encuentra preparada\u00bb, precis\u00f3 la Seremi de Gobierno Tatiana Pl\u00e1 \u00c1lvarez.\u00a0<\/span><\/p>\n<p class=\"v1MsoNormal\" style=\"text-align: justify;\"><span class=\"v1ContentPasted0\" lang=\"ES\">Por su parte, la directora (I) de CONAF, Andrea Bahamonde Valenzuela, resalt\u00f3 que,\u00a0<\/span>dentro de las medidas preventivas, se determin\u00f3 cerrar algunas \u00e1reas silvestres protegidas regionales, las que se informan en el sitio\u00a0<a id=\"v1LPlnk657130\" href=\"http:\/\/www.conaf.cl\/\" target=\"_blank\" rel=\"noopener noreferrer\">www.conaf.cl<\/a><\/p>\n<p class=\"v1MsoNormal\" style=\"text-align: justify;\"><span class=\"v1ContentPasted0\" lang=\"ES\">\u00abUna medida preventiva que se llama Bot\u00f3n Rojo, es cerrar ciertas unidades o ciertos sectores y tener mayor prevenci\u00f3n de incendios forestales, a trav\u00e9s de mayor patrullaje, las que llegan hasta la comuna de Lago Verde en nuestra regi\u00f3n de Ays\u00e9n. Por lo tanto, nosotros tomamos la decisi\u00f3n de cerrar desde ma\u00f1ana hasta el domingo, por ejemplo, la Reserva Nacional Lago Carlota -Comuna Lago Verde- como medida de prevenci\u00f3n\u00bb, se\u00f1al\u00f3.\u00a0<\/span><\/p>\n<p class=\"v1MsoNormal\" style=\"text-align: justify;\"><span class=\"v1ContentPasted0\" lang=\"ES\">Por su parte, Vania C\u00e1ceres Medina, del Gobierno Regional de Ays\u00e9n, resalt\u00f3 la articulaci\u00f3n institucional en torno al mensaje de prevenci\u00f3n.\u00a0\u00a0<\/span><\/p>\n<p class=\"v1MsoNormal\" style=\"text-align: justify;\"><span class=\"v1ContentPasted0\" lang=\"ES\">\u00abEs importante tener a la mano las herramientas que nos permita a todos los ciudadanos prevenir estos incendios forestales que devastan nuestra naturaleza y provocan grandes complicaciones al momento de enfrentarlos. Siempre sabemos que los recursos dispuestos para enfrentar un desastre siempre son limitados. Por lo tanto, el foco siempre tiene que estar desde la prevenci\u00f3n\u00bb, destac\u00f3 la jefa de la Divisi\u00f3n de Desarrollo Social y Humano del GORE.\u00a0\u00a0<\/span><\/p>\n<p class=\"v1MsoNormal\" style=\"text-align: justify;\"><span class=\"v1ContentPasted0\" lang=\"ES\">En Ays\u00e9n desde el primero de julio 2022 a la fecha han ocurrido 24 incendios con una superficie afectada de 17.48 hect\u00e1reas, por lo cual el mensaje a la ciudadan\u00eda est\u00e1 centrado en aumentar las medidas preventivas, entre las que se destaca el llamado a los niveles 130 de Conaf, 132 de Bomberos, 133 de Carabineros o el 134 de PDI, en caso de avistamiento de humo o fuego.<\/span><\/p>\n<\/div><\/section><\/div>\n<div  style='height:50px' class='hr hr-invisible   avia-builder-el-6  el_after_av_one_full  el_before_av_social_share '><span class='hr-inner ' ><span class='hr-inner-style'><\/span><\/span><\/div>\n<div  class='av-social-sharing-box  avia-builder-el-7  el_after_av_hr  el_before_av_hr  '><div class='av-share-box'><h5 class='av-share-link-description av-no-toc '>Compartir esta noticia<\/h5><ul class='av-share-box-list noLightbox'><li class='av-share-link av-social-link-facebook' ><a target=\"_blank\" aria-label=\"Compartir en Facebook\" href='https:\/\/www.facebook.com\/sharer.php?u=https:\/\/radiorevelacionfm.cl\/?p=27396&#038;t=Refuerzan%20llamado%20a%20la%20prevenci%C3%B3n%20de%20incendios%20forestales' aria-hidden='false' data-av_icon='\ue8f3' data-av_iconfont='entypo-fontello' title='' data-avia-related-tooltip='Compartir en Facebook' rel=\"noopener\"><span class='avia_hidden_link_text'>Compartir en Facebook<\/span><\/a><\/li><li class='av-share-link av-social-link-twitter' ><a target=\"_blank\" aria-label=\"Compartir en Twitter\" href='https:\/\/twitter.com\/share?text=Refuerzan%20llamado%20a%20la%20prevenci%C3%B3n%20de%20incendios%20forestales&#038;url=https:\/\/radiorevelacionfm.cl\/?p=27396' aria-hidden='false' data-av_icon='\ue8f1' data-av_iconfont='entypo-fontello' title='' data-avia-related-tooltip='Compartir en Twitter' rel=\"noopener\"><span class='avia_hidden_link_text'>Compartir en Twitter<\/span><\/a><\/li><li class='av-share-link av-social-link-whatsapp' ><a target=\"_blank\" aria-label=\"Compartir en Whatsapp\" href='https:\/\/api.whatsapp.com\/send?text=https:\/\/radiorevelacionfm.cl\/?p=27396' aria-hidden='false' data-av_icon='\uf232' data-av_iconfont='entypo-fontello' title='' data-avia-related-tooltip='Compartir en Whatsapp' rel=\"noopener\"><span class='avia_hidden_link_text'>Compartir en Whatsapp<\/span><\/a><\/li><li class='av-share-link av-social-link-linkedin' ><a target=\"_blank\" aria-label=\"Compartir en LinkedIn\" href='https:\/\/linkedin.com\/shareArticle?mini=true&#038;title=Refuerzan%20llamado%20a%20la%20prevenci%C3%B3n%20de%20incendios%20forestales&#038;url=https:\/\/radiorevelacionfm.cl\/?p=27396' aria-hidden='false' data-av_icon='\ue8fc' data-av_iconfont='entypo-fontello' title='' data-avia-related-tooltip='Compartir en LinkedIn' rel=\"noopener\"><span class='avia_hidden_link_text'>Compartir en LinkedIn<\/span><\/a><\/li><li class='av-share-link av-social-link-mail' ><a  aria-label=\"Compartir por correo\" href='mailto:?subject=Refuerzan%20llamado%20a%20la%20prevenci%C3%B3n%20de%20incendios%20forestales&#038;body=https:\/\/radiorevelacionfm.cl\/?p=27396' aria-hidden='false' data-av_icon='\ue805' data-av_iconfont='entypo-fontello' title='' data-avia-related-tooltip='Compartir por correo'><span class='avia_hidden_link_text'>Compartir por correo<\/span><\/a><\/li><\/ul><\/div><\/div>\n<div  style='height:50px' class='hr hr-invisible   avia-builder-el-8  el_after_av_social_share  el_before_av_comments_list '><span class='hr-inner ' ><span class='hr-inner-style'><\/span><\/span><\/div>\n<div  class='av-buildercomment  av-blog-meta-html-info-disabled av-blog-meta-tag-disabled  '><\/div>\n","protected":false},"excerpt":{"rendered":"","protected":false},"author":1,"featured_media":27697,"comment_status":"open","ping_status":"open","sticky":false,"template":"","format":"standard","meta":{"footnotes":""},"categories":[38],"tags":[],"class_list":["post-27396","post","type-post","status-publish","format-standard","has-post-thumbnail","hentry","category-regional"],"jetpack_featured_media_url":"https:\/\/radiorevelacionfm.cl\/wp-content\/uploads\/2023\/02\/prev_optimized.incendiosforestales2-1-1-1.jpg","_links":{"self":[{"href":"https:\/\/radiorevelacionfm.cl\/index.php?rest_route=\/wp\/v2\/posts\/27396","targetHints":{"allow":["GET"]}}],"collection":[{"href":"https:\/\/radiorevelacionfm.cl\/index.php?rest_route=\/wp\/v2\/posts"}],"about":[{"href":"https:\/\/radiorevelacionfm.cl\/index.php?rest_route=\/wp\/v2\/types\/post"}],"author":[{"embeddable":true,"href":"https:\/\/radiorevelacionfm.cl\/index.php?rest_route=\/wp\/v2\/users\/1"}],"replies":[{"embeddable":true,"href":"https:\/\/radiorevelacionfm.cl\/index.php?rest_route=%2Fwp%2Fv2%2Fcomments&post=27396"}],"version-history":[{"count":3,"href":"https:\/\/radiorevelacionfm.cl\/index.php?rest_route=\/wp\/v2\/posts\/27396\/revisions"}],"predecessor-version":[{"id":27699,"href":"https:\/\/radiorevelacionfm.cl\/index.php?rest_route=\/wp\/v2\/posts\/27396\/revisions\/27699"}],"wp:featuredmedia":[{"embeddable":true,"href":"https:\/\/radiorevelacionfm.cl\/index.php?rest_route=\/wp\/v2\/media\/27697"}],"wp:attachment":[{"href":"https:\/\/radiorevelacionfm.cl\/index.php?rest_route=%2Fwp%2Fv2%2Fmedia&parent=27396"}],"wp:term":[{"taxonomy":"category","embeddable":true,"href":"https:\/\/radiorevelacionfm.cl\/index.php?rest_route=%2Fwp%2Fv2%2Fcategories&post=27396"},{"taxonomy":"post_tag","embeddable":true,"href":"https:\/\/radiorevelacionfm.cl\/index.php?rest_route=%2Fwp%2Fv2%2Ftags&post=27396"}],"curies":[{"name":"wp","href":"https:\/\/api.w.org\/{rel}","templated":true}]}}