{"id":27393,"date":"2023-02-03T18:18:32","date_gmt":"2023-02-03T21:18:32","guid":{"rendered":"https:\/\/radiorevelacionfm.cl\/?p=27393"},"modified":"2023-02-03T18:18:32","modified_gmt":"2023-02-03T21:18:32","slug":"para-promover-la-innovacion-y-trabajo-colaborativo-corfo-abre-nueva-convocatoria-de-sumate-a-innovar","status":"publish","type":"post","link":"https:\/\/radiorevelacionfm.cl\/?p=27393","title":{"rendered":"Para promover la innovaci\u00f3n y trabajo colaborativo Corfo abre nueva convocatoria de \u201cS\u00famate a Innovar\u201d"},"content":{"rendered":"<div class=\"flex_column av_one_full  flex_column_div av-zero-column-padding first  avia-builder-el-0  el_before_av_one_full  avia-builder-el-first  \" style='border-radius:0px; '><div  class='avia-image-container  av-styling-    avia-builder-el-1  avia-builder-el-no-sibling  avia-align-center '  itemprop=\"image\" itemscope=\"itemscope\" itemtype=\"https:\/\/schema.org\/ImageObject\"  ><div class='avia-image-container-inner'><div class='avia-image-overlay-wrap'><img decoding=\"async\" class='wp-image-27394 avia-img-lazy-loading-not-27394 avia_image' src=\"https:\/\/radiorevelacionfm.cl\/wp-content\/uploads\/2023\/02\/pexels-antoni-shkraba-5466275-1-1.jpg\" alt='' title='pexels-antoni-shkraba-5466275 (1) (1)' height=\"600\" width=\"900\"  itemprop=\"thumbnailUrl\" srcset=\"https:\/\/radiorevelacionfm.cl\/wp-content\/uploads\/2023\/02\/pexels-antoni-shkraba-5466275-1-1.jpg 900w, https:\/\/radiorevelacionfm.cl\/wp-content\/uploads\/2023\/02\/pexels-antoni-shkraba-5466275-1-1-300x200.jpg 300w, https:\/\/radiorevelacionfm.cl\/wp-content\/uploads\/2023\/02\/pexels-antoni-shkraba-5466275-1-1-768x512.jpg 768w, https:\/\/radiorevelacionfm.cl\/wp-content\/uploads\/2023\/02\/pexels-antoni-shkraba-5466275-1-1-705x470.jpg 705w, https:\/\/radiorevelacionfm.cl\/wp-content\/uploads\/2023\/02\/pexels-antoni-shkraba-5466275-1-1-600x400.jpg 600w\" sizes=\"(max-width: 900px) 100vw, 900px\" \/><\/div><\/div><\/div><\/div><div class=\"flex_column av_one_full  flex_column_div av-zero-column-padding first  avia-builder-el-2  el_after_av_one_full  el_before_av_one_full  column-top-margin\" style='border-radius:0px; '><section class=\"av_textblock_section \"  itemscope=\"itemscope\" itemtype=\"https:\/\/schema.org\/BlogPosting\" itemprop=\"blogPost\" ><div class='avia_textblock  '   itemprop=\"text\" ><p style=\"text-align: center;\"><span style=\"font-size: 18pt;\"><b><span lang=\"ES-MX\">Para promover la innovaci\u00f3n y trabajo colaborativo Corfo abre nueva convocatoria de \u201cS\u00famate a Innovar\u201d<\/span><\/b><\/span><\/p>\n<div id=\"gtx-trans\" style=\"position: absolute; left: -50px; top: 4.31534px;\">\n<div class=\"gtx-trans-icon\"><\/div>\n<\/div>\n<\/div><\/section><\/div><div class=\"flex_column av_one_full  flex_column_div av-zero-column-padding first  avia-builder-el-4  el_after_av_one_full  el_before_av_hr  column-top-margin\" style='border-radius:0px; '><section class=\"av_textblock_section \"  itemscope=\"itemscope\" itemtype=\"https:\/\/schema.org\/BlogPosting\" itemprop=\"blogPost\" ><div class='avia_textblock  '   itemprop=\"text\" ><p style=\"text-align: justify;\">Este programa ofrece un cofinanciamiento de hasta $10 millones, cuyo porcentaje depender\u00e1 del tama\u00f1o de la compa\u00f1\u00eda. Adem\u00e1s, permite a las empresas contratar hasta dos entidades para desarrollar soluciones innovadoras en conjunto.<\/p>\n<p style=\"text-align: justify;\">Con el objetivo de apoyar a las empresas chilenas a resolver problemas y desaf\u00edos de productividad y\/o competitividad, a trav\u00e9s de la innovaci\u00f3n y vinculaci\u00f3n con entidades colaboradoras, Corfo abri\u00f3 una nueva convocatoria de su instrumento <a href=\"https:\/\/www.corfo.cl\/sites\/cpp\/convocatorias\/sumate_a_innovar\" data-saferedirecturl=\"https:\/\/www.google.com\/url?q=https:\/\/www.corfo.cl\/sites\/cpp\/convocatorias\/sumate_a_innovar&amp;source=gmail&amp;ust=1675454438235000&amp;usg=AOvVaw1IHvlfz1gzYImyLTVz_Sol\">S\u00famate a Innovar\u00a0que se extender\u00e1\u00a0hasta el 16 de marzo de 2023.<\/a><\/p>\n<p style=\"text-align: justify;\">\u201cHay que desmitificar que la innovaci\u00f3n es compleja y que est\u00e1 reservada solamente para empresas que tienen recursos para invertir en tecnolog\u00eda. Este instrumento es una primera invitaci\u00f3n para incorporar la innovaci\u00f3n como una actividad que transforma empresas y a la vez,\u00a0aporta en el desaf\u00edo de avanzar a un desarrollo productivo m\u00e1s sostenible para Chile\u201d, destac\u00f3 la Gerenta de Innovaci\u00f3n de Corfo, Jocelyn Olivari.<\/p>\n<p style=\"text-align: justify;\">En esta oportunidad,\u00a0<a href=\"https:\/\/www.corfo.cl\/sites\/cpp\/convocatorias\/sumate_a_innovar\" data-saferedirecturl=\"https:\/\/www.google.com\/url?q=https:\/\/www.corfo.cl\/sites\/cpp\/convocatorias\/sumate_a_innovar&amp;source=gmail&amp;ust=1675454438235000&amp;usg=AOvVaw1IHvlfz1gzYImyLTVz_Sol\">S\u00famate a Innovar<\/a>\u00a0entregar\u00e1 un cofinanciamiento de\u00a0hasta $10 millones\u00a0para los proyectos seleccionados, cuyo porcentaje depender\u00e1 del tama\u00f1o de la compa\u00f1\u00eda: 80% en el caso de las micro y peque\u00f1as, 70% en el caso de las medianas y 40% en el caso de las m\u00e1s grandes.<\/p>\n<p style=\"text-align: justify;\">Cabe destacar que, para las empresas lideradas por mujeres, existir\u00e1 un aumento de hasta un 10 % m\u00e1s de cofinanciamiento por parte de Corfo.<\/p>\n<p style=\"text-align: justify;\">Por su parte, el director de Corfo Ays\u00e9n, Humberto Mar\u00edn Leiva, explic\u00f3 que \u201cla innovaci\u00f3n no ocurre de manera aislada. Es el resultado de\u00a0la cooperaci\u00f3n\u00a0entre\u00a0diferentes actores. Por ello, para Corfo es fundamental promover el trabajo colaborativo porque permite repensar el modo de hacer las cosas, transformando la mirada que tenemos del desarrollo, buscando soluciones innovadoras que respondan a necesidades particulares de cada territorio\u201d.<\/p>\n<p style=\"text-align: justify;\">\u00bfQUI\u00c9NES PUEDEN POSTULAR?<\/p>\n<p style=\"text-align: justify;\">A esta convocatoria del\u00a0<a href=\"https:\/\/www.corfo.cl\/sites\/cpp\/convocatorias\/sumate_a_innovar\" data-saferedirecturl=\"https:\/\/www.google.com\/url?q=https:\/\/www.corfo.cl\/sites\/cpp\/convocatorias\/sumate_a_innovar&amp;source=gmail&amp;ust=1675454438235000&amp;usg=AOvVaw1IHvlfz1gzYImyLTVz_Sol\">S\u00famate a Innovar<\/a>\u00a0pueden postular personas jur\u00eddicas constituidas en Chile; personas naturales que, al momento de postular, sean mayores de 18 a\u00f1os y, adem\u00e1s, cuenten con iniciaci\u00f3n de actividades en un giro empresarial de primera categor\u00eda del impuesto a la renta.<\/p>\n<p style=\"text-align: justify;\">Entre sus ventajas, este instrumento\u00a0permite a las empresas contratar hasta dos entidades colaboradoras para trabajar en el desarrollo de soluciones innovadoras\u00a0que les ayuden a resolver sus desaf\u00edos de productividad y\/o competitividad.<\/p>\n<p style=\"text-align: justify;\">Las postulaciones a\u00a0<a href=\"https:\/\/www.corfo.cl\/sites\/cpp\/convocatorias\/sumate_a_innovar\" data-saferedirecturl=\"https:\/\/www.google.com\/url?q=https:\/\/www.corfo.cl\/sites\/cpp\/convocatorias\/sumate_a_innovar&amp;source=gmail&amp;ust=1675454438235000&amp;usg=AOvVaw1IHvlfz1gzYImyLTVz_Sol\">S\u00famate a Innovar<\/a>\u00a0est\u00e1n abiertas hasta las\u00a015.00hrs del 16 de marzo de 2023, a trav\u00e9s de la web de Corfo.<\/p>\n<p style=\"text-align: justify;\">Para conocer m\u00e1s detalles de la convocatoria, el pr\u00f3ximo\u00a0martes 7 de febrero, a las 15.00hrs, se realizar\u00e1\u00a0un webinar informativo.\u00a0Los interesados en esta charla deben inscribirse en \u00a0<a href=\"http:\/\/bit.ly\/3HgcnT5\" data-saferedirecturl=\"https:\/\/www.google.com\/url?q=http:\/\/bit.ly\/3HgcnT5&amp;source=gmail&amp;ust=1675454438235000&amp;usg=AOvVaw0Jhger-QzMfd6abW-hyLeJ\">http:\/\/bit.ly\/3HgcnT5<\/a>. Tambi\u00e9n pueden ingresar al Instagram de @CorfoAysen y buscar el enlace de inscripci\u00f3n en el perfil de la red social. M\u00e1s informaci\u00f3n llamando al 22451250 o presencialmente en Sim\u00f3n Bol\u00edvar n\u00b0 262, Coyhaique de 08:30 a 13:30 horas.<\/p>\n<\/div><\/section><\/div><div  style='height:50px' class='hr hr-invisible   avia-builder-el-6  el_after_av_one_full  el_before_av_social_share '><span class='hr-inner ' ><span class='hr-inner-style'><\/span><\/span><\/div><\/p>\n<div  class='av-social-sharing-box  avia-builder-el-7  el_after_av_hr  el_before_av_hr  '><div class='av-share-box'><h5 class='av-share-link-description av-no-toc '>Compartir esta noticia<\/h5><ul class='av-share-box-list noLightbox'><li class='av-share-link av-social-link-facebook' ><a target=\"_blank\" aria-label=\"Compartir en Facebook\" href='https:\/\/www.facebook.com\/sharer.php?u=https:\/\/radiorevelacionfm.cl\/?p=27393&#038;t=Para%20promover%20la%20innovaci%C3%B3n%20y%20trabajo%20colaborativo%20Corfo%20abre%20nueva%20convocatoria%20de%20%E2%80%9CS%C3%BAmate%20a%20Innovar%E2%80%9D' aria-hidden='false' data-av_icon='\ue8f3' data-av_iconfont='entypo-fontello' title='' data-avia-related-tooltip='Compartir en Facebook' rel=\"noopener\"><span class='avia_hidden_link_text'>Compartir en Facebook<\/span><\/a><\/li><li class='av-share-link av-social-link-twitter' ><a target=\"_blank\" aria-label=\"Compartir en Twitter\" href='https:\/\/twitter.com\/share?text=Para%20promover%20la%20innovaci%C3%B3n%20y%20trabajo%20colaborativo%20Corfo%20abre%20nueva%20convocatoria%20de%20%E2%80%9CS%C3%BAmate%20a%20Innovar%E2%80%9D&#038;url=https:\/\/radiorevelacionfm.cl\/?p=27393' aria-hidden='false' data-av_icon='\ue8f1' data-av_iconfont='entypo-fontello' title='' data-avia-related-tooltip='Compartir en Twitter' rel=\"noopener\"><span class='avia_hidden_link_text'>Compartir en Twitter<\/span><\/a><\/li><li class='av-share-link av-social-link-whatsapp' ><a target=\"_blank\" aria-label=\"Compartir en Whatsapp\" href='https:\/\/api.whatsapp.com\/send?text=https:\/\/radiorevelacionfm.cl\/?p=27393' aria-hidden='false' data-av_icon='\uf232' data-av_iconfont='entypo-fontello' title='' data-avia-related-tooltip='Compartir en Whatsapp' rel=\"noopener\"><span class='avia_hidden_link_text'>Compartir en Whatsapp<\/span><\/a><\/li><li class='av-share-link av-social-link-linkedin' ><a target=\"_blank\" aria-label=\"Compartir en LinkedIn\" href='https:\/\/linkedin.com\/shareArticle?mini=true&#038;title=Para%20promover%20la%20innovaci%C3%B3n%20y%20trabajo%20colaborativo%20Corfo%20abre%20nueva%20convocatoria%20de%20%E2%80%9CS%C3%BAmate%20a%20Innovar%E2%80%9D&#038;url=https:\/\/radiorevelacionfm.cl\/?p=27393' aria-hidden='false' data-av_icon='\ue8fc' data-av_iconfont='entypo-fontello' title='' data-avia-related-tooltip='Compartir en LinkedIn' rel=\"noopener\"><span class='avia_hidden_link_text'>Compartir en LinkedIn<\/span><\/a><\/li><li class='av-share-link av-social-link-mail' ><a  aria-label=\"Compartir por correo\" href='mailto:?subject=Para%20promover%20la%20innovaci%C3%B3n%20y%20trabajo%20colaborativo%20Corfo%20abre%20nueva%20convocatoria%20de%20%E2%80%9CS%C3%BAmate%20a%20Innovar%E2%80%9D&#038;body=https:\/\/radiorevelacionfm.cl\/?p=27393' aria-hidden='false' data-av_icon='\ue805' data-av_iconfont='entypo-fontello' title='' data-avia-related-tooltip='Compartir por correo'><span class='avia_hidden_link_text'>Compartir por correo<\/span><\/a><\/li><\/ul><\/div><\/div>\n<div  style='height:50px' class='hr hr-invisible   avia-builder-el-8  el_after_av_social_share  el_before_av_comments_list '><span class='hr-inner ' ><span class='hr-inner-style'><\/span><\/span><\/div>\n<div  class='av-buildercomment  av-blog-meta-html-info-disabled av-blog-meta-tag-disabled  '><\/div>\n","protected":false},"excerpt":{"rendered":"","protected":false},"author":1,"featured_media":27394,"comment_status":"open","ping_status":"open","sticky":false,"template":"","format":"standard","meta":{"footnotes":""},"categories":[38],"tags":[],"class_list":["post-27393","post","type-post","status-publish","format-standard","has-post-thumbnail","hentry","category-regional"],"jetpack_featured_media_url":"https:\/\/radiorevelacionfm.cl\/wp-content\/uploads\/2023\/02\/pexels-antoni-shkraba-5466275-1-1.jpg","_links":{"self":[{"href":"https:\/\/radiorevelacionfm.cl\/index.php?rest_route=\/wp\/v2\/posts\/27393","targetHints":{"allow":["GET"]}}],"collection":[{"href":"https:\/\/radiorevelacionfm.cl\/index.php?rest_route=\/wp\/v2\/posts"}],"about":[{"href":"https:\/\/radiorevelacionfm.cl\/index.php?rest_route=\/wp\/v2\/types\/post"}],"author":[{"embeddable":true,"href":"https:\/\/radiorevelacionfm.cl\/index.php?rest_route=\/wp\/v2\/users\/1"}],"replies":[{"embeddable":true,"href":"https:\/\/radiorevelacionfm.cl\/index.php?rest_route=%2Fwp%2Fv2%2Fcomments&post=27393"}],"version-history":[{"count":2,"href":"https:\/\/radiorevelacionfm.cl\/index.php?rest_route=\/wp\/v2\/posts\/27393\/revisions"}],"predecessor-version":[{"id":27455,"href":"https:\/\/radiorevelacionfm.cl\/index.php?rest_route=\/wp\/v2\/posts\/27393\/revisions\/27455"}],"wp:featuredmedia":[{"embeddable":true,"href":"https:\/\/radiorevelacionfm.cl\/index.php?rest_route=\/wp\/v2\/media\/27394"}],"wp:attachment":[{"href":"https:\/\/radiorevelacionfm.cl\/index.php?rest_route=%2Fwp%2Fv2%2Fmedia&parent=27393"}],"wp:term":[{"taxonomy":"category","embeddable":true,"href":"https:\/\/radiorevelacionfm.cl\/index.php?rest_route=%2Fwp%2Fv2%2Fcategories&post=27393"},{"taxonomy":"post_tag","embeddable":true,"href":"https:\/\/radiorevelacionfm.cl\/index.php?rest_route=%2Fwp%2Fv2%2Ftags&post=27393"}],"curies":[{"name":"wp","href":"https:\/\/api.w.org\/{rel}","templated":true}]}}