{"id":27389,"date":"2023-02-02T18:20:49","date_gmt":"2023-02-02T21:20:49","guid":{"rendered":"https:\/\/radiorevelacionfm.cl\/?p=27389"},"modified":"2023-02-02T18:20:49","modified_gmt":"2023-02-02T21:20:49","slug":"tribunal-acoge-reclamacion-contra-la-sma-por-no-iniciar-procedimiento-sancionatorio-del-proyecto-central-hidroelectrica-los-maquis","status":"publish","type":"post","link":"https:\/\/radiorevelacionfm.cl\/?p=27389","title":{"rendered":"Tribunal acoge reclamaci\u00f3n contra la SMA por no iniciar procedimiento sancionatorio del proyecto Central Hidroel\u00e9ctrica Los Maquis"},"content":{"rendered":"<div class=\"flex_column av_one_full  flex_column_div av-zero-column-padding first  avia-builder-el-0  el_before_av_one_full  avia-builder-el-first  \" style='border-radius:0px; '><div  class='avia-image-container  av-styling-    avia-builder-el-1  avia-builder-el-no-sibling  avia-align-center '  itemprop=\"image\" itemscope=\"itemscope\" itemtype=\"https:\/\/schema.org\/ImageObject\"  ><div class='avia-image-container-inner'><div class='avia-image-overlay-wrap'><img decoding=\"async\" class='wp-image-9516 avia-img-lazy-loading-not-9516 avia_image' src=\"https:\/\/radiorevelacionfm.cl\/wp-content\/uploads\/2021\/10\/central-los-maquis-0-1_optimized.jpg\" alt='' title='central-los-maquis-(0)-(1)_optimized' height=\"600\" width=\"751\"  itemprop=\"thumbnailUrl\" srcset=\"https:\/\/radiorevelacionfm.cl\/wp-content\/uploads\/2021\/10\/central-los-maquis-0-1_optimized.jpg 751w, https:\/\/radiorevelacionfm.cl\/wp-content\/uploads\/2021\/10\/central-los-maquis-0-1_optimized-300x240.jpg 300w, https:\/\/radiorevelacionfm.cl\/wp-content\/uploads\/2021\/10\/central-los-maquis-0-1_optimized-705x563.jpg 705w, https:\/\/radiorevelacionfm.cl\/wp-content\/uploads\/2021\/10\/central-los-maquis-0-1_optimized-600x479.jpg 600w\" sizes=\"(max-width: 751px) 100vw, 751px\" \/><\/div><\/div><\/div><\/div><div class=\"flex_column av_one_full  flex_column_div av-zero-column-padding first  avia-builder-el-2  el_after_av_one_full  el_before_av_one_full  column-top-margin\" style='border-radius:0px; '><section class=\"av_textblock_section \"  itemscope=\"itemscope\" itemtype=\"https:\/\/schema.org\/BlogPosting\" itemprop=\"blogPost\" ><div class='avia_textblock  '   itemprop=\"text\" ><p style=\"text-align: center;\"><strong><span style=\"font-size: 18pt;\">Tribunal acoge reclamaci\u00f3n contra la SMA por no iniciar procedimiento sancionatorio del proyecto Central Hidroel\u00e9ctrica Los Maquis<\/span><\/strong><\/p>\n<div id=\"gtx-trans\" style=\"position: absolute; left: -50px; top: 4.31534px;\">\n<div class=\"gtx-trans-icon\"><\/div>\n<\/div>\n<\/div><\/section><\/div><div class=\"flex_column av_one_full  flex_column_div av-zero-column-padding first  avia-builder-el-4  el_after_av_one_full  el_before_av_hr  column-top-margin\" style='border-radius:0px; '><section class=\"av_textblock_section \"  itemscope=\"itemscope\" itemtype=\"https:\/\/schema.org\/BlogPosting\" itemprop=\"blogPost\" ><div class='avia_textblock  '   itemprop=\"text\" ><p style=\"text-align: justify;\">El Tercer Tribunal Ambiental acogi\u00f3 la reclamaci\u00f3n y solicit\u00f3 a la SMA que proceda a dictar un nuevo acto en los que consigne de modo expreso y razonadamente los motivos para no iniciar el procedimiento sancionatorio contra el proyecto.<\/p>\n<p style=\"text-align: justify;\">La reclamaci\u00f3n fue presentada por Crist\u00f3bal Weber Mckay y otra persona natural contra la Superintendencia del Medio Ambiente (SMA) que, mediante la Res. Ex. 850\/2022, requiri\u00f3 el ingreso del proyecto \u201cRehabilitaci\u00f3n central hidroel\u00e9ctrica Los Maquis\u201d de la Empresa El\u00e9ctrica Ays\u00e9n S.A. al Sistema de Evaluaci\u00f3n de Impacto Ambiental (SEIA) de acuerdo al art\u00edculo 10 de la Ley 19.300, sin embargo, la autoridad tom\u00f3 la decisi\u00f3n de no iniciar un procedimiento sancionador. Por lo anterior, los reclamantes solicitaron al Tribunal dejar sin efecto dicha resoluci\u00f3n solo en cuanto a la decisi\u00f3n de la SMA de no iniciar el proceso sancionatorio contra el titular por no contar con la correspondiente Resoluci\u00f3n de Calificaci\u00f3n Ambiental (RCA) del proyecto.<\/p>\n<p style=\"text-align: justify;\">La sentencia del Tercer Tribunal Ambiental se\u00f1ala que los criterios de la SMA para no iniciar el procedimiento no formaron parte de la resoluci\u00f3n de la autoridad ambiental, sino que fueron sustentados en sede judicial, por lo que no pudieron ser impugnados ni sometidos a contradicci\u00f3n por la parte reclamante.<\/p>\n<p style=\"text-align: justify;\">De esta manera, el Tribunal, de manera un\u00e1nime, acogi\u00f3 la reclamaci\u00f3n y solicit\u00f3 a la autoridad administrativa que proceda a dictar un nuevo acto en el que consigne de modo expreso y razonadamente los motivos que la llevan a no iniciar el procedimiento sancionatorio. La SMA deber\u00e1 dictar una nueva resoluci\u00f3n que pueda justificar los motivos por los cuales no inici\u00f3 dicho procedimiento.<\/p>\n<\/div><\/section><\/div><div  style='height:50px' class='hr hr-invisible   avia-builder-el-6  el_after_av_one_full  el_before_av_social_share '><span class='hr-inner ' ><span class='hr-inner-style'><\/span><\/span><\/div><\/p>\n<div  class='av-social-sharing-box  avia-builder-el-7  el_after_av_hr  el_before_av_hr  '><div class='av-share-box'><h5 class='av-share-link-description av-no-toc '>Compartir esta noticia<\/h5><ul class='av-share-box-list noLightbox'><li class='av-share-link av-social-link-facebook' ><a target=\"_blank\" aria-label=\"Compartir en Facebook\" href='https:\/\/www.facebook.com\/sharer.php?u=https:\/\/radiorevelacionfm.cl\/?p=27389&#038;t=Tribunal%20acoge%20reclamaci%C3%B3n%20contra%20la%20SMA%20por%20no%20iniciar%20procedimiento%20sancionatorio%20del%20proyecto%20Central%20Hidroel%C3%A9ctrica%20Los%20Maquis' aria-hidden='false' data-av_icon='\ue8f3' data-av_iconfont='entypo-fontello' title='' data-avia-related-tooltip='Compartir en Facebook' rel=\"noopener\"><span class='avia_hidden_link_text'>Compartir en Facebook<\/span><\/a><\/li><li class='av-share-link av-social-link-twitter' ><a target=\"_blank\" aria-label=\"Compartir en Twitter\" href='https:\/\/twitter.com\/share?text=Tribunal%20acoge%20reclamaci%C3%B3n%20contra%20la%20SMA%20por%20no%20iniciar%20procedimiento%20sancionatorio%20del%20proyecto%20Central%20Hidroel%C3%A9ctrica%20Los%20Maquis&#038;url=https:\/\/radiorevelacionfm.cl\/?p=27389' aria-hidden='false' data-av_icon='\ue8f1' data-av_iconfont='entypo-fontello' title='' data-avia-related-tooltip='Compartir en Twitter' rel=\"noopener\"><span class='avia_hidden_link_text'>Compartir en Twitter<\/span><\/a><\/li><li class='av-share-link av-social-link-whatsapp' ><a target=\"_blank\" aria-label=\"Compartir en Whatsapp\" href='https:\/\/api.whatsapp.com\/send?text=https:\/\/radiorevelacionfm.cl\/?p=27389' aria-hidden='false' data-av_icon='\uf232' data-av_iconfont='entypo-fontello' title='' data-avia-related-tooltip='Compartir en Whatsapp' rel=\"noopener\"><span class='avia_hidden_link_text'>Compartir en Whatsapp<\/span><\/a><\/li><li class='av-share-link av-social-link-linkedin' ><a target=\"_blank\" aria-label=\"Compartir en LinkedIn\" href='https:\/\/linkedin.com\/shareArticle?mini=true&#038;title=Tribunal%20acoge%20reclamaci%C3%B3n%20contra%20la%20SMA%20por%20no%20iniciar%20procedimiento%20sancionatorio%20del%20proyecto%20Central%20Hidroel%C3%A9ctrica%20Los%20Maquis&#038;url=https:\/\/radiorevelacionfm.cl\/?p=27389' aria-hidden='false' data-av_icon='\ue8fc' data-av_iconfont='entypo-fontello' title='' data-avia-related-tooltip='Compartir en LinkedIn' rel=\"noopener\"><span class='avia_hidden_link_text'>Compartir en LinkedIn<\/span><\/a><\/li><li class='av-share-link av-social-link-mail' ><a  aria-label=\"Compartir por correo\" href='mailto:?subject=Tribunal%20acoge%20reclamaci%C3%B3n%20contra%20la%20SMA%20por%20no%20iniciar%20procedimiento%20sancionatorio%20del%20proyecto%20Central%20Hidroel%C3%A9ctrica%20Los%20Maquis&#038;body=https:\/\/radiorevelacionfm.cl\/?p=27389' aria-hidden='false' data-av_icon='\ue805' data-av_iconfont='entypo-fontello' title='' data-avia-related-tooltip='Compartir por correo'><span class='avia_hidden_link_text'>Compartir por correo<\/span><\/a><\/li><\/ul><\/div><\/div>\n<div  style='height:50px' class='hr hr-invisible   avia-builder-el-8  el_after_av_social_share  el_before_av_comments_list '><span class='hr-inner ' ><span class='hr-inner-style'><\/span><\/span><\/div>\n<div  class='av-buildercomment  av-blog-meta-html-info-disabled av-blog-meta-tag-disabled  '><\/div>\n","protected":false},"excerpt":{"rendered":"","protected":false},"author":1,"featured_media":9516,"comment_status":"open","ping_status":"open","sticky":false,"template":"","format":"standard","meta":{"footnotes":""},"categories":[39],"tags":[],"class_list":["post-27389","post","type-post","status-publish","format-standard","has-post-thumbnail","hentry","category-medio-ambiente"],"jetpack_featured_media_url":"https:\/\/radiorevelacionfm.cl\/wp-content\/uploads\/2021\/10\/central-los-maquis-0-1_optimized.jpg","_links":{"self":[{"href":"https:\/\/radiorevelacionfm.cl\/index.php?rest_route=\/wp\/v2\/posts\/27389","targetHints":{"allow":["GET"]}}],"collection":[{"href":"https:\/\/radiorevelacionfm.cl\/index.php?rest_route=\/wp\/v2\/posts"}],"about":[{"href":"https:\/\/radiorevelacionfm.cl\/index.php?rest_route=\/wp\/v2\/types\/post"}],"author":[{"embeddable":true,"href":"https:\/\/radiorevelacionfm.cl\/index.php?rest_route=\/wp\/v2\/users\/1"}],"replies":[{"embeddable":true,"href":"https:\/\/radiorevelacionfm.cl\/index.php?rest_route=%2Fwp%2Fv2%2Fcomments&post=27389"}],"version-history":[{"count":2,"href":"https:\/\/radiorevelacionfm.cl\/index.php?rest_route=\/wp\/v2\/posts\/27389\/revisions"}],"predecessor-version":[{"id":27399,"href":"https:\/\/radiorevelacionfm.cl\/index.php?rest_route=\/wp\/v2\/posts\/27389\/revisions\/27399"}],"wp:featuredmedia":[{"embeddable":true,"href":"https:\/\/radiorevelacionfm.cl\/index.php?rest_route=\/wp\/v2\/media\/9516"}],"wp:attachment":[{"href":"https:\/\/radiorevelacionfm.cl\/index.php?rest_route=%2Fwp%2Fv2%2Fmedia&parent=27389"}],"wp:term":[{"taxonomy":"category","embeddable":true,"href":"https:\/\/radiorevelacionfm.cl\/index.php?rest_route=%2Fwp%2Fv2%2Fcategories&post=27389"},{"taxonomy":"post_tag","embeddable":true,"href":"https:\/\/radiorevelacionfm.cl\/index.php?rest_route=%2Fwp%2Fv2%2Ftags&post=27389"}],"curies":[{"name":"wp","href":"https:\/\/api.w.org\/{rel}","templated":true}]}}