{"id":27386,"date":"2023-02-02T17:24:02","date_gmt":"2023-02-02T20:24:02","guid":{"rendered":"https:\/\/radiorevelacionfm.cl\/?p=27386"},"modified":"2023-02-02T17:24:02","modified_gmt":"2023-02-02T20:24:02","slug":"nueva-ambulancia-para-cochrane-permitira-mejorar-traslados-en-el-sur-de-la-region","status":"publish","type":"post","link":"https:\/\/radiorevelacionfm.cl\/?p=27386","title":{"rendered":"Nueva ambulancia para Cochrane permitir\u00e1 mejorar traslados en el sur de la regi\u00f3n"},"content":{"rendered":"<div class=\"flex_column av_one_full  flex_column_div av-zero-column-padding first  avia-builder-el-0  el_before_av_one_full  avia-builder-el-first  \" style='border-radius:0px; '><div  class='avia-image-container  av-styling-    avia-builder-el-1  avia-builder-el-no-sibling  avia-align-center '  itemprop=\"image\" itemscope=\"itemscope\" itemtype=\"https:\/\/schema.org\/ImageObject\"  ><div class='avia-image-container-inner'><div class='avia-image-overlay-wrap'><img decoding=\"async\" class='wp-image-27387 avia-img-lazy-loading-not-27387 avia_image' src=\"https:\/\/radiorevelacionfm.cl\/wp-content\/uploads\/2023\/02\/ENTREGA-AMBULANCIA-COCHRANE-2-1-1.jpeg\" alt='' title='ENTREGA AMBULANCIA COCHRANE 2 (1) (1)' height=\"600\" width=\"800\"  itemprop=\"thumbnailUrl\" srcset=\"https:\/\/radiorevelacionfm.cl\/wp-content\/uploads\/2023\/02\/ENTREGA-AMBULANCIA-COCHRANE-2-1-1.jpeg 800w, https:\/\/radiorevelacionfm.cl\/wp-content\/uploads\/2023\/02\/ENTREGA-AMBULANCIA-COCHRANE-2-1-1-300x225.jpeg 300w, https:\/\/radiorevelacionfm.cl\/wp-content\/uploads\/2023\/02\/ENTREGA-AMBULANCIA-COCHRANE-2-1-1-768x576.jpeg 768w, https:\/\/radiorevelacionfm.cl\/wp-content\/uploads\/2023\/02\/ENTREGA-AMBULANCIA-COCHRANE-2-1-1-705x529.jpeg 705w, https:\/\/radiorevelacionfm.cl\/wp-content\/uploads\/2023\/02\/ENTREGA-AMBULANCIA-COCHRANE-2-1-1-600x450.jpeg 600w\" sizes=\"(max-width: 800px) 100vw, 800px\" \/><\/div><\/div><\/div><\/div><div class=\"flex_column av_one_full  flex_column_div av-zero-column-padding first  avia-builder-el-2  el_after_av_one_full  el_before_av_one_full  column-top-margin\" style='border-radius:0px; '><section class=\"av_textblock_section \"  itemscope=\"itemscope\" itemtype=\"https:\/\/schema.org\/BlogPosting\" itemprop=\"blogPost\" ><div class='avia_textblock  '   itemprop=\"text\" ><p style=\"font-weight: 400; text-align: center;\"><span style=\"font-size: 18pt;\"><strong>Nueva ambulancia para Cochrane permitir\u00e1 mejorar traslados en el sur de la regi\u00f3n<\/strong><\/span><\/p>\n<div id=\"gtx-trans\" style=\"position: absolute; left: -50px; top: 4.31534px;\">\n<div class=\"gtx-trans-icon\"><\/div>\n<\/div>\n<\/div><\/section><\/div><div class=\"flex_column av_one_full  flex_column_div av-zero-column-padding first  avia-builder-el-4  el_after_av_one_full  el_before_av_hr  column-top-margin\" style='border-radius:0px; '><section class=\"av_textblock_section \"  itemscope=\"itemscope\" itemtype=\"https:\/\/schema.org\/BlogPosting\" itemprop=\"blogPost\" ><div class='avia_textblock  '   itemprop=\"text\" ><p style=\"font-weight: 400; text-align: justify;\">Como parte del plan de reposici\u00f3n de ambulancias del Servicio de Salud Ays\u00e9n, el Hospital de Cochrane recibi\u00f3 este nuevo veh\u00edculo que significa una inversi\u00f3n de 107 millones de pesos, financiados con recursos del Ministerio de Salud.<\/p>\n<p style=\"font-weight: 400; text-align: justify;\">La ambulancia, Mercedes Benz, est\u00e1 equipada con camilla para el traslado de pacientes y cuenta con tracci\u00f3n 4\u00d74, que permitir\u00e1 llegar con facilidad hasta los rincones rurales de la provincia; transmisi\u00f3n autom\u00e1tica; equipo de telecomunicaciones y equipamiento cl\u00ednico-m\u00e9dico para su funcionamiento.<\/p>\n<p style=\"font-weight: 400; text-align: justify;\">Desde la comunidad, la reposici\u00f3n es muy bien vista, dado que viene a renovar el dispositivo de traslado de emergencia, as\u00ed lo expres\u00f3 Claudio Manzur, presidente del Consejo de Desarrollo en Salud de Cochrane. \u201cEstamos muy contentos, siempre la llegada de un nuevo equipo para atender la necesidad de salud de la comunidad hay que reconocerla. Efectivamente falta, pero hay que ir de a poco y creemos que en la medida que nos pongamos de acuerdo, reunirnos y establecer prioridades, podr\u00edamos ir solucionando no solo los temas de ambulancia, sino equipamiento y personal\u201d, expres\u00f3.<\/p>\n<p style=\"font-weight: 400; text-align: justify;\">Este veh\u00edculo viene a mejorar la seguridad de los traslados de pacientes en la provincia de Capit\u00e1n Prat, lo que fue destacado por el director (S) del Servicio de Salud Ays\u00e9n, Claudio Arriagada. \u201cMuy contentos como red del Servicio de Salud de Ays\u00e9n, de poder entregar esta nueva ambulancia al hospital de Cochrane, que viene a fortalecer los traslados de nuestros pacientes en una zona extrema, que muchas veces no tiene muy buenas v\u00edas para transitar y que tambi\u00e9n va en l\u00ednea con lo que se\u00f1al\u00f3 nuestro Presidente Gabriel Boric en su visita a la regi\u00f3n, de poder optimizar el equipamiento y las prestaciones en zonas extremas, donde necesitamos mejorar la equidad en salud\u201d, destac\u00f3.<\/p>\n<p style=\"font-weight: 400; text-align: justify;\">Marta Montiel, delegada presidencial provincial de Capit\u00e1n Prat, recalc\u00f3 la orientaci\u00f3n que tiene este tipo de financiamiento para \u201ccomplementar las prestaciones m\u00e9dicas del Hospital de Cochrane es muy relevante, como lo es el anuncio del Presidente Gabriel Boric en la regi\u00f3n de Ays\u00e9n que vamos a contar tambi\u00e9n con un n\u00famero importante de especialistas que habitualmente no lo tenemos en la regi\u00f3n y que realizar\u00e1n rondas en localidades como Cochrane, para cubrir Villa O\u2019Higgins y Tortel, que es una necesidad sentida de la ciudadan\u00eda, organizaciones de salud y destacar el compromiso asumido por el Servicio de Salud\u201d.<\/p>\n<p style=\"font-weight: 400; text-align: justify;\">Desde el Hospital de Cochrane, Miriam Navarrete, directora del establecimiento, se mostr\u00f3 contenta y expectante ante la reposici\u00f3n de este nuevo veh\u00edculo. \u201cNos genera mucha satisfacci\u00f3n el contar con un veh\u00edculo de estas caracter\u00edsticas y calidad, que pueda dar una respuesta oportuna, r\u00e1pida y con seguridad, tanto para los usuarios, ciudadanos, como para los funcionarios. Es un enorme cambio respecto al m\u00f3vil que ten\u00edamos, de las condiciones en la que estaba, pese a sus mantenciones recurrentes y habituales, pero ten\u00eda sus a\u00f1os de uso en este territorio que se deterioran r\u00e1pidamente, entonces tener este veh\u00edculo nuevo, 4 x 4, con todo el equipamiento, es una ganancia enorme para nosotros como establecimiento de salud y adem\u00e1s tenemos un \u00e1rea de influencia en toda la provincia y parte de General Carrera, con Guadal y Bertrand\u201d.<\/p>\n<p style=\"font-weight: 400; text-align: justify;\">Jorge Calder\u00f3n, alcalde de Cochrane, relev\u00f3 lo que significa para la comunidad que es usuaria del establecimiento asistencial \u201cuna ambulancia nueva nos da seguridad para la comuna y el \u00e1rea de influencia de este hospital, ante situaciones de emergencia vamos a contar con un veh\u00edculo que va a poder llegar a su destino y generar atenci\u00f3n a trav\u00e9s de los funcionarios de la red asistencial. Valoramos positivamente esto, es un avance en atenci\u00f3n de salud\u201d, puntualiz\u00f3.<\/p>\n<p style=\"font-weight: 400; text-align: justify;\">Por su parte, Carlos Quilaqueo, conductor de emergencia del SAMU y que es parte del equipo que trasladar\u00e1 a los usuarios, indic\u00f3 la importancia que tiene este nuevo veh\u00edculo. \u201cContar con un nuevo m\u00f3vil y tecnolog\u00edas para nosotros es fundamental, m\u00e1s cuando transitamos en caminos de puro ripio, como conductores, nuestros TENS y usuarios que trasladamos, muy bien\u201d.<\/p>\n<p style=\"font-weight: 400; text-align: justify;\">Esta reposici\u00f3n de ambulancia, se enmarca dentro de una serie de nuevos dispositivos de traslado y que se ejecutar\u00e1n en el marco de convenios de programaci\u00f3n entre el Ministerio de Salud en conjunto con el Gobierno Regional de Ays\u00e9n durante este 2023, a los ya sumados con financiamiento con recursos sectoriales y que vienen a reforzar las ambulancias de distintos dispositivos de la Red Asistencial de Ays\u00e9n.<\/p>\n<\/div><\/section><\/div><div  style='height:50px' class='hr hr-invisible   avia-builder-el-6  el_after_av_one_full  el_before_av_social_share '><span class='hr-inner ' ><span class='hr-inner-style'><\/span><\/span><\/div><\/p>\n<div  class='av-social-sharing-box  avia-builder-el-7  el_after_av_hr  el_before_av_hr  '><div class='av-share-box'><h5 class='av-share-link-description av-no-toc '>Compartir esta noticia<\/h5><ul class='av-share-box-list noLightbox'><li class='av-share-link av-social-link-facebook' ><a target=\"_blank\" aria-label=\"Compartir en Facebook\" href='https:\/\/www.facebook.com\/sharer.php?u=https:\/\/radiorevelacionfm.cl\/?p=27386&#038;t=Nueva%20ambulancia%20para%20Cochrane%20permitir%C3%A1%20mejorar%20traslados%20en%20el%20sur%20de%20la%20regi%C3%B3n' aria-hidden='false' data-av_icon='\ue8f3' data-av_iconfont='entypo-fontello' title='' data-avia-related-tooltip='Compartir en Facebook' rel=\"noopener\"><span class='avia_hidden_link_text'>Compartir en Facebook<\/span><\/a><\/li><li class='av-share-link av-social-link-twitter' ><a target=\"_blank\" aria-label=\"Compartir en Twitter\" href='https:\/\/twitter.com\/share?text=Nueva%20ambulancia%20para%20Cochrane%20permitir%C3%A1%20mejorar%20traslados%20en%20el%20sur%20de%20la%20regi%C3%B3n&#038;url=https:\/\/radiorevelacionfm.cl\/?p=27386' aria-hidden='false' data-av_icon='\ue8f1' data-av_iconfont='entypo-fontello' title='' data-avia-related-tooltip='Compartir en Twitter' rel=\"noopener\"><span class='avia_hidden_link_text'>Compartir en Twitter<\/span><\/a><\/li><li class='av-share-link av-social-link-whatsapp' ><a target=\"_blank\" aria-label=\"Compartir en Whatsapp\" href='https:\/\/api.whatsapp.com\/send?text=https:\/\/radiorevelacionfm.cl\/?p=27386' aria-hidden='false' data-av_icon='\uf232' data-av_iconfont='entypo-fontello' title='' data-avia-related-tooltip='Compartir en Whatsapp' rel=\"noopener\"><span class='avia_hidden_link_text'>Compartir en Whatsapp<\/span><\/a><\/li><li class='av-share-link av-social-link-linkedin' ><a target=\"_blank\" aria-label=\"Compartir en LinkedIn\" href='https:\/\/linkedin.com\/shareArticle?mini=true&#038;title=Nueva%20ambulancia%20para%20Cochrane%20permitir%C3%A1%20mejorar%20traslados%20en%20el%20sur%20de%20la%20regi%C3%B3n&#038;url=https:\/\/radiorevelacionfm.cl\/?p=27386' aria-hidden='false' data-av_icon='\ue8fc' data-av_iconfont='entypo-fontello' title='' data-avia-related-tooltip='Compartir en LinkedIn' rel=\"noopener\"><span class='avia_hidden_link_text'>Compartir en LinkedIn<\/span><\/a><\/li><li class='av-share-link av-social-link-mail' ><a  aria-label=\"Compartir por correo\" href='mailto:?subject=Nueva%20ambulancia%20para%20Cochrane%20permitir%C3%A1%20mejorar%20traslados%20en%20el%20sur%20de%20la%20regi%C3%B3n&#038;body=https:\/\/radiorevelacionfm.cl\/?p=27386' aria-hidden='false' data-av_icon='\ue805' data-av_iconfont='entypo-fontello' title='' data-avia-related-tooltip='Compartir por correo'><span class='avia_hidden_link_text'>Compartir por correo<\/span><\/a><\/li><\/ul><\/div><\/div>\n<div  style='height:50px' class='hr hr-invisible   avia-builder-el-8  el_after_av_social_share  el_before_av_comments_list '><span class='hr-inner ' ><span class='hr-inner-style'><\/span><\/span><\/div>\n<div  class='av-buildercomment  av-blog-meta-html-info-disabled av-blog-meta-tag-disabled  '><\/div>\n","protected":false},"excerpt":{"rendered":"","protected":false},"author":1,"featured_media":27387,"comment_status":"open","ping_status":"open","sticky":false,"template":"","format":"standard","meta":{"footnotes":""},"categories":[46],"tags":[],"class_list":["post-27386","post","type-post","status-publish","format-standard","has-post-thumbnail","hentry","category-salud"],"jetpack_featured_media_url":"https:\/\/radiorevelacionfm.cl\/wp-content\/uploads\/2023\/02\/ENTREGA-AMBULANCIA-COCHRANE-2-1-1.jpeg","_links":{"self":[{"href":"https:\/\/radiorevelacionfm.cl\/index.php?rest_route=\/wp\/v2\/posts\/27386","targetHints":{"allow":["GET"]}}],"collection":[{"href":"https:\/\/radiorevelacionfm.cl\/index.php?rest_route=\/wp\/v2\/posts"}],"about":[{"href":"https:\/\/radiorevelacionfm.cl\/index.php?rest_route=\/wp\/v2\/types\/post"}],"author":[{"embeddable":true,"href":"https:\/\/radiorevelacionfm.cl\/index.php?rest_route=\/wp\/v2\/users\/1"}],"replies":[{"embeddable":true,"href":"https:\/\/radiorevelacionfm.cl\/index.php?rest_route=%2Fwp%2Fv2%2Fcomments&post=27386"}],"version-history":[{"count":2,"href":"https:\/\/radiorevelacionfm.cl\/index.php?rest_route=\/wp\/v2\/posts\/27386\/revisions"}],"predecessor-version":[{"id":27392,"href":"https:\/\/radiorevelacionfm.cl\/index.php?rest_route=\/wp\/v2\/posts\/27386\/revisions\/27392"}],"wp:featuredmedia":[{"embeddable":true,"href":"https:\/\/radiorevelacionfm.cl\/index.php?rest_route=\/wp\/v2\/media\/27387"}],"wp:attachment":[{"href":"https:\/\/radiorevelacionfm.cl\/index.php?rest_route=%2Fwp%2Fv2%2Fmedia&parent=27386"}],"wp:term":[{"taxonomy":"category","embeddable":true,"href":"https:\/\/radiorevelacionfm.cl\/index.php?rest_route=%2Fwp%2Fv2%2Fcategories&post=27386"},{"taxonomy":"post_tag","embeddable":true,"href":"https:\/\/radiorevelacionfm.cl\/index.php?rest_route=%2Fwp%2Fv2%2Ftags&post=27386"}],"curies":[{"name":"wp","href":"https:\/\/api.w.org\/{rel}","templated":true}]}}