{"id":2737,"date":"2021-02-18T11:17:39","date_gmt":"2021-02-18T14:17:39","guid":{"rendered":"https:\/\/radiorevelacionfm.cl\/?p=2737"},"modified":"2021-02-18T11:17:39","modified_gmt":"2021-02-18T14:17:39","slug":"vecinos-y-autoridades-buscan-proyectar-una-casa-de-acogida-para-pacientes-transitorios-en-puerto-aysen","status":"publish","type":"post","link":"https:\/\/radiorevelacionfm.cl\/?p=2737","title":{"rendered":"Vecinos y autoridades buscan proyectar una casa de acogida para pacientes transitorios en Puerto Ays\u00e9n"},"content":{"rendered":"<div class=\"flex_column av_one_full  flex_column_div av-zero-column-padding first  avia-builder-el-0  el_before_av_one_full  avia-builder-el-first  \" style='border-radius:0px; '><div  class='avia-image-container  av-styling-    avia-builder-el-1  avia-builder-el-no-sibling  avia-align-center '  itemprop=\"image\" itemscope=\"itemscope\" itemtype=\"https:\/\/schema.org\/ImageObject\"  ><div class='avia-image-container-inner'><div class='avia-image-overlay-wrap'><img decoding=\"async\" class='wp-image-0 avia-img-lazy-loading-not-0 avia_image' src=\"https:\/\/radiorevelacionfm.cl\/wp-content\/uploads\/2021\/02\/ConsejoSalp-Muni-1-1.jpg\" alt='' title=''   itemprop=\"thumbnailUrl\"  \/><\/div><\/div><\/div><\/div><div class=\"flex_column av_one_full  flex_column_div av-zero-column-padding first  avia-builder-el-2  el_after_av_one_full  el_before_av_one_full  column-top-margin\" style='border-radius:0px; '><section class=\"av_textblock_section \"  itemscope=\"itemscope\" itemtype=\"https:\/\/schema.org\/BlogPosting\" itemprop=\"blogPost\" ><div class='avia_textblock  '   itemprop=\"text\" ><p style=\"text-align: center;\"><strong><span style=\"font-size: 18pt;\">Vecinos y autoridades buscan proyectar una casa de acogida para pacientes transitorios en Puerto Ays\u00e9n<\/span><\/strong><\/p>\n<div id=\"gtx-trans\" style=\"position: absolute; left: -50px; top: 4.31534px;\">\n<div class=\"gtx-trans-icon\"><\/div>\n<\/div>\n<\/div><\/section><\/div><div class=\"flex_column av_one_full  flex_column_div av-zero-column-padding first  avia-builder-el-4  el_after_av_one_full  el_before_av_hr  column-top-margin\" style='border-radius:0px; '><section class=\"av_textblock_section \"  itemscope=\"itemscope\" itemtype=\"https:\/\/schema.org\/BlogPosting\" itemprop=\"blogPost\" ><div class='avia_textblock  '   itemprop=\"text\" ><p style=\"text-align: justify;\"><em>Desde el municipio se han impuesto como meta lo que resta del a\u00f1o para formular el proyecto correspondiente.<\/em><\/p>\n<p style=\"text-align: justify;\">Con el objetivo de impulsar una respuesta que permita garantizar la atenci\u00f3n de los vecinos y vecinas que deben desplazarse hasta Puerto Ays\u00e9n para obtener una prestaci\u00f3n de salud, el Consejo Consultivo de Salud solicit\u00f3 al alcalde de Ays\u00e9n, Luis Mart\u00ednez Gallardo, congregar en una instancia a todos los actores incumbentes que pudieran aportar en la materializaci\u00f3n de una casa de acogida para pacientes en la capital comunal. Acci\u00f3n que el edil concret\u00f3 y valor\u00f3 positivamente destacando la unidad de los Consejeros Regionales de la Provincia en pos de concretar proyectos para la comuna.<\/p>\n<p style=\"text-align: justify;\">La instancia efectuada en dependencias del Edificio Consistorial de Ays\u00e9n, cont\u00f3 con la participaci\u00f3n activa del director del Hospital de Puerto Ays\u00e9n, Gabriel Rab\u00ed, los Consejeros Regionales por la Provincia, Sergio Gonz\u00e1lez y Marcia Nahuelqu\u00edn, junto al alcalde y los vecinos del Consejo Consultivo. Desde el municipio, r\u00e1pidamente se iniciaron las averiguaciones pertinentes para obtener un terreno que permita emplazar esta infraestructura de colaboraci\u00f3n a la salud de las familias ayseninas.<\/p>\n<p style=\"text-align: justify;\">Al respecto, el alcalde Mart\u00ednez junto con comentar la actividad detall\u00f3 que \u201cel Consejo Consultivo de la Salud\u00a0 nos ha planteado la idea de tener un lugar donde puedan llegar las personas que vienen de las Islas a tratamiento de poco tiempo, y que muchas veces no tienen d\u00f3nde quedarse cuando asisten a un control m\u00e9dico, as\u00ed es que, le hemos ofrecido iniciar un proyecto en un terreno que conseguiremos a Bienes Naciones y poder levantar un proyecto para 15 personas o habitaciones que pueda ser administrado por el Consejo de Salud o alguna organizaci\u00f3n o fundaci\u00f3n\u201d.<\/p>\n<p style=\"text-align: justify;\">A rengl\u00f3n seguido, la autoridad destac\u00f3 el impacto que tiene una acci\u00f3n de este nivel, debido a las actuales condiciones que deben enfrentar las personas de los sectores apartados para continuar sus tratamientos. Complementando que \u201cesto muy contento porque son ideas que nacen de la comunidad, las tomamos quienes estamos trabajando en lo t\u00e9cnico y hoy d\u00eda lo queremos llevar a un proyecto en que los consejeros tambi\u00e9n han comprometido poder financiarlo en el momento que este. Nos hemos tomado el plazo de lo que resta del a\u00f1o para hacer este proyecto, llevarlo adelante en el dise\u00f1o y posteriormente llevarlo a financiamiento. As\u00ed es que muy contento porque la unidad creo que nos est\u00e1 dando cada d\u00eda m\u00e1s resultados y eso nos permite sacar grandes proyectos\u201d.<\/p>\n<p style=\"text-align: justify;\">Por su parte, Ximena Ru\u00edz, presidenta del Consejo Consultivo de Salud de Ays\u00e9n expres\u00f3 que esta instancia hab\u00eda sido solicitada recientemente al alcalde Mart\u00ednez para abordar la idea de construir una casa de acogida para pacientes transitorios. \u201cEsto va a ser para personas que vengan de las Islas Huichas y algunas otras personas que puedan necesitar hacerse un tratamiento de corta estad\u00eda en Puerto Ays\u00e9n, pensando en la mediana complejidad que va a tener nuestro hospital y pensando en la comodidad que debieran tener nuestros pacientes, ya sea de di\u00e1lisis o de diferentes patolog\u00edas y tambi\u00e9n pensado en las mam\u00e1s que puedan venir de las Islas a tener a sus bebes ac\u00e1\u201d.<\/p>\n<p style=\"text-align: justify;\">Finalmente, la dirigenta social indic\u00f3 que ahora uno de los pasos m\u00e1s importantes para la materializaci\u00f3n de este anhelo ser\u00eda conformar una fundaci\u00f3n u organizaci\u00f3n destinada a velar por la continuidad de este proyecto en el tiempo. \u201cSi bien se est\u00e1n buscando suelos o sitios para que se pueda construir esto tiene un camino largo porque hay que abordarlo de manera que una organizaci\u00f3n o fundaci\u00f3n se pueda hacer cargo de esta casa de acogida, de que pueda tener un funcionamiento como corresponde y de que no vaya a ser un proyecto que se quede en el camino. As\u00ed es que, vamos a trabajar en sacar la fundaci\u00f3n adelante y esos son los pasos que vamos a seguir ahora como Consejo Consultivo\u201d, sentenci\u00f3 Ru\u00edz.<\/p>\n<\/div><\/section><\/div><div  style='height:50px' class='hr hr-invisible   avia-builder-el-6  el_after_av_one_full  el_before_av_social_share '><span class='hr-inner ' ><span class='hr-inner-style'><\/span><\/span><\/div><\/p>\n<div  class='av-social-sharing-box  avia-builder-el-7  el_after_av_hr  el_before_av_hr  '><div class='av-share-box'><h5 class='av-share-link-description av-no-toc '>Compartir esta noticia<\/h5><ul class='av-share-box-list noLightbox'><li class='av-share-link av-social-link-facebook' ><a target=\"_blank\" aria-label=\"Compartir en Facebook\" href='https:\/\/www.facebook.com\/sharer.php?u=https:\/\/radiorevelacionfm.cl\/?p=2737&#038;t=Vecinos%20y%20autoridades%20buscan%20proyectar%20una%20casa%20de%20acogida%20para%20pacientes%20transitorios%20en%20Puerto%20Ays%C3%A9n' aria-hidden='false' data-av_icon='\ue8f3' data-av_iconfont='entypo-fontello' title='' data-avia-related-tooltip='Compartir en Facebook' rel=\"noopener\"><span class='avia_hidden_link_text'>Compartir en Facebook<\/span><\/a><\/li><li class='av-share-link av-social-link-twitter' ><a target=\"_blank\" aria-label=\"Compartir en Twitter\" href='https:\/\/twitter.com\/share?text=Vecinos%20y%20autoridades%20buscan%20proyectar%20una%20casa%20de%20acogida%20para%20pacientes%20transitorios%20en%20Puerto%20Ays%C3%A9n&#038;url=https:\/\/radiorevelacionfm.cl\/?p=2737' aria-hidden='false' data-av_icon='\ue8f1' data-av_iconfont='entypo-fontello' title='' data-avia-related-tooltip='Compartir en Twitter' rel=\"noopener\"><span class='avia_hidden_link_text'>Compartir en Twitter<\/span><\/a><\/li><li class='av-share-link av-social-link-whatsapp' ><a target=\"_blank\" aria-label=\"Compartir en Whatsapp\" href='https:\/\/api.whatsapp.com\/send?text=https:\/\/radiorevelacionfm.cl\/?p=2737' aria-hidden='false' data-av_icon='\uf232' data-av_iconfont='entypo-fontello' title='' data-avia-related-tooltip='Compartir en Whatsapp' rel=\"noopener\"><span class='avia_hidden_link_text'>Compartir en Whatsapp<\/span><\/a><\/li><li class='av-share-link av-social-link-linkedin' ><a target=\"_blank\" aria-label=\"Compartir en LinkedIn\" href='https:\/\/linkedin.com\/shareArticle?mini=true&#038;title=Vecinos%20y%20autoridades%20buscan%20proyectar%20una%20casa%20de%20acogida%20para%20pacientes%20transitorios%20en%20Puerto%20Ays%C3%A9n&#038;url=https:\/\/radiorevelacionfm.cl\/?p=2737' aria-hidden='false' data-av_icon='\ue8fc' data-av_iconfont='entypo-fontello' title='' data-avia-related-tooltip='Compartir en LinkedIn' rel=\"noopener\"><span class='avia_hidden_link_text'>Compartir en LinkedIn<\/span><\/a><\/li><li class='av-share-link av-social-link-mail' ><a  aria-label=\"Compartir por correo\" href='mailto:?subject=Vecinos%20y%20autoridades%20buscan%20proyectar%20una%20casa%20de%20acogida%20para%20pacientes%20transitorios%20en%20Puerto%20Ays%C3%A9n&#038;body=https:\/\/radiorevelacionfm.cl\/?p=2737' aria-hidden='false' data-av_icon='\ue805' data-av_iconfont='entypo-fontello' title='' data-avia-related-tooltip='Compartir por correo'><span class='avia_hidden_link_text'>Compartir por correo<\/span><\/a><\/li><\/ul><\/div><\/div>\n<div  style='height:50px' class='hr hr-invisible   avia-builder-el-8  el_after_av_social_share  el_before_av_comments_list '><span class='hr-inner ' ><span class='hr-inner-style'><\/span><\/span><\/div>\n<div  class='av-buildercomment  av-blog-meta-html-info-disabled av-blog-meta-tag-disabled  '><\/div>\n","protected":false},"excerpt":{"rendered":"","protected":false},"author":1,"featured_media":0,"comment_status":"open","ping_status":"open","sticky":false,"template":"","format":"standard","meta":{"footnotes":""},"categories":[38],"tags":[],"class_list":["post-2737","post","type-post","status-publish","format-standard","hentry","category-regional"],"jetpack_featured_media_url":"","_links":{"self":[{"href":"https:\/\/radiorevelacionfm.cl\/index.php?rest_route=\/wp\/v2\/posts\/2737","targetHints":{"allow":["GET"]}}],"collection":[{"href":"https:\/\/radiorevelacionfm.cl\/index.php?rest_route=\/wp\/v2\/posts"}],"about":[{"href":"https:\/\/radiorevelacionfm.cl\/index.php?rest_route=\/wp\/v2\/types\/post"}],"author":[{"embeddable":true,"href":"https:\/\/radiorevelacionfm.cl\/index.php?rest_route=\/wp\/v2\/users\/1"}],"replies":[{"embeddable":true,"href":"https:\/\/radiorevelacionfm.cl\/index.php?rest_route=%2Fwp%2Fv2%2Fcomments&post=2737"}],"version-history":[{"count":1,"href":"https:\/\/radiorevelacionfm.cl\/index.php?rest_route=\/wp\/v2\/posts\/2737\/revisions"}],"predecessor-version":[{"id":2739,"href":"https:\/\/radiorevelacionfm.cl\/index.php?rest_route=\/wp\/v2\/posts\/2737\/revisions\/2739"}],"wp:attachment":[{"href":"https:\/\/radiorevelacionfm.cl\/index.php?rest_route=%2Fwp%2Fv2%2Fmedia&parent=2737"}],"wp:term":[{"taxonomy":"category","embeddable":true,"href":"https:\/\/radiorevelacionfm.cl\/index.php?rest_route=%2Fwp%2Fv2%2Fcategories&post=2737"},{"taxonomy":"post_tag","embeddable":true,"href":"https:\/\/radiorevelacionfm.cl\/index.php?rest_route=%2Fwp%2Fv2%2Ftags&post=2737"}],"curies":[{"name":"wp","href":"https:\/\/api.w.org\/{rel}","templated":true}]}}