{"id":27353,"date":"2023-02-02T15:35:31","date_gmt":"2023-02-02T18:35:31","guid":{"rendered":"https:\/\/radiorevelacionfm.cl\/?p=27353"},"modified":"2023-02-02T15:35:31","modified_gmt":"2023-02-02T18:35:31","slug":"en-solemne-ceremonia-coronel-fuad-chaban-vilches-asumio-como-prefecto-de-carabineros-aysen","status":"publish","type":"post","link":"https:\/\/radiorevelacionfm.cl\/?p=27353","title":{"rendered":"En solemne ceremonia Coronel Fuad Chaban Vilches asumi\u00f3 como Prefecto de Carabineros Ays\u00e9n"},"content":{"rendered":"<div class=\"flex_column av_one_full  flex_column_div av-zero-column-padding first  avia-builder-el-0  el_before_av_one_full  avia-builder-el-first  \" style='border-radius:0px; '><div  class='avia-image-container  av-styling-    avia-builder-el-1  avia-builder-el-no-sibling  avia-align-center '  itemprop=\"image\" itemscope=\"itemscope\" itemtype=\"https:\/\/schema.org\/ImageObject\"  ><div class='avia-image-container-inner'><div class='avia-image-overlay-wrap'><img decoding=\"async\" class='wp-image-27354 avia-img-lazy-loading-not-27354 avia_image' src=\"https:\/\/radiorevelacionfm.cl\/wp-content\/uploads\/2023\/02\/7bda8094-d21b-4b60-ab8b-19dddafc5cf5-1_optimized.jpg\" alt='' title='7bda8094-d21b-4b60-ab8b-19dddafc5cf5-(1)_optimized' height=\"600\" width=\"1067\"  itemprop=\"thumbnailUrl\" srcset=\"https:\/\/radiorevelacionfm.cl\/wp-content\/uploads\/2023\/02\/7bda8094-d21b-4b60-ab8b-19dddafc5cf5-1_optimized.jpg 1067w, https:\/\/radiorevelacionfm.cl\/wp-content\/uploads\/2023\/02\/7bda8094-d21b-4b60-ab8b-19dddafc5cf5-1_optimized-300x169.jpg 300w, https:\/\/radiorevelacionfm.cl\/wp-content\/uploads\/2023\/02\/7bda8094-d21b-4b60-ab8b-19dddafc5cf5-1_optimized-1030x579.jpg 1030w, https:\/\/radiorevelacionfm.cl\/wp-content\/uploads\/2023\/02\/7bda8094-d21b-4b60-ab8b-19dddafc5cf5-1_optimized-768x432.jpg 768w, https:\/\/radiorevelacionfm.cl\/wp-content\/uploads\/2023\/02\/7bda8094-d21b-4b60-ab8b-19dddafc5cf5-1_optimized-705x396.jpg 705w, https:\/\/radiorevelacionfm.cl\/wp-content\/uploads\/2023\/02\/7bda8094-d21b-4b60-ab8b-19dddafc5cf5-1_optimized-600x337.jpg 600w\" sizes=\"(max-width: 1067px) 100vw, 1067px\" \/><\/div><\/div><\/div><\/div><div class=\"flex_column av_one_full  flex_column_div av-zero-column-padding first  avia-builder-el-2  el_after_av_one_full  el_before_av_one_full  column-top-margin\" style='border-radius:0px; '><section class=\"av_textblock_section \"  itemscope=\"itemscope\" itemtype=\"https:\/\/schema.org\/BlogPosting\" itemprop=\"blogPost\" ><div class='avia_textblock  '   itemprop=\"text\" ><p style=\"text-align: center;\"><span style=\"font-size: 18pt;\"><b>En solemne ceremonia Coronel Fuad Chaban Vilches asumi\u00f3 como Prefecto de Carabineros Ays\u00e9n<\/b><\/span><\/p>\n<div id=\"gtx-trans\" style=\"position: absolute; left: -50px; top: 4.31534px;\">\n<div class=\"gtx-trans-icon\"><\/div>\n<\/div>\n<\/div><\/section><\/div><div class=\"flex_column av_one_full  flex_column_div av-zero-column-padding first  avia-builder-el-4  el_after_av_one_full  el_before_av_hr  column-top-margin\" style='border-radius:0px; '><section class=\"av_textblock_section \"  itemscope=\"itemscope\" itemtype=\"https:\/\/schema.org\/BlogPosting\" itemprop=\"blogPost\" ><div class='avia_textblock  '   itemprop=\"text\" ><p style=\"text-align: justify;\">Procedente de la Prefectura de Calama y con 29 a\u00f1os de servicio en el \u00e1rea operativa y unidades especializadas, el Coronel Fuad Abraham Chaban Vilches, asumi\u00f3 como Prefecto de Carabineros Ays\u00e9n, acto administrativo que presidi\u00f3 el Jefe de Zona de Carabineros Ays\u00e9n, General Patricio Javier Santos Poblete -quien actu\u00f3 en calidad de Oficial Interventor- ceremonia desarrollada en dependencias del hangar institucional ante la presencia de una delegaci\u00f3n representativa de carabineros y seguida v\u00eda remota por todos los destacamentos en la regi\u00f3n.<\/p>\n<p style=\"text-align: justify;\">La ceremonia comenz\u00f3 con un minuto de silencio en memoria de nuestros m\u00e1rtires, quienes han rendido a la vida en defensa del orden y de la patria a lo largo de estos 95 a\u00f1os de historia institucional.<\/p>\n<p style=\"text-align: justify;\">El General Santos indic\u00f3 que el Prefecto Chaban ser\u00e1 quien dirija a partir de ahora los destinos operativos de la repartici\u00f3n.<\/p>\n<p style=\"text-align: justify;\">\u00abSu funci\u00f3n prioritaria es administrar el recurso humano para generar servicios policiales en las cuatro provincias de la regi\u00f3n. Comandar, orientar a los comisarios, apoyar en la gesti\u00f3n, distribuir recursos, tomar decisiones operativas y eso se complementa a trav\u00e9s de la Zona en materias de lineamiento estrat\u00e9gico\u00bb.<\/p>\n<p style=\"text-align: justify;\">Lo anterior -expres\u00f3 el Jefe de Zona- se desarrolla sobre la base del Plan Estrat\u00e9gico de Desarrollo Policial 2021 \u2013 2028 \u00abCarabinero del Centenario\u00bb, el cual persigue cuatro objetivos, entre los que destacan: desarrollo del capital humano, eficiencia en el uso de recursos, gesti\u00f3n policial eficaz y legitimidad institucional, esta \u00faltima es la consecuencia de la valoraci\u00f3n de la sociedad en torno a lo que la instituci\u00f3n desarrolla.<\/p>\n<p style=\"text-align: justify;\">\u00abInformes del Programa de Naciones Unidas para el Desarrollo 2013 \u2013 2014 (PNUD) se\u00f1alan que &#8216;sin seguridad ciudadana, que protege un n\u00facleo b\u00e1sico de derechos, las personas no pueden desarrollar plenamente sus capacidades ni contribuir con todo su potencial a mejorar a sus familias, sus comunidades y las instituciones&#8217;. Debemos patrullar preventivamente, despertar el instinto policial para poder detectar aquellos elementos situacionales y tambi\u00e9n sociales que generan la desviaci\u00f3n social, actuar de acuerdo a lo que nos compete conforme al marco de legitimidad y tambi\u00e9n accionar para que los \u00f3rganos corresponsables hagan lo propio\u00bb, profundiz\u00f3 el General Patricio Santos.<\/p>\n<p style=\"text-align: justify;\"><strong>Trayectoria<\/strong><\/p>\n<p style=\"text-align: justify;\">Especialista en monta\u00f1a y frontera, entre el a\u00f1o 2003 fue destinado a la Tenencia Hern\u00e1n Merino Correa (F) en la regi\u00f3n de Ays\u00e9n, donde cumpli\u00f3 funciones hasta el a\u00f1o 2006, para continuar en esta \u00e1rea prestando servicios en la Subcomisar\u00eda Los Libertadores y m\u00e1s tarde en la Escuela de Suboficiales de la Instituci\u00f3n.<\/p>\n<p style=\"text-align: justify;\">Ingres\u00f3 a la Academia de Ciencias Policiales, para acto seguido ser destinado como Comisario a la 4ta. Comisar\u00eda Chacalluta (F), liderando a los carabineros del norte del pa\u00eds desde el cargo de Subprefecto Rural Fronterizo en la Prefectura Arica.<\/p>\n<p style=\"text-align: justify;\">Como parte de su trayectoria institucional, fue destinado a Antofagasta, regi\u00f3n en que particip\u00f3 en la creaci\u00f3n de la Escuela de Suboficiales Grupo Antofagasta, desde donde fue trasladado a la Escuela de Suboficiales Concepci\u00f3n, ejerciendo como Jefe de Grupo.<\/p>\n<p style=\"text-align: justify;\">Asimismo, el Oficial asumi\u00f3 como Subprefecto de los Servicios a la Prefectura Bio Bio en Los \u00c1ngeles, desde donde fue trasladado a la Prefectura de Calama como Subprefecto Rural Fronterizo, desde donde -tras ascender al grado de Coronel- fue recientemente destinado a la Regi\u00f3n de Ays\u00e9n para ejercer como Prefecto, en la Prefectura de Carabineros Ays\u00e9n.<\/p>\n<p style=\"text-align: justify;\">\u00abEs muy grato volver a mis inicios como fronterizo, conozco muy bien la regi\u00f3n y a sus habitantes. Han pasado muchos a\u00f1os desde entonces, pero esta zona es bendecida por su gente, por sus paisajes y por todo lo que conlleva el ser una regi\u00f3n aislada, adem\u00e1s de ser una regi\u00f3n que lleva el nombre de nuestro fundador, el General Carlos Ib\u00e1\u00f1ez del Campo\u00bb, record\u00f3 con nostalgia.<\/p>\n<p style=\"text-align: justify;\">El Coronel Fuad Chaban es uno de los primeros Oficiales que en 2011 particip\u00f3 en Brasil en la realizaci\u00f3n de un curso en materia de DD.HH. aplicados a la funci\u00f3n policial, los cuales m\u00e1s tarde fueron replicados en nuestro pa\u00eds.<\/p>\n<p style=\"text-align: justify;\">Asimismo el Oficial Superior se desempe\u00f1\u00f3 como instructor en la Escuela de Suboficiales y comandante de los grupos de Concepci\u00f3n, Antofagasta y Santiago.<\/p>\n<p style=\"text-align: justify;\">Pr\u00f3ximamente el Coronel Chaban -luego de conocer la labor operativa de la Prefectura- visitar\u00e1 los destacamentos de la regi\u00f3n, junto con conocer la labor y funciones que realizan los carabineros en cada Unidad y destacamentos existentes a lo largo del territorio.<\/p>\n<\/div><\/section><\/div><div  style='height:50px' class='hr hr-invisible   avia-builder-el-6  el_after_av_one_full  el_before_av_social_share '><span class='hr-inner ' ><span class='hr-inner-style'><\/span><\/span><\/div><\/p>\n<div  class='av-social-sharing-box  avia-builder-el-7  el_after_av_hr  el_before_av_hr  '><div class='av-share-box'><h5 class='av-share-link-description av-no-toc '>Compartir esta noticia<\/h5><ul class='av-share-box-list noLightbox'><li class='av-share-link av-social-link-facebook' ><a target=\"_blank\" aria-label=\"Compartir en Facebook\" href='https:\/\/www.facebook.com\/sharer.php?u=https:\/\/radiorevelacionfm.cl\/?p=27353&#038;t=En%20solemne%20ceremonia%20Coronel%20Fuad%20Chaban%20Vilches%20asumi%C3%B3%20como%20Prefecto%20de%20Carabineros%20Ays%C3%A9n' aria-hidden='false' data-av_icon='\ue8f3' data-av_iconfont='entypo-fontello' title='' data-avia-related-tooltip='Compartir en Facebook' rel=\"noopener\"><span class='avia_hidden_link_text'>Compartir en Facebook<\/span><\/a><\/li><li class='av-share-link av-social-link-twitter' ><a target=\"_blank\" aria-label=\"Compartir en Twitter\" href='https:\/\/twitter.com\/share?text=En%20solemne%20ceremonia%20Coronel%20Fuad%20Chaban%20Vilches%20asumi%C3%B3%20como%20Prefecto%20de%20Carabineros%20Ays%C3%A9n&#038;url=https:\/\/radiorevelacionfm.cl\/?p=27353' aria-hidden='false' data-av_icon='\ue8f1' data-av_iconfont='entypo-fontello' title='' data-avia-related-tooltip='Compartir en Twitter' rel=\"noopener\"><span class='avia_hidden_link_text'>Compartir en Twitter<\/span><\/a><\/li><li class='av-share-link av-social-link-whatsapp' ><a target=\"_blank\" aria-label=\"Compartir en Whatsapp\" href='https:\/\/api.whatsapp.com\/send?text=https:\/\/radiorevelacionfm.cl\/?p=27353' aria-hidden='false' data-av_icon='\uf232' data-av_iconfont='entypo-fontello' title='' data-avia-related-tooltip='Compartir en Whatsapp' rel=\"noopener\"><span class='avia_hidden_link_text'>Compartir en Whatsapp<\/span><\/a><\/li><li class='av-share-link av-social-link-linkedin' ><a target=\"_blank\" aria-label=\"Compartir en LinkedIn\" href='https:\/\/linkedin.com\/shareArticle?mini=true&#038;title=En%20solemne%20ceremonia%20Coronel%20Fuad%20Chaban%20Vilches%20asumi%C3%B3%20como%20Prefecto%20de%20Carabineros%20Ays%C3%A9n&#038;url=https:\/\/radiorevelacionfm.cl\/?p=27353' aria-hidden='false' data-av_icon='\ue8fc' data-av_iconfont='entypo-fontello' title='' data-avia-related-tooltip='Compartir en LinkedIn' rel=\"noopener\"><span class='avia_hidden_link_text'>Compartir en LinkedIn<\/span><\/a><\/li><li class='av-share-link av-social-link-mail' ><a  aria-label=\"Compartir por correo\" href='mailto:?subject=En%20solemne%20ceremonia%20Coronel%20Fuad%20Chaban%20Vilches%20asumi%C3%B3%20como%20Prefecto%20de%20Carabineros%20Ays%C3%A9n&#038;body=https:\/\/radiorevelacionfm.cl\/?p=27353' aria-hidden='false' data-av_icon='\ue805' data-av_iconfont='entypo-fontello' title='' data-avia-related-tooltip='Compartir por correo'><span class='avia_hidden_link_text'>Compartir por correo<\/span><\/a><\/li><\/ul><\/div><\/div>\n<div  style='height:50px' class='hr hr-invisible   avia-builder-el-8  el_after_av_social_share  el_before_av_comments_list '><span class='hr-inner ' ><span class='hr-inner-style'><\/span><\/span><\/div>\n<div  class='av-buildercomment  av-blog-meta-html-info-disabled av-blog-meta-tag-disabled  '><\/div>\n","protected":false},"excerpt":{"rendered":"","protected":false},"author":1,"featured_media":27354,"comment_status":"open","ping_status":"open","sticky":false,"template":"","format":"standard","meta":{"footnotes":""},"categories":[36],"tags":[],"class_list":["post-27353","post","type-post","status-publish","format-standard","has-post-thumbnail","hentry","category-policial"],"jetpack_featured_media_url":"https:\/\/radiorevelacionfm.cl\/wp-content\/uploads\/2023\/02\/7bda8094-d21b-4b60-ab8b-19dddafc5cf5-1_optimized.jpg","_links":{"self":[{"href":"https:\/\/radiorevelacionfm.cl\/index.php?rest_route=\/wp\/v2\/posts\/27353","targetHints":{"allow":["GET"]}}],"collection":[{"href":"https:\/\/radiorevelacionfm.cl\/index.php?rest_route=\/wp\/v2\/posts"}],"about":[{"href":"https:\/\/radiorevelacionfm.cl\/index.php?rest_route=\/wp\/v2\/types\/post"}],"author":[{"embeddable":true,"href":"https:\/\/radiorevelacionfm.cl\/index.php?rest_route=\/wp\/v2\/users\/1"}],"replies":[{"embeddable":true,"href":"https:\/\/radiorevelacionfm.cl\/index.php?rest_route=%2Fwp%2Fv2%2Fcomments&post=27353"}],"version-history":[{"count":2,"href":"https:\/\/radiorevelacionfm.cl\/index.php?rest_route=\/wp\/v2\/posts\/27353\/revisions"}],"predecessor-version":[{"id":27371,"href":"https:\/\/radiorevelacionfm.cl\/index.php?rest_route=\/wp\/v2\/posts\/27353\/revisions\/27371"}],"wp:featuredmedia":[{"embeddable":true,"href":"https:\/\/radiorevelacionfm.cl\/index.php?rest_route=\/wp\/v2\/media\/27354"}],"wp:attachment":[{"href":"https:\/\/radiorevelacionfm.cl\/index.php?rest_route=%2Fwp%2Fv2%2Fmedia&parent=27353"}],"wp:term":[{"taxonomy":"category","embeddable":true,"href":"https:\/\/radiorevelacionfm.cl\/index.php?rest_route=%2Fwp%2Fv2%2Fcategories&post=27353"},{"taxonomy":"post_tag","embeddable":true,"href":"https:\/\/radiorevelacionfm.cl\/index.php?rest_route=%2Fwp%2Fv2%2Ftags&post=27353"}],"curies":[{"name":"wp","href":"https:\/\/api.w.org\/{rel}","templated":true}]}}