{"id":27349,"date":"2023-02-02T13:07:20","date_gmt":"2023-02-02T16:07:20","guid":{"rendered":"https:\/\/radiorevelacionfm.cl\/?p=27349"},"modified":"2023-02-02T13:07:20","modified_gmt":"2023-02-02T16:07:20","slug":"gobierno-presento-agenda-de-productividad-con-mas-de-40-medidas","status":"publish","type":"post","link":"https:\/\/radiorevelacionfm.cl\/?p=27349","title":{"rendered":"Gobierno present\u00f3 Agenda de Productividad con m\u00e1s de 40 medidas"},"content":{"rendered":"<div class=\"flex_column av_one_full  flex_column_div av-zero-column-padding first  avia-builder-el-0  el_before_av_one_full  avia-builder-el-first  \" style='border-radius:0px; '><div  class='avia-image-container  av-styling-    avia-builder-el-1  avia-builder-el-no-sibling  avia-align-center '  itemprop=\"image\" itemscope=\"itemscope\" itemtype=\"https:\/\/schema.org\/ImageObject\"  ><div class='avia-image-container-inner'><div class='avia-image-overlay-wrap'><img decoding=\"async\" class='wp-image-27350 avia-img-lazy-loading-not-27350 avia_image' src=\"https:\/\/radiorevelacionfm.cl\/wp-content\/uploads\/2023\/02\/WhatsApp-Image-2023-02-01-at-16.27.27-1-1.jpeg\" alt='' title='WhatsApp Image 2023-02-01 at 16.27.27 (1) (1)' height=\"600\" width=\"784\"  itemprop=\"thumbnailUrl\" srcset=\"https:\/\/radiorevelacionfm.cl\/wp-content\/uploads\/2023\/02\/WhatsApp-Image-2023-02-01-at-16.27.27-1-1.jpeg 784w, https:\/\/radiorevelacionfm.cl\/wp-content\/uploads\/2023\/02\/WhatsApp-Image-2023-02-01-at-16.27.27-1-1-300x230.jpeg 300w, https:\/\/radiorevelacionfm.cl\/wp-content\/uploads\/2023\/02\/WhatsApp-Image-2023-02-01-at-16.27.27-1-1-768x588.jpeg 768w, https:\/\/radiorevelacionfm.cl\/wp-content\/uploads\/2023\/02\/WhatsApp-Image-2023-02-01-at-16.27.27-1-1-705x540.jpeg 705w, https:\/\/radiorevelacionfm.cl\/wp-content\/uploads\/2023\/02\/WhatsApp-Image-2023-02-01-at-16.27.27-1-1-600x459.jpeg 600w\" sizes=\"(max-width: 784px) 100vw, 784px\" \/><\/div><\/div><\/div><\/div><div class=\"flex_column av_one_full  flex_column_div av-zero-column-padding first  avia-builder-el-2  el_after_av_one_full  el_before_av_one_full  column-top-margin\" style='border-radius:0px; '><section class=\"av_textblock_section \"  itemscope=\"itemscope\" itemtype=\"https:\/\/schema.org\/BlogPosting\" itemprop=\"blogPost\" ><div class='avia_textblock  '   itemprop=\"text\" ><p style=\"text-align: center;\"><span style=\"font-size: 18pt;\"><b>Gobierno present\u00f3 Agenda de Productividad con m\u00e1s de 40 medidas<\/b><\/span><\/p>\n<div id=\"gtx-trans\" style=\"position: absolute; left: -50px; top: 4.31534px;\">\n<div class=\"gtx-trans-icon\"><\/div>\n<\/div>\n<\/div><\/section><\/div><div class=\"flex_column av_one_full  flex_column_div av-zero-column-padding first  avia-builder-el-4  el_after_av_one_full  el_before_av_hr  column-top-margin\" style='border-radius:0px; '><section class=\"av_textblock_section \"  itemscope=\"itemscope\" itemtype=\"https:\/\/schema.org\/BlogPosting\" itemprop=\"blogPost\" ><div class='avia_textblock  '   itemprop=\"text\" ><p style=\"font-weight: 400; text-align: justify;\">Los Ministerios de Econom\u00eda, Trabajo y Hacienda presentaron la semana pasada la Agenda de Productividad, un plan con nueve ejes y m\u00e1s de 40 medidas que busca abordar los principales desaf\u00edos productivos del pa\u00eds, y tiene como objetivo principal aumentar el crecimiento de la productividad de manera progresiva.<\/p>\n<p style=\"font-weight: 400; text-align: justify;\">A nivel regional, la seremi de Econom\u00eda (S), Claudia Cantero Delgado, se refiri\u00f3 a la presentaci\u00f3n de la agenda, \u201cpara el gobierno del presidente Gabriel Boric es importante avanzar en la seguridad social, pero tambi\u00e9n en la seguridad econ\u00f3mica. Es por ello que a nivel nacional se ha generado una mesa de trabajo con gremios empresariales y la CUT, que tiene como resultado esta agenda de productividad, la cual busca mejorar sustancialmente la forma en la que se utilizan los recursos p\u00fablicos y tambi\u00e9n los recursos privados, mejorando el d\u00eda a d\u00eda de las empresas, haciendo m\u00e1s eficiente sus procesos y acercando la innovaci\u00f3n, porque sabemos que de esa forma lograremos una mejor calidad de vida para todas las personas que habitan nuestro pa\u00eds\u201d.<\/p>\n<p style=\"font-weight: 400; text-align: justify;\">Del gran repertorio de medidas, destacan la eliminaci\u00f3n de la notarizaci\u00f3n de algunos tr\u00e1mites legales y administrativos y la creaci\u00f3n de un fondo de capital de riesgo para empresas innovadoras y la digitalizaci\u00f3n de procesos de comercio exterior. Todo esto para permitir que los recursos de las peque\u00f1as, medianas y grandes empresas tengan un mayor rendimiento, y los emprendedores vean reflejado en su bolsillo un ahorro en costos, tiempos y tr\u00e1mites. \u201cEste es un trabajo transversal de los distintos sectores que participan en la econom\u00eda del pa\u00eds. Por supuesto, un rol muy fundamental lo tendr\u00e1n las y los parlamentarios, ya que dentro de estos nueves ejes hay medidas que se tramitar\u00e1n en el Congreso, por lo tanto, vamos a necesitar el esfuerzo de todos los sectores pol\u00edticos\u201d.<\/p>\n<p style=\"font-weight: 400; text-align: justify;\">\u201cSabemos que la productividad no es un fen\u00f3meno que nosotros podamos medir en el corto plazo, sino m\u00e1s bien son procesos de mediano y largo plazo, por lo tanto, debemos comenzar este trabajo desde ahora e impulsarlo junto a las empresas privadas y por supuesto al sector p\u00fablico\u201d finaliz\u00f3 la representante del ejecutivo.<\/p>\n<p style=\"font-weight: 400;\"><strong>AGENDA DE PRODUCTIVIDAD<\/strong><\/p>\n<p style=\"font-weight: 400;\"><strong>EJES<\/strong><\/p>\n<table style=\"font-weight: 400;\">\n<tbody>\n<tr>\n<td width=\"294\">(1) Mejoras de procesos para inversiones<\/p>\n<p>(2) Facilitaci\u00f3n de comercio<\/p>\n<p>(3) Mercado de capitales<\/p>\n<p>(4) Informalidad laboral<\/td>\n<td width=\"294\">(5) Capacitaci\u00f3n y reconversi\u00f3n laboral<\/p>\n<p>(6) Innovaci\u00f3n y transformaci\u00f3n productiva<\/p>\n<p>(7) Productividad en Mipymes<\/p>\n<p>(8) M\u00e1s competencia<\/p>\n<p>(9) Desnotarizaci\u00f3n y digitalizaci\u00f3n<\/td>\n<\/tr>\n<\/tbody>\n<\/table>\n<\/div><\/section><\/div><div  style='height:50px' class='hr hr-invisible   avia-builder-el-6  el_after_av_one_full  el_before_av_social_share '><span class='hr-inner ' ><span class='hr-inner-style'><\/span><\/span><\/div><\/p>\n<div  class='av-social-sharing-box  avia-builder-el-7  el_after_av_hr  el_before_av_hr  '><div class='av-share-box'><h5 class='av-share-link-description av-no-toc '>Compartir esta noticia<\/h5><ul class='av-share-box-list noLightbox'><li class='av-share-link av-social-link-facebook' ><a target=\"_blank\" aria-label=\"Compartir en Facebook\" href='https:\/\/www.facebook.com\/sharer.php?u=https:\/\/radiorevelacionfm.cl\/?p=27349&#038;t=Gobierno%20present%C3%B3%20Agenda%20de%20Productividad%20con%20m%C3%A1s%20de%2040%20medidas' aria-hidden='false' data-av_icon='\ue8f3' data-av_iconfont='entypo-fontello' title='' data-avia-related-tooltip='Compartir en Facebook' rel=\"noopener\"><span class='avia_hidden_link_text'>Compartir en Facebook<\/span><\/a><\/li><li class='av-share-link av-social-link-twitter' ><a target=\"_blank\" aria-label=\"Compartir en Twitter\" href='https:\/\/twitter.com\/share?text=Gobierno%20present%C3%B3%20Agenda%20de%20Productividad%20con%20m%C3%A1s%20de%2040%20medidas&#038;url=https:\/\/radiorevelacionfm.cl\/?p=27349' aria-hidden='false' data-av_icon='\ue8f1' data-av_iconfont='entypo-fontello' title='' data-avia-related-tooltip='Compartir en Twitter' rel=\"noopener\"><span class='avia_hidden_link_text'>Compartir en Twitter<\/span><\/a><\/li><li class='av-share-link av-social-link-whatsapp' ><a target=\"_blank\" aria-label=\"Compartir en Whatsapp\" href='https:\/\/api.whatsapp.com\/send?text=https:\/\/radiorevelacionfm.cl\/?p=27349' aria-hidden='false' data-av_icon='\uf232' data-av_iconfont='entypo-fontello' title='' data-avia-related-tooltip='Compartir en Whatsapp' rel=\"noopener\"><span class='avia_hidden_link_text'>Compartir en Whatsapp<\/span><\/a><\/li><li class='av-share-link av-social-link-linkedin' ><a target=\"_blank\" aria-label=\"Compartir en LinkedIn\" href='https:\/\/linkedin.com\/shareArticle?mini=true&#038;title=Gobierno%20present%C3%B3%20Agenda%20de%20Productividad%20con%20m%C3%A1s%20de%2040%20medidas&#038;url=https:\/\/radiorevelacionfm.cl\/?p=27349' aria-hidden='false' data-av_icon='\ue8fc' data-av_iconfont='entypo-fontello' title='' data-avia-related-tooltip='Compartir en LinkedIn' rel=\"noopener\"><span class='avia_hidden_link_text'>Compartir en LinkedIn<\/span><\/a><\/li><li class='av-share-link av-social-link-mail' ><a  aria-label=\"Compartir por correo\" href='mailto:?subject=Gobierno%20present%C3%B3%20Agenda%20de%20Productividad%20con%20m%C3%A1s%20de%2040%20medidas&#038;body=https:\/\/radiorevelacionfm.cl\/?p=27349' aria-hidden='false' data-av_icon='\ue805' data-av_iconfont='entypo-fontello' title='' data-avia-related-tooltip='Compartir por correo'><span class='avia_hidden_link_text'>Compartir por correo<\/span><\/a><\/li><\/ul><\/div><\/div>\n<div  style='height:50px' class='hr hr-invisible   avia-builder-el-8  el_after_av_social_share  el_before_av_comments_list '><span class='hr-inner ' ><span class='hr-inner-style'><\/span><\/span><\/div>\n<div  class='av-buildercomment  av-blog-meta-html-info-disabled av-blog-meta-tag-disabled  '><\/div>\n","protected":false},"excerpt":{"rendered":"","protected":false},"author":1,"featured_media":27350,"comment_status":"open","ping_status":"open","sticky":false,"template":"","format":"standard","meta":{"footnotes":""},"categories":[61],"tags":[],"class_list":["post-27349","post","type-post","status-publish","format-standard","has-post-thumbnail","hentry","category-nacional"],"jetpack_featured_media_url":"https:\/\/radiorevelacionfm.cl\/wp-content\/uploads\/2023\/02\/WhatsApp-Image-2023-02-01-at-16.27.27-1-1.jpeg","_links":{"self":[{"href":"https:\/\/radiorevelacionfm.cl\/index.php?rest_route=\/wp\/v2\/posts\/27349","targetHints":{"allow":["GET"]}}],"collection":[{"href":"https:\/\/radiorevelacionfm.cl\/index.php?rest_route=\/wp\/v2\/posts"}],"about":[{"href":"https:\/\/radiorevelacionfm.cl\/index.php?rest_route=\/wp\/v2\/types\/post"}],"author":[{"embeddable":true,"href":"https:\/\/radiorevelacionfm.cl\/index.php?rest_route=\/wp\/v2\/users\/1"}],"replies":[{"embeddable":true,"href":"https:\/\/radiorevelacionfm.cl\/index.php?rest_route=%2Fwp%2Fv2%2Fcomments&post=27349"}],"version-history":[{"count":2,"href":"https:\/\/radiorevelacionfm.cl\/index.php?rest_route=\/wp\/v2\/posts\/27349\/revisions"}],"predecessor-version":[{"id":27361,"href":"https:\/\/radiorevelacionfm.cl\/index.php?rest_route=\/wp\/v2\/posts\/27349\/revisions\/27361"}],"wp:featuredmedia":[{"embeddable":true,"href":"https:\/\/radiorevelacionfm.cl\/index.php?rest_route=\/wp\/v2\/media\/27350"}],"wp:attachment":[{"href":"https:\/\/radiorevelacionfm.cl\/index.php?rest_route=%2Fwp%2Fv2%2Fmedia&parent=27349"}],"wp:term":[{"taxonomy":"category","embeddable":true,"href":"https:\/\/radiorevelacionfm.cl\/index.php?rest_route=%2Fwp%2Fv2%2Fcategories&post=27349"},{"taxonomy":"post_tag","embeddable":true,"href":"https:\/\/radiorevelacionfm.cl\/index.php?rest_route=%2Fwp%2Fv2%2Ftags&post=27349"}],"curies":[{"name":"wp","href":"https:\/\/api.w.org\/{rel}","templated":true}]}}