{"id":27346,"date":"2023-02-01T18:43:37","date_gmt":"2023-02-01T21:43:37","guid":{"rendered":"https:\/\/radiorevelacionfm.cl\/?p=27346"},"modified":"2023-02-01T18:43:37","modified_gmt":"2023-02-01T21:43:37","slug":"corfo-presenta-plataforma-de-datos-territoriales-para-apoyar-iniciativas-en-regiones","status":"publish","type":"post","link":"https:\/\/radiorevelacionfm.cl\/?p=27346","title":{"rendered":"Corfo presenta plataforma de Datos Territoriales para apoyar iniciativas en regiones"},"content":{"rendered":"<div class=\"flex_column av_one_full  flex_column_div av-zero-column-padding first  avia-builder-el-0  el_before_av_one_full  avia-builder-el-first  \" style='border-radius:0px; '><div  class='avia-image-container  av-styling-    avia-builder-el-1  avia-builder-el-no-sibling  avia-align-center '  itemprop=\"image\" itemscope=\"itemscope\" itemtype=\"https:\/\/schema.org\/ImageObject\"  ><div class='avia-image-container-inner'><div class='avia-image-overlay-wrap'><img decoding=\"async\" class='wp-image-27010 avia-img-lazy-loading-not-27010 avia_image' src=\"https:\/\/radiorevelacionfm.cl\/wp-content\/uploads\/2023\/01\/HML-1-1.jpg\" alt='' title='HML (1) (1)' height=\"600\" width=\"900\"  itemprop=\"thumbnailUrl\" srcset=\"https:\/\/radiorevelacionfm.cl\/wp-content\/uploads\/2023\/01\/HML-1-1.jpg 900w, https:\/\/radiorevelacionfm.cl\/wp-content\/uploads\/2023\/01\/HML-1-1-300x200.jpg 300w, https:\/\/radiorevelacionfm.cl\/wp-content\/uploads\/2023\/01\/HML-1-1-768x512.jpg 768w, https:\/\/radiorevelacionfm.cl\/wp-content\/uploads\/2023\/01\/HML-1-1-705x470.jpg 705w, https:\/\/radiorevelacionfm.cl\/wp-content\/uploads\/2023\/01\/HML-1-1-600x400.jpg 600w\" sizes=\"(max-width: 900px) 100vw, 900px\" \/><\/div><\/div><\/div><\/div><div class=\"flex_column av_one_full  flex_column_div av-zero-column-padding first  avia-builder-el-2  el_after_av_one_full  el_before_av_one_full  column-top-margin\" style='border-radius:0px; '><section class=\"av_textblock_section \"  itemscope=\"itemscope\" itemtype=\"https:\/\/schema.org\/BlogPosting\" itemprop=\"blogPost\" ><div class='avia_textblock  '   itemprop=\"text\" ><p style=\"text-align: center;\"><span style=\"font-size: 18pt;\"><b><span lang=\"ES\">Corfo presenta plataforma de Datos Territoriales para apoyar iniciativas en regiones\u00a0\u00a0<\/span><\/b><\/span><\/p>\n<div id=\"gtx-trans\" style=\"position: absolute; left: -50px; top: 4.31534px;\">\n<div class=\"gtx-trans-icon\"><\/div>\n<\/div>\n<\/div><\/section><\/div><div class=\"flex_column av_one_full  flex_column_div av-zero-column-padding first  avia-builder-el-4  el_after_av_one_full  el_before_av_hr  column-top-margin\" style='border-radius:0px; '><section class=\"av_textblock_section \"  itemscope=\"itemscope\" itemtype=\"https:\/\/schema.org\/BlogPosting\" itemprop=\"blogPost\" ><div class='avia_textblock  '   itemprop=\"text\" ><p style=\"font-weight: 400; text-align: justify;\">La plataforma\u00a0<a href=\"https:\/\/dataterritorios.corfo.cl\/\" data-saferedirecturl=\"https:\/\/www.google.com\/url?q=https:\/\/dataterritorios.corfo.cl\/&amp;source=gmail&amp;ust=1675350276290000&amp;usg=AOvVaw3p4tGxrfObZ8oicKw5qHYp\">dataterritorios.corfo.cl<\/a>\u00a0nace con el objetivo de contribuir con datos e informaci\u00f3n que permita tomar decisiones estrat\u00e9gicas, a nivel regional, sobre fomento productivo. De este modo, Gobiernos Regionales, servicios p\u00fablicos, universidades, ONGs o consultoras, tendr\u00e1n acceso a data basada en evidencia, que les permitir\u00e1 orientar y fundamentar proyectos de alcance territorial.<\/p>\n<p style=\"font-weight: 400; text-align: justify;\">Humberto Mar\u00edn Leiva, director de Corfo Ays\u00e9n, detall\u00f3 que \u00abla plataforma\u00a0<a href=\"http:\/\/dataterritios.corfo.cl\/\" data-saferedirecturl=\"https:\/\/www.google.com\/url?q=http:\/\/dataterritios.corfo.cl&amp;source=gmail&amp;ust=1675350276290000&amp;usg=AOvVaw1CgSZuacycfCBob7b1d7zy\">dataterritios.corfo.cl<\/a>\u00a0es una herramienta fundamental para avanzar en la descentralizaci\u00f3n de nuestra instituci\u00f3n, ya que podremos contar con informaci\u00f3n precisa de nuestra Regi\u00f3n de Ays\u00e9n, y de cada una de las regiones, sus provincias y municipios, lo que nos permitir\u00e1 trabajar de manera coherente con las distintas herramientas de Corfo y la realidad y diversidad de cada territorio\u201d.<\/p>\n<p style=\"font-weight: 400; text-align: justify;\">La iniciativa, enfocada en la integraci\u00f3n y utilidad de datos, analiza data p\u00fablica de libre disposici\u00f3n y aquella que es propia de la Corporaci\u00f3n. La informaci\u00f3n consolidada es de escala subnacional y comunal, mientras que los an\u00e1lisis se sustentan en una base de datos de m\u00e1s de 20 millones de registros y de m\u00e1s de 10 fuentes diferentes de informaci\u00f3n, como del Servicio de Impuestos Internos, Banco Central, INE, entre otros.<\/p>\n<p style=\"font-weight: 400; text-align: justify;\">\u201cEl desarrollo territorial constituye uno de los ejes transversales de la estrategia de la actual gesti\u00f3n de Corfo, y en ese sentido un elemento fundamental para avanzar en un mayor desarrollo territorial es la descentralizaci\u00f3n de nuestra instituci\u00f3n. Para ello es muy importante contar con el mejor apoyo para tomar decisiones, y la plataforma\u00a0<a href=\"http:\/\/dataterritorio.cl\/\" data-saferedirecturl=\"https:\/\/www.google.com\/url?q=http:\/\/dataterritorio.cl&amp;source=gmail&amp;ust=1675350276290000&amp;usg=AOvVaw2wR9kvrxnzwbKtKHQwkbQT\">dataterritorio.cl<\/a>\u00a0es una herramienta que va en esa direcci\u00f3n\u201d, se\u00f1al\u00f3 el Gerente de Asuntos Estrat\u00e9gicos, Claudio Maggi.<\/p>\n<p style=\"font-weight: 400; text-align: justify;\"><strong><u>DATOS REGIONALES<\/u><\/strong><\/p>\n<p style=\"font-weight: 400; text-align: justify;\">Entre los datos disponibles para Ays\u00e9n, la plataforma arroja que el Producto Interno Bruto (PIB) creci\u00f3 un 7,9% en 2021 y, adem\u00e1s, ha crecido un 13,8% en los \u00faltimos 8 a\u00f1os. Asimismo, revela que la regi\u00f3n concentra su PIB en la actividad de la pesca (21%), la administraci\u00f3n p\u00fablica (18%), y los servicios personales (16%), actividades que en su conjunto generan el 55% del producto interno bruto regional.<\/p>\n<p style=\"font-weight: 400; text-align: justify;\">La Regi\u00f3n de Ays\u00e9n es una de las regiones con fluctuaciones m\u00e1s bruscas en la composici\u00f3n de la producci\u00f3n en los \u00faltimos 8 a\u00f1os, originadas por la alta variabilidad que ha tenido la actividad pesquera, lo que ha determinado la alta variaci\u00f3n de las participaciones de cada sector en el PIB de la regi\u00f3n de un a\u00f1o a otro. Por su parte, la miner\u00eda contrajo su aporte al PIB regional en 8,2 puntos porcentuales, pasando de representar el 10,4% al 2,2% del PIB regional. La pesca tambi\u00e9n redujo su aporte al PIB en 2,2 puntos porcentuales.<\/p>\n<p style=\"font-weight: 400; text-align: justify;\">Otro dato relevante desplegado por la plataforma es que la regi\u00f3n contaba con m\u00e1s de 10 mil empresas en 2020, de las cuales 8.625 estuvieron activas dicho a\u00f1o. Los sectores que concentran el mayor n\u00famero de empresas son el comercio (28%), la agricultura, ganader\u00eda, silvicultura, y pesca (12%), y las actividades de alojamiento y servicio de comidas (11%), abarcando m\u00e1s de un 50% de las empresas en conjunto.<\/p>\n<p style=\"font-weight: 400; text-align: justify;\">Los rubros econ\u00f3micos que m\u00e1s han crecido en t\u00e9rminos absolutos en cuanto a su participaci\u00f3n en el total de empresas de la regi\u00f3n entre 2005 y 2020 son el de actividades de alojamiento y de servicio de comidas, que sube m\u00e1s de 4 puntos porcentuales; y las actividades de servicios administrativos y de apoyo.<\/p>\n<p style=\"font-weight: 400; text-align: justify;\">El 70% de las empresas de la regi\u00f3n son microempresas, y un 12% son empresas peque\u00f1as. Las empresas medianas y grandes son el 1,5% del total, y generan el 28% del empleo en la regi\u00f3n.<\/p>\n<p style=\"font-weight: 400; text-align: justify;\">La Regi\u00f3n de Ays\u00e9n es la segunda regi\u00f3n con menor pobreza y con menor pobreza extrema del pa\u00eds, s\u00f3lo despu\u00e9s de su vecina regi\u00f3n de Magallanes.<\/p>\n<p style=\"font-weight: 400; text-align: justify;\">Para m\u00e1s informaci\u00f3n, escribir a\u00a0<a href=\"mailto:uat@corfo.cl\">uat@corfo.cl<\/a><\/p>\n<\/div><\/section><\/div><div  style='height:50px' class='hr hr-invisible   avia-builder-el-6  el_after_av_one_full  el_before_av_social_share '><span class='hr-inner ' ><span class='hr-inner-style'><\/span><\/span><\/div><\/p>\n<div  class='av-social-sharing-box  avia-builder-el-7  el_after_av_hr  el_before_av_hr  '><div class='av-share-box'><h5 class='av-share-link-description av-no-toc '>Compartir esta noticia<\/h5><ul class='av-share-box-list noLightbox'><li class='av-share-link av-social-link-facebook' ><a target=\"_blank\" aria-label=\"Compartir en Facebook\" href='https:\/\/www.facebook.com\/sharer.php?u=https:\/\/radiorevelacionfm.cl\/?p=27346&#038;t=Corfo%20presenta%20plataforma%20de%20Datos%20Territoriales%20para%20apoyar%20iniciativas%20en%20regiones' aria-hidden='false' data-av_icon='\ue8f3' data-av_iconfont='entypo-fontello' title='' data-avia-related-tooltip='Compartir en Facebook' rel=\"noopener\"><span class='avia_hidden_link_text'>Compartir en Facebook<\/span><\/a><\/li><li class='av-share-link av-social-link-twitter' ><a target=\"_blank\" aria-label=\"Compartir en Twitter\" href='https:\/\/twitter.com\/share?text=Corfo%20presenta%20plataforma%20de%20Datos%20Territoriales%20para%20apoyar%20iniciativas%20en%20regiones&#038;url=https:\/\/radiorevelacionfm.cl\/?p=27346' aria-hidden='false' data-av_icon='\ue8f1' data-av_iconfont='entypo-fontello' title='' data-avia-related-tooltip='Compartir en Twitter' rel=\"noopener\"><span class='avia_hidden_link_text'>Compartir en Twitter<\/span><\/a><\/li><li class='av-share-link av-social-link-whatsapp' ><a target=\"_blank\" aria-label=\"Compartir en Whatsapp\" href='https:\/\/api.whatsapp.com\/send?text=https:\/\/radiorevelacionfm.cl\/?p=27346' aria-hidden='false' data-av_icon='\uf232' data-av_iconfont='entypo-fontello' title='' data-avia-related-tooltip='Compartir en Whatsapp' rel=\"noopener\"><span class='avia_hidden_link_text'>Compartir en Whatsapp<\/span><\/a><\/li><li class='av-share-link av-social-link-linkedin' ><a target=\"_blank\" aria-label=\"Compartir en LinkedIn\" href='https:\/\/linkedin.com\/shareArticle?mini=true&#038;title=Corfo%20presenta%20plataforma%20de%20Datos%20Territoriales%20para%20apoyar%20iniciativas%20en%20regiones&#038;url=https:\/\/radiorevelacionfm.cl\/?p=27346' aria-hidden='false' data-av_icon='\ue8fc' data-av_iconfont='entypo-fontello' title='' data-avia-related-tooltip='Compartir en LinkedIn' rel=\"noopener\"><span class='avia_hidden_link_text'>Compartir en LinkedIn<\/span><\/a><\/li><li class='av-share-link av-social-link-mail' ><a  aria-label=\"Compartir por correo\" href='mailto:?subject=Corfo%20presenta%20plataforma%20de%20Datos%20Territoriales%20para%20apoyar%20iniciativas%20en%20regiones&#038;body=https:\/\/radiorevelacionfm.cl\/?p=27346' aria-hidden='false' data-av_icon='\ue805' data-av_iconfont='entypo-fontello' title='' data-avia-related-tooltip='Compartir por correo'><span class='avia_hidden_link_text'>Compartir por correo<\/span><\/a><\/li><\/ul><\/div><\/div>\n<div  style='height:50px' class='hr hr-invisible   avia-builder-el-8  el_after_av_social_share  el_before_av_comments_list '><span class='hr-inner ' ><span class='hr-inner-style'><\/span><\/span><\/div>\n<div  class='av-buildercomment  av-blog-meta-html-info-disabled av-blog-meta-tag-disabled  '><\/div>\n","protected":false},"excerpt":{"rendered":"","protected":false},"author":1,"featured_media":27010,"comment_status":"open","ping_status":"open","sticky":false,"template":"","format":"standard","meta":{"footnotes":""},"categories":[38],"tags":[],"class_list":["post-27346","post","type-post","status-publish","format-standard","has-post-thumbnail","hentry","category-regional"],"jetpack_featured_media_url":"https:\/\/radiorevelacionfm.cl\/wp-content\/uploads\/2023\/01\/HML-1-1.jpg","_links":{"self":[{"href":"https:\/\/radiorevelacionfm.cl\/index.php?rest_route=\/wp\/v2\/posts\/27346","targetHints":{"allow":["GET"]}}],"collection":[{"href":"https:\/\/radiorevelacionfm.cl\/index.php?rest_route=\/wp\/v2\/posts"}],"about":[{"href":"https:\/\/radiorevelacionfm.cl\/index.php?rest_route=\/wp\/v2\/types\/post"}],"author":[{"embeddable":true,"href":"https:\/\/radiorevelacionfm.cl\/index.php?rest_route=\/wp\/v2\/users\/1"}],"replies":[{"embeddable":true,"href":"https:\/\/radiorevelacionfm.cl\/index.php?rest_route=%2Fwp%2Fv2%2Fcomments&post=27346"}],"version-history":[{"count":2,"href":"https:\/\/radiorevelacionfm.cl\/index.php?rest_route=\/wp\/v2\/posts\/27346\/revisions"}],"predecessor-version":[{"id":27348,"href":"https:\/\/radiorevelacionfm.cl\/index.php?rest_route=\/wp\/v2\/posts\/27346\/revisions\/27348"}],"wp:featuredmedia":[{"embeddable":true,"href":"https:\/\/radiorevelacionfm.cl\/index.php?rest_route=\/wp\/v2\/media\/27010"}],"wp:attachment":[{"href":"https:\/\/radiorevelacionfm.cl\/index.php?rest_route=%2Fwp%2Fv2%2Fmedia&parent=27346"}],"wp:term":[{"taxonomy":"category","embeddable":true,"href":"https:\/\/radiorevelacionfm.cl\/index.php?rest_route=%2Fwp%2Fv2%2Fcategories&post=27346"},{"taxonomy":"post_tag","embeddable":true,"href":"https:\/\/radiorevelacionfm.cl\/index.php?rest_route=%2Fwp%2Fv2%2Ftags&post=27346"}],"curies":[{"name":"wp","href":"https:\/\/api.w.org\/{rel}","templated":true}]}}