{"id":27340,"date":"2023-02-01T18:21:58","date_gmt":"2023-02-01T21:21:58","guid":{"rendered":"https:\/\/radiorevelacionfm.cl\/?p=27340"},"modified":"2023-02-01T18:21:58","modified_gmt":"2023-02-01T21:21:58","slug":"directora-de-arquitectura-del-mop-construccion-de-nuevo-edificio-de-aduanas-en-aysen-es-una-senal-inicial-de-reactivacion","status":"publish","type":"post","link":"https:\/\/radiorevelacionfm.cl\/?p=27340","title":{"rendered":"Directora de Arquitectura del MOP: \u201cConstrucci\u00f3n de nuevo edificio de Aduanas en Ays\u00e9n es una se\u00f1al inicial de reactivaci\u00f3n\u201d"},"content":{"rendered":"<div class=\"flex_column av_one_full  flex_column_div av-zero-column-padding first  avia-builder-el-0  el_before_av_one_full  avia-builder-el-first  \" style='border-radius:0px; '><div  class='avia-image-container  av-styling-    avia-builder-el-1  avia-builder-el-no-sibling  avia-align-center '  itemprop=\"image\" itemscope=\"itemscope\" itemtype=\"https:\/\/schema.org\/ImageObject\"  ><div class='avia-image-container-inner'><div class='avia-image-overlay-wrap'><img decoding=\"async\" class='wp-image-27341 avia-img-lazy-loading-not-27341 avia_image' src=\"https:\/\/radiorevelacionfm.cl\/wp-content\/uploads\/2023\/02\/WhatsApp-Image-2023-02-01-at-16.19.47-1-1.jpeg\" alt='' title='WhatsApp Image 2023-02-01 at 16.19.47 (1) (1)' height=\"600\" width=\"839\"  itemprop=\"thumbnailUrl\" srcset=\"https:\/\/radiorevelacionfm.cl\/wp-content\/uploads\/2023\/02\/WhatsApp-Image-2023-02-01-at-16.19.47-1-1.jpeg 839w, https:\/\/radiorevelacionfm.cl\/wp-content\/uploads\/2023\/02\/WhatsApp-Image-2023-02-01-at-16.19.47-1-1-300x215.jpeg 300w, https:\/\/radiorevelacionfm.cl\/wp-content\/uploads\/2023\/02\/WhatsApp-Image-2023-02-01-at-16.19.47-1-1-768x549.jpeg 768w, https:\/\/radiorevelacionfm.cl\/wp-content\/uploads\/2023\/02\/WhatsApp-Image-2023-02-01-at-16.19.47-1-1-260x185.jpeg 260w, https:\/\/radiorevelacionfm.cl\/wp-content\/uploads\/2023\/02\/WhatsApp-Image-2023-02-01-at-16.19.47-1-1-705x504.jpeg 705w, https:\/\/radiorevelacionfm.cl\/wp-content\/uploads\/2023\/02\/WhatsApp-Image-2023-02-01-at-16.19.47-1-1-600x429.jpeg 600w\" sizes=\"(max-width: 839px) 100vw, 839px\" \/><\/div><\/div><\/div><\/div><div class=\"flex_column av_one_full  flex_column_div av-zero-column-padding first  avia-builder-el-2  el_after_av_one_full  el_before_av_one_full  column-top-margin\" style='border-radius:0px; '><section class=\"av_textblock_section \"  itemscope=\"itemscope\" itemtype=\"https:\/\/schema.org\/BlogPosting\" itemprop=\"blogPost\" ><div class='avia_textblock  '   itemprop=\"text\" ><p style=\"text-align: center;\"><strong><span style=\"font-size: 18pt;\">Directora de Arquitectura del MOP: \u201cConstrucci\u00f3n de nuevo edificio de Aduanas en Ays\u00e9n es una se\u00f1al inicial de reactivaci\u00f3n\u201d<\/span><\/strong><\/p>\n<div id=\"gtx-trans\" style=\"position: absolute; left: -50px; top: 4.31534px;\">\n<div class=\"gtx-trans-icon\"><\/div>\n<\/div>\n<\/div><\/section><\/div><div class=\"flex_column av_one_full  flex_column_div av-zero-column-padding first  avia-builder-el-4  el_after_av_one_full  el_before_av_hr  column-top-margin\" style='border-radius:0px; '><section class=\"av_textblock_section \"  itemscope=\"itemscope\" itemtype=\"https:\/\/schema.org\/BlogPosting\" itemprop=\"blogPost\" ><div class='avia_textblock  '   itemprop=\"text\" ><p style=\"text-align: justify;\"><span lang=\"ES-US\">\u201cEl pr\u00f3ximo inicio de las obras de construcci\u00f3n del nuevo edificio para la Administraci\u00f3n de Aduanas en la comuna de Ays\u00e9n puede considerarse como una se\u00f1al inicial de la reactivaci\u00f3n que se espera para el sector de la construcci\u00f3n a nivel local, luego de un dif\u00edcil a\u00f1o 2022 que estuvo marcado por las dificultades financieras que vivieron muchas empresas por el alza de los materiales de construcci\u00f3n que se gener\u00f3 tras la pandemia\u201d, manifest\u00f3 la Directora Regional de Arquitectura del Ministerio de Obras P\u00fablicas, Paola Az\u00f3car Betancur.<\/span><\/p>\n<p style=\"text-align: justify;\"><span lang=\"ES-US\">A\u00f1adi\u00f3 que las faenas de este nuevo edificio administrativo del Servicio Nacional de Aduanas comenzar\u00e1n a materializarse en marzo pr\u00f3ximo, por cuanto el 21 de enero pasado se dio inicio formal al contrato de obra p\u00fablica tras la correspondiente toma de raz\u00f3n de la adjudicaci\u00f3n del contrato por parte de la Contralor\u00eda regional.<\/span><\/p>\n<p style=\"text-align: justify;\"><span lang=\"ES-US\">Seg\u00fan Paola Az\u00f3car, \u201cel inicio de este contrato ha sido posible gracias a la voluntad del MOP de realizar un reajuste a los proyectos de edificaci\u00f3n p\u00fablica para absorber el alza de los costos de construcci\u00f3n, lo cual sin duda es una se\u00f1al alentadora que se ha concretado durante el mandato del Presidente Gabriel Boric. En el caso de esta obra, estamos hablando de una inversi\u00f3n de casi 4 mil millones de pesos por parte del Servicio Nacional de Aduanas, la que se materializar\u00e1 casi por completo durante este a\u00f1o 2023 porque est\u00e1 programado que estas obras finalicen en enero de 2024, con el objetivo de que este inmueble pueda estar en uso durante el pr\u00f3ximo a\u00f1o\u201d.<\/span><\/p>\n<p style=\"text-align: justify;\"><span lang=\"ES-US\">Durante la reciente visita a la regi\u00f3n de Ays\u00e9n de la Directora Nacional de Aduanas, Alejandra Arriaza Loeb, se realiz\u00f3 el traspaso al MOP del terreno donde se emplazar\u00e1 el inmueble, en Puerto Chacabuco.<\/span><\/p>\n<p style=\"text-align: justify;\"><span lang=\"ES-US\">En la ceremonia, la principal autoridad aduanera manifest\u00f3 que \u201cesta construcci\u00f3n implica que pasamos de tener 275 metros cuadrados, que tiene la casa que hoy ocupamos, a un edificio institucional que superar\u00e1 los 1.000 metros cuadrados, emplazado frente a Puerto Chacabuco, donde se desarrollar\u00e1n las labores de Aduanas. Vamos a contar con dependencias acordes a la importancia del trabajo, que es relevante para el desarrollo regional, pero tambi\u00e9n para el comercio exterior y seguridad de nuestro pa\u00eds\u201d.<\/span><\/p>\n<p style=\"text-align: justify;\"><span lang=\"ES-US\">Alejandra Arriaza indic\u00f3 que este proyecto, trabajado por el equipo de infraestructura de Aduanas y por el MOP, le dar\u00e1 el est\u00e1ndar requerido a una Administraci\u00f3n que cada vez enfrenta mayores desaf\u00edos y que debe estar lista para las posibilidades que se abren para el comercio internacional en Ays\u00e9n.<\/span><\/p>\n<p style=\"text-align: justify;\">En este sentido, el delegado presidencial regional de Ays\u00e9n, Rodrigo Araya, destac\u00f3 la importancia de la labor articulada que desarrolla Aduanas para el desarrollo de la regi\u00f3n.<\/p>\n<p style=\"text-align: justify;\">\u201cTambi\u00e9n conversamos en relaci\u00f3n a los desaf\u00edos que tiene el comercio internacional despu\u00e9s de la pandemia, el tr\u00e1nsito de Courier y electr\u00f3nico, que tambi\u00e9n trae desaf\u00edos y c\u00f3mo se relaciona con la seguridad p\u00fablica. La estrategia que est\u00e1 desarrollando Aduanas es tremendamente interesante y eso requiere apoyo aqu\u00ed en la regi\u00f3n, por lo tanto, tenemos desaf\u00edos y esperamos seguir estableciendo una relaci\u00f3n eficaz y eficiente en los pr\u00f3ximos a\u00f1os\u201d, recalc\u00f3.<\/p>\n<p style=\"text-align: justify;\"><span lang=\"ES-US\">La nueva edificaci\u00f3n para la Administraci\u00f3n de Aduanas ser\u00e1 de hormig\u00f3n armado con 990 metros cuadrados distribuidos en dos niveles, espacio que posibilitar\u00e1 un adecuado est\u00e1ndar para el trabajo de 30 funcionarios aduaneros, tomando en consideraci\u00f3n la demanda que se proyecta para los pr\u00f3ximos a\u00f1os. Las obras estar\u00e1n a cargo de la constructora L y D.<\/span><\/p>\n<\/div><\/section><\/div><div  style='height:50px' class='hr hr-invisible   avia-builder-el-6  el_after_av_one_full  el_before_av_social_share '><span class='hr-inner ' ><span class='hr-inner-style'><\/span><\/span><\/div><\/p>\n<div  class='av-social-sharing-box  avia-builder-el-7  el_after_av_hr  el_before_av_hr  '><div class='av-share-box'><h5 class='av-share-link-description av-no-toc '>Compartir esta noticia<\/h5><ul class='av-share-box-list noLightbox'><li class='av-share-link av-social-link-facebook' ><a target=\"_blank\" aria-label=\"Compartir en Facebook\" href='https:\/\/www.facebook.com\/sharer.php?u=https:\/\/radiorevelacionfm.cl\/?p=27340&#038;t=Directora%20de%20Arquitectura%20del%20MOP%3A%20%E2%80%9CConstrucci%C3%B3n%20de%20nuevo%20edificio%20de%20Aduanas%20en%20Ays%C3%A9n%20es%20una%20se%C3%B1al%20inicial%20de%20reactivaci%C3%B3n%E2%80%9D' aria-hidden='false' data-av_icon='\ue8f3' data-av_iconfont='entypo-fontello' title='' data-avia-related-tooltip='Compartir en Facebook' rel=\"noopener\"><span class='avia_hidden_link_text'>Compartir en Facebook<\/span><\/a><\/li><li class='av-share-link av-social-link-twitter' ><a target=\"_blank\" aria-label=\"Compartir en Twitter\" href='https:\/\/twitter.com\/share?text=Directora%20de%20Arquitectura%20del%20MOP%3A%20%E2%80%9CConstrucci%C3%B3n%20de%20nuevo%20edificio%20de%20Aduanas%20en%20Ays%C3%A9n%20es%20una%20se%C3%B1al%20inicial%20de%20reactivaci%C3%B3n%E2%80%9D&#038;url=https:\/\/radiorevelacionfm.cl\/?p=27340' aria-hidden='false' data-av_icon='\ue8f1' data-av_iconfont='entypo-fontello' title='' data-avia-related-tooltip='Compartir en Twitter' rel=\"noopener\"><span class='avia_hidden_link_text'>Compartir en Twitter<\/span><\/a><\/li><li class='av-share-link av-social-link-whatsapp' ><a target=\"_blank\" aria-label=\"Compartir en Whatsapp\" href='https:\/\/api.whatsapp.com\/send?text=https:\/\/radiorevelacionfm.cl\/?p=27340' aria-hidden='false' data-av_icon='\uf232' data-av_iconfont='entypo-fontello' title='' data-avia-related-tooltip='Compartir en Whatsapp' rel=\"noopener\"><span class='avia_hidden_link_text'>Compartir en Whatsapp<\/span><\/a><\/li><li class='av-share-link av-social-link-linkedin' ><a target=\"_blank\" aria-label=\"Compartir en LinkedIn\" href='https:\/\/linkedin.com\/shareArticle?mini=true&#038;title=Directora%20de%20Arquitectura%20del%20MOP%3A%20%E2%80%9CConstrucci%C3%B3n%20de%20nuevo%20edificio%20de%20Aduanas%20en%20Ays%C3%A9n%20es%20una%20se%C3%B1al%20inicial%20de%20reactivaci%C3%B3n%E2%80%9D&#038;url=https:\/\/radiorevelacionfm.cl\/?p=27340' aria-hidden='false' data-av_icon='\ue8fc' data-av_iconfont='entypo-fontello' title='' data-avia-related-tooltip='Compartir en LinkedIn' rel=\"noopener\"><span class='avia_hidden_link_text'>Compartir en LinkedIn<\/span><\/a><\/li><li class='av-share-link av-social-link-mail' ><a  aria-label=\"Compartir por correo\" href='mailto:?subject=Directora%20de%20Arquitectura%20del%20MOP%3A%20%E2%80%9CConstrucci%C3%B3n%20de%20nuevo%20edificio%20de%20Aduanas%20en%20Ays%C3%A9n%20es%20una%20se%C3%B1al%20inicial%20de%20reactivaci%C3%B3n%E2%80%9D&#038;body=https:\/\/radiorevelacionfm.cl\/?p=27340' aria-hidden='false' data-av_icon='\ue805' data-av_iconfont='entypo-fontello' title='' data-avia-related-tooltip='Compartir por correo'><span class='avia_hidden_link_text'>Compartir por correo<\/span><\/a><\/li><\/ul><\/div><\/div>\n<div  style='height:50px' class='hr hr-invisible   avia-builder-el-8  el_after_av_social_share  el_before_av_comments_list '><span class='hr-inner ' ><span class='hr-inner-style'><\/span><\/span><\/div>\n<div  class='av-buildercomment  av-blog-meta-html-info-disabled av-blog-meta-tag-disabled  '><\/div>\n","protected":false},"excerpt":{"rendered":"","protected":false},"author":1,"featured_media":27341,"comment_status":"open","ping_status":"open","sticky":false,"template":"","format":"standard","meta":{"footnotes":""},"categories":[38],"tags":[],"class_list":["post-27340","post","type-post","status-publish","format-standard","has-post-thumbnail","hentry","category-regional"],"jetpack_featured_media_url":"https:\/\/radiorevelacionfm.cl\/wp-content\/uploads\/2023\/02\/WhatsApp-Image-2023-02-01-at-16.19.47-1-1.jpeg","_links":{"self":[{"href":"https:\/\/radiorevelacionfm.cl\/index.php?rest_route=\/wp\/v2\/posts\/27340","targetHints":{"allow":["GET"]}}],"collection":[{"href":"https:\/\/radiorevelacionfm.cl\/index.php?rest_route=\/wp\/v2\/posts"}],"about":[{"href":"https:\/\/radiorevelacionfm.cl\/index.php?rest_route=\/wp\/v2\/types\/post"}],"author":[{"embeddable":true,"href":"https:\/\/radiorevelacionfm.cl\/index.php?rest_route=\/wp\/v2\/users\/1"}],"replies":[{"embeddable":true,"href":"https:\/\/radiorevelacionfm.cl\/index.php?rest_route=%2Fwp%2Fv2%2Fcomments&post=27340"}],"version-history":[{"count":2,"href":"https:\/\/radiorevelacionfm.cl\/index.php?rest_route=\/wp\/v2\/posts\/27340\/revisions"}],"predecessor-version":[{"id":27345,"href":"https:\/\/radiorevelacionfm.cl\/index.php?rest_route=\/wp\/v2\/posts\/27340\/revisions\/27345"}],"wp:featuredmedia":[{"embeddable":true,"href":"https:\/\/radiorevelacionfm.cl\/index.php?rest_route=\/wp\/v2\/media\/27341"}],"wp:attachment":[{"href":"https:\/\/radiorevelacionfm.cl\/index.php?rest_route=%2Fwp%2Fv2%2Fmedia&parent=27340"}],"wp:term":[{"taxonomy":"category","embeddable":true,"href":"https:\/\/radiorevelacionfm.cl\/index.php?rest_route=%2Fwp%2Fv2%2Fcategories&post=27340"},{"taxonomy":"post_tag","embeddable":true,"href":"https:\/\/radiorevelacionfm.cl\/index.php?rest_route=%2Fwp%2Fv2%2Ftags&post=27340"}],"curies":[{"name":"wp","href":"https:\/\/api.w.org\/{rel}","templated":true}]}}