{"id":27336,"date":"2023-02-01T18:45:19","date_gmt":"2023-02-01T21:45:19","guid":{"rendered":"https:\/\/radiorevelacionfm.cl\/?p=27336"},"modified":"2023-02-01T19:55:03","modified_gmt":"2023-02-01T22:55:03","slug":"destacado-audiovisualita-realizara-master-clases-en-coyhaique","status":"publish","type":"post","link":"https:\/\/radiorevelacionfm.cl\/?p=27336","title":{"rendered":"Destacado audiovisualista realizar\u00e1 master clases en Coyhaique"},"content":{"rendered":"<div class=\"flex_column av_one_full  flex_column_div av-zero-column-padding first  avia-builder-el-0  el_before_av_one_full  avia-builder-el-first  \" style='border-radius:0px; '><div  class='avia-image-container  av-styling-    avia-builder-el-1  avia-builder-el-no-sibling  avia-align-center '  itemprop=\"image\" itemscope=\"itemscope\" itemtype=\"https:\/\/schema.org\/ImageObject\"  ><div class='avia-image-container-inner'><div class='avia-image-overlay-wrap'><img decoding=\"async\" class='wp-image-27337 avia-img-lazy-loading-not-27337 avia_image' src=\"https:\/\/radiorevelacionfm.cl\/wp-content\/uploads\/2023\/02\/foto-libre-derecho-1-1_optimized.jpg\" alt='' title='foto-libre-derecho-(1)-(1)_optimized' height=\"600\" width=\"903\"  itemprop=\"thumbnailUrl\" srcset=\"https:\/\/radiorevelacionfm.cl\/wp-content\/uploads\/2023\/02\/foto-libre-derecho-1-1_optimized.jpg 903w, https:\/\/radiorevelacionfm.cl\/wp-content\/uploads\/2023\/02\/foto-libre-derecho-1-1_optimized-300x199.jpg 300w, https:\/\/radiorevelacionfm.cl\/wp-content\/uploads\/2023\/02\/foto-libre-derecho-1-1_optimized-768x510.jpg 768w, https:\/\/radiorevelacionfm.cl\/wp-content\/uploads\/2023\/02\/foto-libre-derecho-1-1_optimized-705x468.jpg 705w, https:\/\/radiorevelacionfm.cl\/wp-content\/uploads\/2023\/02\/foto-libre-derecho-1-1_optimized-600x399.jpg 600w\" sizes=\"(max-width: 903px) 100vw, 903px\" \/><\/div><\/div><\/div><\/div>\n<div class=\"flex_column av_one_full  flex_column_div av-zero-column-padding first  avia-builder-el-2  el_after_av_one_full  el_before_av_one_full  column-top-margin\" style='border-radius:0px; '><section class=\"av_textblock_section \"  itemscope=\"itemscope\" itemtype=\"https:\/\/schema.org\/BlogPosting\" itemprop=\"blogPost\" ><div class='avia_textblock  '   itemprop=\"text\" ><p style=\"text-align: center;\"><strong><span style=\"font-size: 18pt;\">Destacado audiovisualista realizar\u00e1 master clases en Coyhaique<\/span><\/strong><\/p>\n<div id=\"gtx-trans\" style=\"position: absolute; left: -50px; top: 4.31534px;\">\n<div class=\"gtx-trans-icon\"><\/div>\n<\/div>\n<\/div><\/section><\/div><div class=\"flex_column av_one_full  flex_column_div av-zero-column-padding first  avia-builder-el-4  el_after_av_one_full  el_before_av_hr  column-top-margin\" style='border-radius:0px; '><section class=\"av_textblock_section \"  itemscope=\"itemscope\" itemtype=\"https:\/\/schema.org\/BlogPosting\" itemprop=\"blogPost\" ><div class='avia_textblock  '   itemprop=\"text\" ><p style=\"text-align: justify;\">Jorge Camilo Valenzuela ha realizado producciones difundidas en medios como Discovery Chanel, publicado en National Geographic en espa\u00f1ol y muchos medios escritos en Europa, Asia y Am\u00e9rica latina.<\/p>\n<p style=\"text-align: justify;\">A contar de febrero 2023 el audiovisualista Jorge Camilo Valenzuela estar\u00e1 desarrollando clases presenciales de video, cine, fotograf\u00eda y producci\u00f3n audiovisual en general.<\/p>\n<p style=\"text-align: justify;\">Las clases est\u00e1n separadas por m\u00f3dulos y pensadas en todo tipo de p\u00fablico. Desde peque\u00f1os empresarios que quieran por ejemplo aprender a levantar contenido para sus negocios, hasta quienes deseen explorar la producci\u00f3n de publicidad, cine o documental.<\/p>\n<p style=\"text-align: justify;\">Las clases ser\u00e1n dictadas por Jorge Camilo Valenzuela, fot\u00f3grafo y realizador audiovisual de rango internacional que ha llegado Chile y en particular a Ays\u00e9n a radicarse, ello tras realizar una larga carrera en pa\u00edses como Francia o Malasia.<\/p>\n<p style=\"text-align: justify;\">Valenzuela naci\u00f3 en Chile, se crio en Brasil y estudio cine en Francia, lugar en donde empez\u00f3 su carrera como t\u00e9cnico camar\u00f3grafo cubriendo principalmente actividades deportivas: Kayak, Tenis (Rolland Garos), Atletismo (Meeting de Francia) y dos juegos Ol\u00edmpicos (Atenas y Beijing).<\/p>\n<p style=\"text-align: justify;\">Dentro de su trayectoria destacan sus trabajos como fot\u00f3grafo y autor de libros con las editoriales Vilo (en franc\u00e9s) y National Geographic (en espa\u00f1ol), adem\u00e1s de numerosos art\u00edculos en revistas y diarios de idioma ingl\u00e9s, japon\u00e9s, malayo, franc\u00e9s y espa\u00f1ol, entre otros.<\/p>\n<p style=\"text-align: justify;\">Ha realizado spots, corto metrajes y documentales, en esta \u00e1rea particularmente destaca que gan\u00f3 dos premios por su \u00faltimo filme \u201cINTO THE WILD OF BORNEO\u201d en New York \u2013 Estados Unidos y Marbella \u2013 Espa\u00f1a.<\/p>\n<p style=\"text-align: justify;\">No pierdas esta oportunidad de formarte presencialmente con un verdadero profesional en el campo de las artes<br \/>\naudiovisuales y con equipo de cine profesional.<\/p>\n<p style=\"text-align: justify;\">Mas informaciones : www.natureofchileprod.com\/master-class-en-coyhaique\/<\/p>\n<\/div><\/section><\/div><div  style='height:50px' class='hr hr-invisible   avia-builder-el-6  el_after_av_one_full  el_before_av_social_share '><span class='hr-inner ' ><span class='hr-inner-style'><\/span><\/span><\/div><\/p>\n<div  class='av-social-sharing-box  avia-builder-el-7  el_after_av_hr  el_before_av_hr  '><div class='av-share-box'><h5 class='av-share-link-description av-no-toc '>Compartir esta noticia<\/h5><ul class='av-share-box-list noLightbox'><li class='av-share-link av-social-link-facebook' ><a target=\"_blank\" aria-label=\"Compartir en Facebook\" href='https:\/\/www.facebook.com\/sharer.php?u=https:\/\/radiorevelacionfm.cl\/?p=27336&#038;t=Destacado%20audiovisualista%20realizar%C3%A1%20master%20clases%20en%20Coyhaique' aria-hidden='false' data-av_icon='\ue8f3' data-av_iconfont='entypo-fontello' title='' data-avia-related-tooltip='Compartir en Facebook' rel=\"noopener\"><span class='avia_hidden_link_text'>Compartir en Facebook<\/span><\/a><\/li><li class='av-share-link av-social-link-twitter' ><a target=\"_blank\" aria-label=\"Compartir en Twitter\" href='https:\/\/twitter.com\/share?text=Destacado%20audiovisualista%20realizar%C3%A1%20master%20clases%20en%20Coyhaique&#038;url=https:\/\/radiorevelacionfm.cl\/?p=27336' aria-hidden='false' data-av_icon='\ue8f1' data-av_iconfont='entypo-fontello' title='' data-avia-related-tooltip='Compartir en Twitter' rel=\"noopener\"><span class='avia_hidden_link_text'>Compartir en Twitter<\/span><\/a><\/li><li class='av-share-link av-social-link-whatsapp' ><a target=\"_blank\" aria-label=\"Compartir en Whatsapp\" href='https:\/\/api.whatsapp.com\/send?text=https:\/\/radiorevelacionfm.cl\/?p=27336' aria-hidden='false' data-av_icon='\uf232' data-av_iconfont='entypo-fontello' title='' data-avia-related-tooltip='Compartir en Whatsapp' rel=\"noopener\"><span class='avia_hidden_link_text'>Compartir en Whatsapp<\/span><\/a><\/li><li class='av-share-link av-social-link-linkedin' ><a target=\"_blank\" aria-label=\"Compartir en LinkedIn\" href='https:\/\/linkedin.com\/shareArticle?mini=true&#038;title=Destacado%20audiovisualista%20realizar%C3%A1%20master%20clases%20en%20Coyhaique&#038;url=https:\/\/radiorevelacionfm.cl\/?p=27336' aria-hidden='false' data-av_icon='\ue8fc' data-av_iconfont='entypo-fontello' title='' data-avia-related-tooltip='Compartir en LinkedIn' rel=\"noopener\"><span class='avia_hidden_link_text'>Compartir en LinkedIn<\/span><\/a><\/li><li class='av-share-link av-social-link-mail' ><a  aria-label=\"Compartir por correo\" href='mailto:?subject=Destacado%20audiovisualista%20realizar%C3%A1%20master%20clases%20en%20Coyhaique&#038;body=https:\/\/radiorevelacionfm.cl\/?p=27336' aria-hidden='false' data-av_icon='\ue805' data-av_iconfont='entypo-fontello' title='' data-avia-related-tooltip='Compartir por correo'><span class='avia_hidden_link_text'>Compartir por correo<\/span><\/a><\/li><\/ul><\/div><\/div>\n<div  style='height:50px' class='hr hr-invisible   avia-builder-el-8  el_after_av_social_share  el_before_av_comments_list '><span class='hr-inner ' ><span class='hr-inner-style'><\/span><\/span><\/div>\n<div  class='av-buildercomment  av-blog-meta-html-info-disabled av-blog-meta-tag-disabled  '><\/div>\n","protected":false},"excerpt":{"rendered":"","protected":false},"author":1,"featured_media":27337,"comment_status":"open","ping_status":"open","sticky":false,"template":"","format":"standard","meta":{"footnotes":""},"categories":[38],"tags":[],"class_list":["post-27336","post","type-post","status-publish","format-standard","has-post-thumbnail","hentry","category-regional"],"jetpack_featured_media_url":"https:\/\/radiorevelacionfm.cl\/wp-content\/uploads\/2023\/02\/foto-libre-derecho-1-1_optimized.jpg","_links":{"self":[{"href":"https:\/\/radiorevelacionfm.cl\/index.php?rest_route=\/wp\/v2\/posts\/27336","targetHints":{"allow":["GET"]}}],"collection":[{"href":"https:\/\/radiorevelacionfm.cl\/index.php?rest_route=\/wp\/v2\/posts"}],"about":[{"href":"https:\/\/radiorevelacionfm.cl\/index.php?rest_route=\/wp\/v2\/types\/post"}],"author":[{"embeddable":true,"href":"https:\/\/radiorevelacionfm.cl\/index.php?rest_route=\/wp\/v2\/users\/1"}],"replies":[{"embeddable":true,"href":"https:\/\/radiorevelacionfm.cl\/index.php?rest_route=%2Fwp%2Fv2%2Fcomments&post=27336"}],"version-history":[{"count":3,"href":"https:\/\/radiorevelacionfm.cl\/index.php?rest_route=\/wp\/v2\/posts\/27336\/revisions"}],"predecessor-version":[{"id":27344,"href":"https:\/\/radiorevelacionfm.cl\/index.php?rest_route=\/wp\/v2\/posts\/27336\/revisions\/27344"}],"wp:featuredmedia":[{"embeddable":true,"href":"https:\/\/radiorevelacionfm.cl\/index.php?rest_route=\/wp\/v2\/media\/27337"}],"wp:attachment":[{"href":"https:\/\/radiorevelacionfm.cl\/index.php?rest_route=%2Fwp%2Fv2%2Fmedia&parent=27336"}],"wp:term":[{"taxonomy":"category","embeddable":true,"href":"https:\/\/radiorevelacionfm.cl\/index.php?rest_route=%2Fwp%2Fv2%2Fcategories&post=27336"},{"taxonomy":"post_tag","embeddable":true,"href":"https:\/\/radiorevelacionfm.cl\/index.php?rest_route=%2Fwp%2Fv2%2Ftags&post=27336"}],"curies":[{"name":"wp","href":"https:\/\/api.w.org\/{rel}","templated":true}]}}