{"id":27331,"date":"2023-02-01T17:56:38","date_gmt":"2023-02-01T20:56:38","guid":{"rendered":"https:\/\/radiorevelacionfm.cl\/?p=27331"},"modified":"2023-02-01T17:56:38","modified_gmt":"2023-02-01T20:56:38","slug":"programa-de-desarrollo-silvicola-de-infor-apoya-a-productores-de-comunas-mas-australes-de-aysen","status":"publish","type":"post","link":"https:\/\/radiorevelacionfm.cl\/?p=27331","title":{"rendered":"Programa de desarrollo silv\u00edcola de INFOR apoya a productores de comunas m\u00e1s australes de Ays\u00e9n"},"content":{"rendered":"<div class=\"flex_column av_one_full  flex_column_div av-zero-column-padding first  avia-builder-el-0  el_before_av_one_full  avia-builder-el-first  \" style='border-radius:0px; '><div  class='avia-image-container  av-styling-    avia-builder-el-1  avia-builder-el-no-sibling  avia-align-center '  itemprop=\"image\" itemscope=\"itemscope\" itemtype=\"https:\/\/schema.org\/ImageObject\"  ><div class='avia-image-container-inner'><div class='avia-image-overlay-wrap'><img decoding=\"async\" class='wp-image-27333 avia-img-lazy-loading-not-27333 avia_image' src=\"https:\/\/radiorevelacionfm.cl\/wp-content\/uploads\/2023\/02\/traslado-maquinaria-05-1-1_optimized-1.jpg\" alt='' title='traslado-maquinaria-05-(1)-(1)_optimized (1)' height=\"600\" width=\"1067\"  itemprop=\"thumbnailUrl\" srcset=\"https:\/\/radiorevelacionfm.cl\/wp-content\/uploads\/2023\/02\/traslado-maquinaria-05-1-1_optimized-1.jpg 1067w, https:\/\/radiorevelacionfm.cl\/wp-content\/uploads\/2023\/02\/traslado-maquinaria-05-1-1_optimized-1-300x169.jpg 300w, https:\/\/radiorevelacionfm.cl\/wp-content\/uploads\/2023\/02\/traslado-maquinaria-05-1-1_optimized-1-1030x579.jpg 1030w, https:\/\/radiorevelacionfm.cl\/wp-content\/uploads\/2023\/02\/traslado-maquinaria-05-1-1_optimized-1-768x432.jpg 768w, https:\/\/radiorevelacionfm.cl\/wp-content\/uploads\/2023\/02\/traslado-maquinaria-05-1-1_optimized-1-705x396.jpg 705w, https:\/\/radiorevelacionfm.cl\/wp-content\/uploads\/2023\/02\/traslado-maquinaria-05-1-1_optimized-1-600x337.jpg 600w\" sizes=\"(max-width: 1067px) 100vw, 1067px\" \/><\/div><\/div><\/div><\/div><div class=\"flex_column av_one_full  flex_column_div av-zero-column-padding first  avia-builder-el-2  el_after_av_one_full  el_before_av_one_full  column-top-margin\" style='border-radius:0px; '><section class=\"av_textblock_section \"  itemscope=\"itemscope\" itemtype=\"https:\/\/schema.org\/BlogPosting\" itemprop=\"blogPost\" ><div class='avia_textblock  '   itemprop=\"text\" ><p style=\"text-align: center;\"><strong><span style=\"font-size: 18pt;\">Programa de desarrollo silv\u00edcola de INFOR apoya a productores de comunas m\u00e1s australes de Ays\u00e9n<\/span><\/strong><\/p>\n<div id=\"gtx-trans\" style=\"position: absolute; left: -50px; top: 4.31534px;\">\n<div class=\"gtx-trans-icon\"><\/div>\n<\/div>\n<\/div><\/section><\/div><div class=\"flex_column av_one_full  flex_column_div av-zero-column-padding first  avia-builder-el-4  el_after_av_one_full  el_before_av_hr  column-top-margin\" style='border-radius:0px; '><section class=\"av_textblock_section \"  itemscope=\"itemscope\" itemtype=\"https:\/\/schema.org\/BlogPosting\" itemprop=\"blogPost\" ><div class='avia_textblock  '   itemprop=\"text\" ><p style=\"text-align: justify;\">En el marco del Programa \u201cTransferencia desarrollo productivo para el sector silv\u00edcola de la Provincia de Capit\u00e1n Prat\u201d, ejecutado por el Instituto Forestal (INFOR) -organismo adscrito al Ministerio de Agricultura- mediante su sede Patagonia, 40 beneficiarios de las comunas de O\u00b4Higgins, Cochrane y Tortel, que corresponden a productores del territorio, han recibido capacitaci\u00f3n, transferencia tecnol\u00f3gica y apoyo t\u00e9cnico en el rubro, con la finalidad de mejorar su calidad de vida y productividad de sus negocios.<\/p>\n<p style=\"text-align: justify;\">El gerente de INFOR Patagonia, Jaime Salinas, explic\u00f3 que este programa \u00abnace a ra\u00edz del gran potencial forestal de la Provincia de Capit\u00e1n Prat, el cual se encontraba con un bajo nivel productivo y tecnol\u00f3gico, afectando directamente al desarrollo econ\u00f3mico y social de los productores silv\u00edcolas de la provincia\u201d.<\/p>\n<p style=\"text-align: justify;\">\u201cActualmente \u2013 puntualiz\u00f3- nos encontramos en la mitad de la ejecuci\u00f3n del programa, trabajando con los productores, coordin\u00e1ndonos con instituciones involucradas en proceso productivo, hemos incorporado maquinaria en el territorio y esperamos prontamente terminar la instalaci\u00f3n de tres centros de acopio y elaboraci\u00f3n, uno en cada comuna de la Provincia de Capit\u00e1n Prat\u00bb, se\u00f1al\u00f3.<\/p>\n<p style=\"text-align: justify;\"><strong>Maquinaria y capacitaci\u00f3n.<\/strong><\/p>\n<p style=\"text-align: justify;\">En ese contexto, el equipo del Programa Silv\u00edcola que ejecuta INFOR Patagonia lleg\u00f3 hasta el Lago Christie, en la comuna de O\u00b4Higgins, para retirar la maquinaria que estuvo a cargo de dos productores del sector durante los \u00faltimos meses, traves\u00eda que es posible realizar tras un largo recorrido que incluye el traslado en lancha.<\/p>\n<p style=\"text-align: justify;\">Se trata de Jovan Campos y Oreste Mancilla, productores de le\u00f1a y pobladores, quienes durante un periodo tuvieron en sus campos una m\u00e1quina partidora con la que optimizaron la producci\u00f3n de le\u00f1a y que ahora pasar\u00e1 en comodato a otro productor.<\/p>\n<p style=\"text-align: justify;\">\u00abVenimos trabajando alrededor de cuatro a\u00f1os con la entrega de conocimientos por parte de INFOR, en varios talleres recibiendo conocimientos y, obviamente, tecnolog\u00eda con la maquinaria prestada para el proceso de le\u00f1a. Estos programas sirven mucho para estas comunidades aisladas, ojal\u00e1 que no se pierdan\u00bb, indic\u00f3 Campos.<\/p>\n<p style=\"text-align: justify;\">En tanto Mancilla valor\u00f3 la instancia, manifestando que \u00abme han entregado mucha sabidur\u00eda, con los viajes, cuando sal\u00ed a ver los aserraderos, aprend\u00ed bastante de esto, buena experiencia\u00bb.<\/p>\n<p style=\"text-align: justify;\">Cabe recordar que el programa \u201cTransferencia desarrollo productivo para el sector silv\u00edcola de la Provincia de Capit\u00e1n Prat\u201d, cuenta con el financiamiento del Fondo Nacional de Desarrollo Regional del Gobierno Regional y su Consejo, y es fruto de un trabajo conjunto de las instituciones que componen la Serem\u00eda de Agricultura de Ays\u00e9n. En este sentido, el Seremi Alan Espinoza, enfatiz\u00f3 que \u00abel desarrollo forestal y el fortalecimiento de la agricultura familiar campesina son los lineamientos que estamos impulsando desde nuestro Ministerio. En este sentido queremos resaltar el trabajo que realiza INFOR a trav\u00e9s de este programa en la Provincia Capit\u00e1n Prat, para apoyar a 40 productores silv\u00edcolas, realizando transferencia tecnol\u00f3gica para producir de forma sustentable en una zona de nuestra regi\u00f3n que requiere el desarrollo productivo con esta impronta\u201d.<\/p>\n<p style=\"text-align: justify;\">Las nueve maquinarias que dispone el programa, son rotadas entre los beneficiarios de las tres comunas australes de la Regi\u00f3n de Ays\u00e9n, que dependiendo de sus requerimientos, nivel y tipo de producci\u00f3n mantienen en sus faenas por un tiempo, el cual se eval\u00faa caso a caso en conjunto con los productores. En los siguientes 18 meses de ejecuci\u00f3n de la iniciativa se espera continuar con las capacitaciones, la implementaci\u00f3n de los centros de acopio en coordinaci\u00f3n con los municipios, CONAF e INDAP, adem\u00e1s de la realizaci\u00f3n de una gira tecnol\u00f3gica con los productores silv\u00edcolas beneficiarios.<\/p>\n<\/div><\/section><\/div><div  style='height:50px' class='hr hr-invisible   avia-builder-el-6  el_after_av_one_full  el_before_av_social_share '><span class='hr-inner ' ><span class='hr-inner-style'><\/span><\/span><\/div><\/p>\n<div  class='av-social-sharing-box  avia-builder-el-7  el_after_av_hr  el_before_av_hr  '><div class='av-share-box'><h5 class='av-share-link-description av-no-toc '>Compartir esta noticia<\/h5><ul class='av-share-box-list noLightbox'><li class='av-share-link av-social-link-facebook' ><a target=\"_blank\" aria-label=\"Compartir en Facebook\" href='https:\/\/www.facebook.com\/sharer.php?u=https:\/\/radiorevelacionfm.cl\/?p=27331&#038;t=Programa%20de%20desarrollo%20silv%C3%ADcola%20de%20INFOR%20apoya%20a%20productores%20de%20comunas%20m%C3%A1s%20australes%20de%20Ays%C3%A9n' aria-hidden='false' data-av_icon='\ue8f3' data-av_iconfont='entypo-fontello' title='' data-avia-related-tooltip='Compartir en Facebook' rel=\"noopener\"><span class='avia_hidden_link_text'>Compartir en Facebook<\/span><\/a><\/li><li class='av-share-link av-social-link-twitter' ><a target=\"_blank\" aria-label=\"Compartir en Twitter\" href='https:\/\/twitter.com\/share?text=Programa%20de%20desarrollo%20silv%C3%ADcola%20de%20INFOR%20apoya%20a%20productores%20de%20comunas%20m%C3%A1s%20australes%20de%20Ays%C3%A9n&#038;url=https:\/\/radiorevelacionfm.cl\/?p=27331' aria-hidden='false' data-av_icon='\ue8f1' data-av_iconfont='entypo-fontello' title='' data-avia-related-tooltip='Compartir en Twitter' rel=\"noopener\"><span class='avia_hidden_link_text'>Compartir en Twitter<\/span><\/a><\/li><li class='av-share-link av-social-link-whatsapp' ><a target=\"_blank\" aria-label=\"Compartir en Whatsapp\" href='https:\/\/api.whatsapp.com\/send?text=https:\/\/radiorevelacionfm.cl\/?p=27331' aria-hidden='false' data-av_icon='\uf232' data-av_iconfont='entypo-fontello' title='' data-avia-related-tooltip='Compartir en Whatsapp' rel=\"noopener\"><span class='avia_hidden_link_text'>Compartir en Whatsapp<\/span><\/a><\/li><li class='av-share-link av-social-link-linkedin' ><a target=\"_blank\" aria-label=\"Compartir en LinkedIn\" href='https:\/\/linkedin.com\/shareArticle?mini=true&#038;title=Programa%20de%20desarrollo%20silv%C3%ADcola%20de%20INFOR%20apoya%20a%20productores%20de%20comunas%20m%C3%A1s%20australes%20de%20Ays%C3%A9n&#038;url=https:\/\/radiorevelacionfm.cl\/?p=27331' aria-hidden='false' data-av_icon='\ue8fc' data-av_iconfont='entypo-fontello' title='' data-avia-related-tooltip='Compartir en LinkedIn' rel=\"noopener\"><span class='avia_hidden_link_text'>Compartir en LinkedIn<\/span><\/a><\/li><li class='av-share-link av-social-link-mail' ><a  aria-label=\"Compartir por correo\" href='mailto:?subject=Programa%20de%20desarrollo%20silv%C3%ADcola%20de%20INFOR%20apoya%20a%20productores%20de%20comunas%20m%C3%A1s%20australes%20de%20Ays%C3%A9n&#038;body=https:\/\/radiorevelacionfm.cl\/?p=27331' aria-hidden='false' data-av_icon='\ue805' data-av_iconfont='entypo-fontello' title='' data-avia-related-tooltip='Compartir por correo'><span class='avia_hidden_link_text'>Compartir por correo<\/span><\/a><\/li><\/ul><\/div><\/div>\n<div  style='height:50px' class='hr hr-invisible   avia-builder-el-8  el_after_av_social_share  el_before_av_comments_list '><span class='hr-inner ' ><span class='hr-inner-style'><\/span><\/span><\/div>\n<div  class='av-buildercomment  av-blog-meta-html-info-disabled av-blog-meta-tag-disabled  '><\/div>\n","protected":false},"excerpt":{"rendered":"","protected":false},"author":1,"featured_media":27333,"comment_status":"open","ping_status":"open","sticky":false,"template":"","format":"standard","meta":{"footnotes":""},"categories":[38],"tags":[],"class_list":["post-27331","post","type-post","status-publish","format-standard","has-post-thumbnail","hentry","category-regional"],"jetpack_featured_media_url":"https:\/\/radiorevelacionfm.cl\/wp-content\/uploads\/2023\/02\/traslado-maquinaria-05-1-1_optimized-1.jpg","_links":{"self":[{"href":"https:\/\/radiorevelacionfm.cl\/index.php?rest_route=\/wp\/v2\/posts\/27331","targetHints":{"allow":["GET"]}}],"collection":[{"href":"https:\/\/radiorevelacionfm.cl\/index.php?rest_route=\/wp\/v2\/posts"}],"about":[{"href":"https:\/\/radiorevelacionfm.cl\/index.php?rest_route=\/wp\/v2\/types\/post"}],"author":[{"embeddable":true,"href":"https:\/\/radiorevelacionfm.cl\/index.php?rest_route=\/wp\/v2\/users\/1"}],"replies":[{"embeddable":true,"href":"https:\/\/radiorevelacionfm.cl\/index.php?rest_route=%2Fwp%2Fv2%2Fcomments&post=27331"}],"version-history":[{"count":2,"href":"https:\/\/radiorevelacionfm.cl\/index.php?rest_route=\/wp\/v2\/posts\/27331\/revisions"}],"predecessor-version":[{"id":27335,"href":"https:\/\/radiorevelacionfm.cl\/index.php?rest_route=\/wp\/v2\/posts\/27331\/revisions\/27335"}],"wp:featuredmedia":[{"embeddable":true,"href":"https:\/\/radiorevelacionfm.cl\/index.php?rest_route=\/wp\/v2\/media\/27333"}],"wp:attachment":[{"href":"https:\/\/radiorevelacionfm.cl\/index.php?rest_route=%2Fwp%2Fv2%2Fmedia&parent=27331"}],"wp:term":[{"taxonomy":"category","embeddable":true,"href":"https:\/\/radiorevelacionfm.cl\/index.php?rest_route=%2Fwp%2Fv2%2Fcategories&post=27331"},{"taxonomy":"post_tag","embeddable":true,"href":"https:\/\/radiorevelacionfm.cl\/index.php?rest_route=%2Fwp%2Fv2%2Ftags&post=27331"}],"curies":[{"name":"wp","href":"https:\/\/api.w.org\/{rel}","templated":true}]}}