{"id":2733,"date":"2021-02-17T18:01:42","date_gmt":"2021-02-17T21:01:42","guid":{"rendered":"https:\/\/radiorevelacionfm.cl\/?p=2733"},"modified":"2021-02-17T18:01:42","modified_gmt":"2021-02-17T21:01:42","slug":"alcalde-de-guaitecas-se-reune-con-jovenes-de-la-isla-que-seguiran-estudios-superiores","status":"publish","type":"post","link":"https:\/\/radiorevelacionfm.cl\/?p=2733","title":{"rendered":"Alcalde de Guaitecas se re\u00fane con j\u00f3venes de la isla que seguir\u00e1n estudios superiores"},"content":{"rendered":"<div class=\"flex_column av_one_full  flex_column_div av-zero-column-padding first  avia-builder-el-0  el_before_av_one_full  avia-builder-el-first  \" style='border-radius:0px; '><div  class='avia-image-container  av-styling-    avia-builder-el-1  avia-builder-el-no-sibling  avia-align-center '  itemprop=\"image\" itemscope=\"itemscope\" itemtype=\"https:\/\/schema.org\/ImageObject\"  ><div class='avia-image-container-inner'><div class='avia-image-overlay-wrap'><img decoding=\"async\" class='wp-image-0 avia-img-lazy-loading-not-0 avia_image' src=\"https:\/\/radiorevelacionfm.cl\/wp-content\/uploads\/2021\/02\/reunion-alcalde-y-jovenes-1.jpg\" alt='' title=''   itemprop=\"thumbnailUrl\"  \/><\/div><\/div><\/div><\/div><div class=\"flex_column av_one_full  flex_column_div av-zero-column-padding first  avia-builder-el-2  el_after_av_one_full  el_before_av_one_full  column-top-margin\" style='border-radius:0px; '><section class=\"av_textblock_section \"  itemscope=\"itemscope\" itemtype=\"https:\/\/schema.org\/BlogPosting\" itemprop=\"blogPost\" ><div class='avia_textblock  '   itemprop=\"text\" ><p style=\"text-align: center;\"><span style=\"font-size: 18pt;\"><strong>Alcalde de Guaitecas se re\u00fane con j\u00f3venes de la isla que seguir\u00e1n estudios superiores <\/strong><\/span><\/p>\n<div id=\"gtx-trans\" style=\"position: absolute; left: -50px; top: 4.31534px;\">\n<div class=\"gtx-trans-icon\"><\/div>\n<\/div>\n<\/div><\/section><\/div><div class=\"flex_column av_one_full  flex_column_div av-zero-column-padding first  avia-builder-el-4  el_after_av_one_full  el_before_av_hr  column-top-margin\" style='border-radius:0px; '><section class=\"av_textblock_section \"  itemscope=\"itemscope\" itemtype=\"https:\/\/schema.org\/BlogPosting\" itemprop=\"blogPost\" ><div class='avia_textblock  '   itemprop=\"text\" ><p style=\"text-align: justify;\">El Alcalde de la comuna, Marcos Silva Miranda, se reuni\u00f3 con los j\u00f3venes estudiantes egresados de cuarto a\u00f1o medio, quienes rindieron la Prueba de Transici\u00f3n Universitaria. En torno a un desayuno conversaron sobre sus proyecciones, aspiraciones y como visualizan su comuna a futuro.<\/p>\n<p style=\"text-align: justify;\">\u201cSiempre es grato poder incorporar dentro de una conversaci\u00f3n entre la primera autoridad comunal y esta generaci\u00f3n que termina su educaci\u00f3n media en la comuna de las Guaitecas. Hoy ellos ya dieron un paso importante al terminar sus cuartos medios y por supuesto que les queda toda una aventura de poder entrar a los institutos, universidades, que hoy en d\u00eda les permita concretar sus sue\u00f1os y objetivos que est\u00e1n buscando. Que mejor que conocer esas idea a trav\u00e9s de un desayuno, de un caf\u00e9, escuchando sus propuestas, sus ideas, sus necesidades, que hoy ellos pudiesen contarnos\u201d.<\/p>\n<p style=\"text-align: justify;\">El Alcalde Marcos Silva, mantiene la convicci\u00f3n de que los j\u00f3venes con sus capacidades, con las ganas de luchar y salir adelante, llegar\u00e1n muy lejos y de seguro se transformaran en las futuras autoridades y profesionales orgullosos de ser de Guaitecas.<\/p>\n<p style=\"text-align: justify;\">\u201cLos j\u00f3venes son nuestras futuras generaciones que en alg\u00fan minuto terminaran haci\u00e9ndose cargo de la administraci\u00f3n de esta isla, de esta comuna, de alg\u00fan servicio en particular, hay tantas \u00e1reas en las que estos j\u00f3venes al llegar a ser profesionales lo pueden realizar. Por eso, siempre es bueno conversar con ellos, saber lo que necesitan, para que el d\u00eda de ma\u00f1ana les quede en la retina, en la memoria, el a\u00f1o 2021 en \u00e9poca de pandemia, fuimos 11 o 14 compa\u00f1eros que term\u00ednanos nuestro cuarto medio y salimos a buscar nuevos horizontes fuera de la comuna. Creo que eso es tambi\u00e9n lo importante de las autoridades comunales, que puedan reconocer y conversar con su gente\u201d.<\/p>\n<p style=\"text-align: justify;\">El Alcalde de Guaitecas, felicit\u00f3 a los y las j\u00f3venes que decidieron pensar en su futuro e ingresar a la educaci\u00f3n superior, ya que, muchos vecinos, entre los que se cuenta, a\u00f1os atr\u00e1s no tuvieron la misma posibilidad de seguir estudios, porque deb\u00edan salir a trabajar para aportar en sus hogares. Hoy las oportunidades y la visi\u00f3n de futuro es muy distinta, por eso, los impuls\u00f3 a creer en ellos y salir adelante.<\/p>\n<p style=\"text-align: justify;\">En la reuni\u00f3n con los j\u00f3venes el Alcalde Marcos Silva, comprometi\u00f3 un importante apoyo para quienes se matriculen y den continuidad de estudios durante el 2021.<\/p>\n<\/div><\/section><\/div><div  style='height:50px' class='hr hr-invisible   avia-builder-el-6  el_after_av_one_full  el_before_av_social_share '><span class='hr-inner ' ><span class='hr-inner-style'><\/span><\/span><\/div><\/p>\n<div  class='av-social-sharing-box  avia-builder-el-7  el_after_av_hr  el_before_av_hr  '><div class='av-share-box'><h5 class='av-share-link-description av-no-toc '>Compartir esta noticia<\/h5><ul class='av-share-box-list noLightbox'><li class='av-share-link av-social-link-facebook' ><a target=\"_blank\" aria-label=\"Compartir en Facebook\" href='https:\/\/www.facebook.com\/sharer.php?u=https:\/\/radiorevelacionfm.cl\/?p=2733&#038;t=Alcalde%20de%20Guaitecas%20se%20re%C3%BAne%20con%20j%C3%B3venes%20de%20la%20isla%20que%20seguir%C3%A1n%20estudios%20superiores' aria-hidden='false' data-av_icon='\ue8f3' data-av_iconfont='entypo-fontello' title='' data-avia-related-tooltip='Compartir en Facebook' rel=\"noopener\"><span class='avia_hidden_link_text'>Compartir en Facebook<\/span><\/a><\/li><li class='av-share-link av-social-link-twitter' ><a target=\"_blank\" aria-label=\"Compartir en Twitter\" href='https:\/\/twitter.com\/share?text=Alcalde%20de%20Guaitecas%20se%20re%C3%BAne%20con%20j%C3%B3venes%20de%20la%20isla%20que%20seguir%C3%A1n%20estudios%20superiores&#038;url=https:\/\/radiorevelacionfm.cl\/?p=2733' aria-hidden='false' data-av_icon='\ue8f1' data-av_iconfont='entypo-fontello' title='' data-avia-related-tooltip='Compartir en Twitter' rel=\"noopener\"><span class='avia_hidden_link_text'>Compartir en Twitter<\/span><\/a><\/li><li class='av-share-link av-social-link-whatsapp' ><a target=\"_blank\" aria-label=\"Compartir en Whatsapp\" href='https:\/\/api.whatsapp.com\/send?text=https:\/\/radiorevelacionfm.cl\/?p=2733' aria-hidden='false' data-av_icon='\uf232' data-av_iconfont='entypo-fontello' title='' data-avia-related-tooltip='Compartir en Whatsapp' rel=\"noopener\"><span class='avia_hidden_link_text'>Compartir en Whatsapp<\/span><\/a><\/li><li class='av-share-link av-social-link-linkedin' ><a target=\"_blank\" aria-label=\"Compartir en LinkedIn\" href='https:\/\/linkedin.com\/shareArticle?mini=true&#038;title=Alcalde%20de%20Guaitecas%20se%20re%C3%BAne%20con%20j%C3%B3venes%20de%20la%20isla%20que%20seguir%C3%A1n%20estudios%20superiores&#038;url=https:\/\/radiorevelacionfm.cl\/?p=2733' aria-hidden='false' data-av_icon='\ue8fc' data-av_iconfont='entypo-fontello' title='' data-avia-related-tooltip='Compartir en LinkedIn' rel=\"noopener\"><span class='avia_hidden_link_text'>Compartir en LinkedIn<\/span><\/a><\/li><li class='av-share-link av-social-link-mail' ><a  aria-label=\"Compartir por correo\" href='mailto:?subject=Alcalde%20de%20Guaitecas%20se%20re%C3%BAne%20con%20j%C3%B3venes%20de%20la%20isla%20que%20seguir%C3%A1n%20estudios%20superiores&#038;body=https:\/\/radiorevelacionfm.cl\/?p=2733' aria-hidden='false' data-av_icon='\ue805' data-av_iconfont='entypo-fontello' title='' data-avia-related-tooltip='Compartir por correo'><span class='avia_hidden_link_text'>Compartir por correo<\/span><\/a><\/li><\/ul><\/div><\/div>\n<div  style='height:50px' class='hr hr-invisible   avia-builder-el-8  el_after_av_social_share  el_before_av_comments_list '><span class='hr-inner ' ><span class='hr-inner-style'><\/span><\/span><\/div>\n<div  class='av-buildercomment  av-blog-meta-html-info-disabled av-blog-meta-tag-disabled  '><\/div>\n","protected":false},"excerpt":{"rendered":"","protected":false},"author":1,"featured_media":0,"comment_status":"open","ping_status":"open","sticky":false,"template":"","format":"standard","meta":{"footnotes":""},"categories":[49],"tags":[],"class_list":["post-2733","post","type-post","status-publish","format-standard","hentry","category-educacion"],"jetpack_featured_media_url":"","_links":{"self":[{"href":"https:\/\/radiorevelacionfm.cl\/index.php?rest_route=\/wp\/v2\/posts\/2733","targetHints":{"allow":["GET"]}}],"collection":[{"href":"https:\/\/radiorevelacionfm.cl\/index.php?rest_route=\/wp\/v2\/posts"}],"about":[{"href":"https:\/\/radiorevelacionfm.cl\/index.php?rest_route=\/wp\/v2\/types\/post"}],"author":[{"embeddable":true,"href":"https:\/\/radiorevelacionfm.cl\/index.php?rest_route=\/wp\/v2\/users\/1"}],"replies":[{"embeddable":true,"href":"https:\/\/radiorevelacionfm.cl\/index.php?rest_route=%2Fwp%2Fv2%2Fcomments&post=2733"}],"version-history":[{"count":1,"href":"https:\/\/radiorevelacionfm.cl\/index.php?rest_route=\/wp\/v2\/posts\/2733\/revisions"}],"predecessor-version":[{"id":2736,"href":"https:\/\/radiorevelacionfm.cl\/index.php?rest_route=\/wp\/v2\/posts\/2733\/revisions\/2736"}],"wp:attachment":[{"href":"https:\/\/radiorevelacionfm.cl\/index.php?rest_route=%2Fwp%2Fv2%2Fmedia&parent=2733"}],"wp:term":[{"taxonomy":"category","embeddable":true,"href":"https:\/\/radiorevelacionfm.cl\/index.php?rest_route=%2Fwp%2Fv2%2Fcategories&post=2733"},{"taxonomy":"post_tag","embeddable":true,"href":"https:\/\/radiorevelacionfm.cl\/index.php?rest_route=%2Fwp%2Fv2%2Ftags&post=2733"}],"curies":[{"name":"wp","href":"https:\/\/api.w.org\/{rel}","templated":true}]}}