{"id":27327,"date":"2023-02-01T17:13:29","date_gmt":"2023-02-01T20:13:29","guid":{"rendered":"https:\/\/radiorevelacionfm.cl\/?p=27327"},"modified":"2023-02-01T17:13:29","modified_gmt":"2023-02-01T20:13:29","slug":"adaptarse-es-la-consigna-expertos-coinciden-en-que-frente-a-la-crisis-climatica-aysen-debe-priorizar-la-resiliencia","status":"publish","type":"post","link":"https:\/\/radiorevelacionfm.cl\/?p=27327","title":{"rendered":"Adaptarse es la consigna: Expertos coinciden en que frente a la crisis clim\u00e1tica Ays\u00e9n debe priorizar la resiliencia"},"content":{"rendered":"<div class=\"flex_column av_one_full  flex_column_div av-zero-column-padding first  avia-builder-el-0  el_before_av_one_full  avia-builder-el-first  \" style='border-radius:0px; '><div  class='avia-image-container  av-styling-    avia-builder-el-1  avia-builder-el-no-sibling  avia-align-center '  itemprop=\"image\" itemscope=\"itemscope\" itemtype=\"https:\/\/schema.org\/ImageObject\"  ><div class='avia-image-container-inner'><div class='avia-image-overlay-wrap'><img decoding=\"async\" class='wp-image-27328 avia-img-lazy-loading-not-27328 avia_image' src=\"https:\/\/radiorevelacionfm.cl\/wp-content\/uploads\/2023\/02\/20230126_180522-Baja-1-1-1.jpg\" alt='' title='20230126_180522-Baja (1) (1) (1)' height=\"600\" width=\"851\"  itemprop=\"thumbnailUrl\" srcset=\"https:\/\/radiorevelacionfm.cl\/wp-content\/uploads\/2023\/02\/20230126_180522-Baja-1-1-1.jpg 851w, https:\/\/radiorevelacionfm.cl\/wp-content\/uploads\/2023\/02\/20230126_180522-Baja-1-1-1-300x212.jpg 300w, https:\/\/radiorevelacionfm.cl\/wp-content\/uploads\/2023\/02\/20230126_180522-Baja-1-1-1-768x541.jpg 768w, https:\/\/radiorevelacionfm.cl\/wp-content\/uploads\/2023\/02\/20230126_180522-Baja-1-1-1-705x497.jpg 705w, https:\/\/radiorevelacionfm.cl\/wp-content\/uploads\/2023\/02\/20230126_180522-Baja-1-1-1-600x423.jpg 600w\" sizes=\"(max-width: 851px) 100vw, 851px\" \/><\/div><\/div><\/div><\/div><div class=\"flex_column av_one_full  flex_column_div av-zero-column-padding first  avia-builder-el-2  el_after_av_one_full  el_before_av_one_full  column-top-margin\" style='border-radius:0px; '><section class=\"av_textblock_section \"  itemscope=\"itemscope\" itemtype=\"https:\/\/schema.org\/BlogPosting\" itemprop=\"blogPost\" ><div class='avia_textblock  '   itemprop=\"text\" ><p style=\"text-align: center;\"><strong><span style=\"font-size: 18pt;\">Adaptarse es la consigna: Expertos coinciden en que frente a la crisis clim\u00e1tica Ays\u00e9n debe priorizar la resiliencia<\/span><\/strong><\/p>\n<div id=\"gtx-trans\" style=\"position: absolute; left: -50px; top: 4.31534px;\">\n<div class=\"gtx-trans-icon\"><\/div>\n<\/div>\n<\/div><\/section><\/div><div class=\"flex_column av_one_full  flex_column_div av-zero-column-padding first  avia-builder-el-4  el_after_av_one_full  el_before_av_hr  column-top-margin\" style='border-radius:0px; '><section class=\"av_textblock_section \"  itemscope=\"itemscope\" itemtype=\"https:\/\/schema.org\/BlogPosting\" itemprop=\"blogPost\" ><div class='avia_textblock  '   itemprop=\"text\" ><p class=\"v1MsoNormal\" style=\"text-align: justify;\"><span lang=\"ES\">Acad<\/span><span lang=\"X-NONE\">\u00e9micos e investigadores, profesionales de organismos del Estado y municipios, adem\u00e1s de dirigentes de organizaciones sociales y ambientales, m\u00e1s ciudadanos interesados, participaron en la reciente realizaci\u00f3n del<span class=\"v1gmail-Apple-converted-space\">\u00a0<\/span><\/span><span lang=\"ES\">Conversatorio \u00abCrisis Clim\u00e1tica en Ays\u00e9n: Desaf\u00edos y Propuestas\u00bb<\/span><span lang=\"ES\"><span class=\"v1gmail-Apple-converted-space\">\u00a0<\/span>que cont<\/span><span lang=\"X-NONE\">\u00f3 con panelistas de<span class=\"v1gmail-Apple-converted-space\">\u00a0<\/span><\/span><span lang=\"ES\">la academia, la sociedad civil ambiental y el sector p<\/span><span lang=\"X-NONE\">\u00fablico<\/span><span lang=\"ES\">.\u00a0<span class=\"v1gmail-Apple-converted-space\">\u00a0<\/span>Durante la jornada del 26 de enero, organizada en el D<\/span><span lang=\"X-NONE\">\u00eda Mundial de la Educaci\u00f3n Ambiental<span class=\"v1gmail-Apple-converted-space\">\u00a0<\/span><\/span><span lang=\"ES\">entre Chile Sustentable, la Corporaci\u00f3n Privada para el Desarrollo de Ays\u00e9n (Codesa) y la Agrupaci\u00f3n Ays\u00e9n Reserva de Vida, se lanz<\/span><span lang=\"X-NONE\">\u00f3 el<span class=\"v1gmail-Apple-converted-space\">\u00a0<\/span><\/span><span lang=\"ES\">video y documento<span class=\"v1gmail-Apple-converted-space\">\u00a0<\/span>\u00abCrisis Clim\u00e1tica en Ays\u00e9n: Desaf\u00edos y Propuestas desde la Ciudadan\u00eda y la Academia\u00bb, material elaborado en el marco del convenio de colaboraci\u00f3n vigente entre las organizaciones convocantes y la Universidad de Ays\u00e9n.\u00a0<span class=\"v1gmail-Apple-converted-space\">\u00a0<\/span><\/span><\/p>\n<p class=\"v1MsoNormal\" style=\"text-align: justify;\"><span lang=\"ES\">CorpAys<\/span><span lang=\"X-NONE\">\u00e9n, que representar\u00eda<span class=\"v1gmail-Apple-converted-space\">\u00a0<\/span><\/span><span lang=\"ES\">al<span class=\"v1gmail-Apple-converted-space\">\u00a0<\/span><\/span><span lang=\"X-NONE\">sector privado, hab\u00eda confirmado su participaci\u00f3n en el conversatorio sin embargo unos d\u00edas antes de la realizaci\u00f3n de la actividad inform\u00f3 no poder asistir a \u00e9sta.<\/span><\/p>\n<p class=\"v1MsoNormal\" style=\"text-align: justify;\"><strong><span lang=\"ES\">Adaptarse como prioridad, sin olvidar la mitigaci<\/span><span lang=\"X-NONE\">\u00f3n<\/span><\/strong><\/p>\n<p class=\"v1MsoNormal\" style=\"text-align: justify;\"><span lang=\"ES\">En la actividad, que cont<\/span><span lang=\"X-NONE\">\u00f3 con cerca de medio centenar de asistentes, el<span class=\"v1gmail-Apple-converted-space\">\u00a0<\/span>secretario regional ministerial de Medio Ambiente de Ays\u00e9n, Juli\u00e1n C\u00e1rdenas Cornejo,<span class=\"v1gmail-Apple-converted-space\">\u00a0<\/span>expres\u00f3 que \u00abel gran riesgo del cambio clim\u00e1tico no es el aumento en el nivel del mar, no son los episodios de lluvia intensa, no es la sequ\u00eda que nos amenaza, el gran peligro, el gran riesgo que vemos frente al cambio clim\u00e1tico es la inactividad de nosotras y nosotros, la falta de una voluntad decidida y firme para abordar esta problem\u00e1tica y adoptar acciones que van a requerir s\u00ed o s\u00ed transformaciones profundas\u00bb.<\/span><\/p>\n<p class=\"v1MsoNormal\" style=\"text-align: justify;\"><span lang=\"ES\">En este sentido record<\/span><span lang=\"X-NONE\">\u00f3 que \u00ab<\/span><span lang=\"ES\">n<\/span><span lang=\"X-NONE\">uestra regi\u00f3n es tremendamente vulnerable a los efectos del cambio clim\u00e1tico.\u00a0Presentamos siete de los nueve criterios de vulnerabilidad que Naciones Unidas ha identificado ante este fen\u00f3meno.\u00a0<span class=\"v1gmail-Apple-converted-space\">\u00a0<\/span>Ays\u00e9n cuenta con todos los caracteres de nuestro pa\u00eds: tenemos riesgo de sequ\u00eda, alza en el nivel de los mares, incendios forestales, aluviones, entre otras tantas cosas m\u00e1s<\/span><span lang=\"X-NONE\">\u00ab. Por ello, explic\u00f3, \u00abnuestro principal desaf\u00edo debe ser siempre, y tenemos que tenerlo s\u00faper claro, adaptarnos a los efectos del cambio clim\u00e1tico.\u00a0<span class=\"v1gmail-Apple-converted-space\">\u00a0<\/span>Y para realizar esa tremenda labor nos necesitamos todos y todas\u00bb.<\/span><\/p>\n<p class=\"v1MsoNormal\" style=\"text-align: justify;\"><span lang=\"X-NONE\">Concord\u00f3 con sus palabras la<span class=\"v1gmail-Apple-converted-space\">\u00a0<\/span>directora de Chile Sustentable, Sara Larra\u00edn Ruiz-Tagle,<span class=\"v1gmail-Apple-converted-space\">\u00a0<\/span>quien afirm\u00f3 que \u00abpara estas nuevas condiciones de temperatura, de provisi\u00f3n de recursos h\u00eddricos, claramente las actividades humanas, la poblaci\u00f3n y las actividades econ\u00f3micas y del desarrollo regional van a tener que adaptarse. Porque el escenario es complejo\u00bb.<\/span><\/p>\n<p class=\"v1MsoNormal\" style=\"text-align: justify;\"><span lang=\"X-NONE\">La dirigenta aclar\u00f3 que, sin embargo, desde Ays\u00e9n se pueden generar acciones relevantes y orientadoras. Es por ello que a trav\u00e9s del trabajo desarrollado \u00abqueremos<\/span><span lang=\"X-NONE\"><span class=\"v1gmail-Apple-converted-space\">\u00a0<\/span><\/span><span lang=\"X-NONE\">aportar desde la academia y la sociedad civil a este tremendo desaf\u00edo que enfrentamos como pa\u00eds, donde obviamente la regi\u00f3n de Ays\u00e9n nos puede entregar muchas lecciones, con el objeto de no seguir haciendo las cosas tan mal como las hemos hecho hasta ahora<\/span><span lang=\"X-NONE\">\u00ab. Para as\u00ed \u00abtener una propuesta que pueda mejorar no solamente el territorio y el medioambiente, sino permitir que con esto tambi\u00e9n mejore la calidad de vida de la poblaci\u00f3n\u00bb.<\/span><\/p>\n<p class=\"v1MsoNormal\" style=\"text-align: justify;\"><span lang=\"ES\">El<span class=\"v1gmail-Apple-converted-space\">\u00a0<\/span>autor del documento y coordinador del proyecto, el director de CODESA Patricio Segura Ortiz,expuso algunas de las conclusiones generales del trabajo ejecutado, que se materializ<\/span><span lang=\"X-NONE\">\u00f3 a partir de fuentes abiertas del Estado y la sociedad civil, informaci\u00f3n que se cruz\u00f3 con entrevistas a investigadores de las \u00e1reas de turismo; ruralidad (agricultura, ganader\u00eda, bosques); oc\u00e9anos; y agua y clima, adem\u00e1s de talleres p\u00fablicos realizados durante la Escuela de Invierno de la Universidad de Ays\u00e9n de agosto pasado.\u00a0<span class=\"v1gmail-Apple-converted-space\">\u00a0<\/span><\/span><\/p>\n<p class=\"v1MsoNormal\" style=\"text-align: justify;\"><span lang=\"X-NONE\">Entre los convocados estuvieron Alejandro Dussaillant-Jones (UAys\u00e9n), Alexandra Salazar Maturana (CIEP), Anna Astorga Roine (CIEP), Brian Reid (CIEP), Camila Concha Arriagada (UAys\u00e9n), Carlos Zamorano-Elgueta (UAys\u00e9n), Fabien Bourlon Chaboud (CIEP), Luis Alberto G\u00f3mez Parada (CIEP-UACh), Madeleine Hamam\u00e9 Villablanca (CIEP), Mauricio Gonz\u00e1lez Chang (UACh), Paulina Flores Ahumada (UAys\u00e9n) y Rodrigo Torres Saavedra (CIEP).<\/span><\/p>\n<p class=\"v1MsoNormal\" style=\"text-align: justify;\"><span lang=\"X-NONE\">\u00ab<\/span><span lang=\"ES\">Lo primero que es necesario asimilar es que la incertidumbre es el principio fundante de la crisis clim<\/span><span lang=\"X-NONE\">\u00e1tica.\u00a0<span class=\"v1gmail-Apple-converted-space\">\u00a0<\/span>Puede haber proyecciones, pero lo que hay que asumir es que los cambios ser\u00e1n sist\u00e9micos y en muchos \u00e1mbitos, y es preciso prepararse para ello, ser m\u00e1s resilientes<\/span><span lang=\"X-NONE\">\u00ab<\/span><span lang=\"ES\"><span class=\"v1gmail-Apple-converted-space\">\u00a0<\/span>explic<\/span><span lang=\"X-NONE\">\u00f3 el tambi\u00e9n periodista.\u00a0<span class=\"v1gmail-Apple-converted-space\">\u00a0<\/span>Sin embargo, record\u00f3 que \u00abpor muy peque\u00f1a que sea nuestra incidencia como pa\u00eds y regi\u00f3n (incluso Ays\u00e9n por sus bosques y turberas captura m\u00e1s de lo que emite), por un tema \u00e9tico y de responsabilidad debemos tambi\u00e9n empe\u00f1arnos en reducir nuestras emisiones, que tienen efectos globales y tambi\u00e9n locales\u00bb.<\/span><\/p>\n<p class=\"v1MsoNormal\" style=\"text-align: justify;\"><span lang=\"X-NONE\">Uno de los problemas identificados es que hoy \u00ab<\/span><span lang=\"ES\">existe<span class=\"v1gmail-Apple-converted-space\">\u00a0<\/span><\/span><span lang=\"X-NONE\">escasa informaci\u00f3n desagregada para Ays\u00e9n en las cuatro \u00e1reas se\u00f1aladas y, m\u00e1s a\u00fan, a nivel general se confunden los conceptos, por ejemplo, mitigaci\u00f3n con adaptaci\u00f3n<\/span><span lang=\"X-NONE\">\u00ab.<\/span><\/p>\n<p class=\"v1MsoNormal\" style=\"text-align: justify;\"><span lang=\"ES\">En este sentido, dentro de las propuestas generales mencion<\/span><span lang=\"X-NONE\">\u00f3 la necesidad de avanzar hacia una mejor \u00ab<\/span><span lang=\"ES\">g<\/span><span lang=\"X-NONE\">esti\u00f3n del conocimiento, que involucra pesquisar las investigaciones y estudios preexistentes, establecer las brechas para alcanzar un nivel de informaci\u00f3n \u00f3ptima para tomar buenas decisiones, formar capital humano en crisis clim\u00e1tica y socializar masivamente los resultados, en especial entre los tomadores de decisi\u00f3n<\/span><span lang=\"X-NONE\">\u00ab.\u00a0Adem\u00e1s, se debe \u00abmejorar la coordinaci\u00f3n entre los sectores, tanto horizontal como verticalmente, y que las acciones se basen en gobernanzas con incidencia local, junto a instrumentos como reglamentos regionales y ordenanzas comunales que incorporen la crisis clim\u00e1tica como variable\u00bb.<\/span><\/p>\n<p class=\"v1MsoNormal\" style=\"text-align: justify;\"><span lang=\"X-NONE\">Y, por \u00faltimo, asumir que \u00abel castigo a los combustibles f\u00f3siles ser\u00e1 una realidad, encareciendo el transporte y complejizando la log\u00edstica\u00bb, algo relevante en una regi\u00f3n tan dependiente de productos externos.\u00a0<span class=\"v1gmail-Apple-converted-space\">\u00a0<\/span>Por ello, es fundamental avanzar en \u00absoluciones basadas en la naturaleza, autoproducci\u00f3n de alimentos y energ\u00eda a nivel familiar y comunitario, y con sentido de bien com\u00fan. Y, de forma relevante, impulsar acciones de doble impacto: que aporten tanto a la adaptaci\u00f3n como a la mitigaci\u00f3n\u00bb\u00b7<\/span><\/p>\n<p class=\"v1MsoNormal\" style=\"text-align: justify;\"><span lang=\"X-NONE\">Posteriormente expuso<span class=\"v1gmail-Apple-converted-space\">\u00a0<\/span>Nicol\u00e1s Smith de la Carrera, punto focal de Cambio Clim\u00e1tico del Ministerio del Medio Ambiente<span class=\"v1gmail-Apple-converted-space\">\u00a0<\/span>\u00a0a nivel regional,<span class=\"v1gmail-Apple-converted-space\">\u00a0<\/span>y parte del equipo que apoya el proceso de elaboraci\u00f3n del Anteproyecto del Plan de Acci\u00f3n Regional de Cambio Clim\u00e1tico (PARCC), en el marco del Comit\u00e9 Regional de Cambio Clim\u00e1tico (CORECC). Explic\u00f3 el profesional que algunos de los planteamientos realizados, como la coordinaci\u00f3n, nivelaci\u00f3n de conceptos, gesti\u00f3n del conocimiento, pueden ser propuestas relevantes a incorporar en el PARCC, que ser\u00e1 el instrumento fundamental de gesti\u00f3n en este \u00e1mbito.<\/span><\/p>\n<p class=\"v1MsoNormal\" style=\"text-align: justify;\"><span lang=\"ES\">Por<span class=\"v1gmail-Apple-converted-space\">\u00a0<\/span><\/span><span lang=\"X-NONE\">\u00faltimo, el<span class=\"v1gmail-Apple-converted-space\">\u00a0<\/span>director acad\u00e9mico de la Universidad de Ays\u00e9n Carlos Zamorano-Elgueta,<span class=\"v1gmail-Apple-converted-space\">\u00a0<\/span>confirm\u00f3 que se vienen \u00abimpactos sin precedentes, como aumento del nivel del mar, sequ\u00edas, desaparici\u00f3n de h\u00e1bitats y especies, transformaciones en los ciclos hidrol\u00f3gicos y en el equilibrio de los ecosistemas\u00bb. En este sentido, aclar\u00f3 que \u00ab<\/span><span lang=\"ES\">p<\/span><span lang=\"X-NONE\">ara evitar el aumento de los emisiones se debe tambi\u00e9n fomentar la conservaci\u00f3n de los bosques, donde la Patagonia concentra una de las mayores superficies de los bosques templados mejor conservados del mundo con 50.000 km2 (5 millones hect\u00e1reas)<\/span><span lang=\"X-NONE\">\u00ab. Y, al igual que los panelistas previos, recalc\u00f3 que \u00ab<\/span><span lang=\"ES\">la<span class=\"v1gmail-Apple-converted-space\">\u00a0<\/span><\/span><span lang=\"X-NONE\">contribuci\u00f3n de Chile en gases de efecto invernadero es marginal en el concierto internacional: un 0,25% (lugar 139 de 184 pa\u00edses), mientras que China presenta un 26,1% y Estados Unidos un 12,7%. En contraposici\u00f3n, seremos uno de los pa\u00edses del mundo que se ver\u00e1 m\u00e1s afectado por el cambio clim\u00e1tico.\u00a0<span class=\"v1gmail-Apple-converted-space\">\u00a0<\/span>Y eso est\u00e1 ocurriendo<\/span><span lang=\"X-NONE\">\u00ab.\u00a0<span class=\"v1gmail-Apple-converted-space\">\u00a0<\/span><\/span><\/p>\n<p class=\"v1MsoNormal\" style=\"text-align: justify;\"><span lang=\"X-NONE\">Por ello, indic\u00f3, es preciso enfocarse en la adaptaci\u00f3n.<\/span><\/p>\n<p class=\"v1MsoNormal\" style=\"text-align: justify;\"><span lang=\"X-NONE\">El conversatorio fue moderado por el<span class=\"v1gmail-Apple-converted-space\">\u00a0<\/span>presidente de CODESA, Erwin Sandoval Gallardo,<span class=\"v1gmail-Apple-converted-space\">\u00a0<\/span>quien explic\u00f3 que el<span class=\"v1gmail-Apple-converted-space\">\u00a0<\/span><\/span><span lang=\"ES\"><a href=\"https:\/\/www.youtube.com\/watch?v=pyFxil43kkQ&amp;feature=youtu.be\" target=\"_blank\" rel=\"noopener noreferrer\"><span lang=\"X-NONE\">video de difusi\u00f3n<\/span><\/a><\/span><span lang=\"X-NONE\"><span class=\"v1gmail-Apple-converted-space\">\u00a0<\/span>y el<span class=\"v1gmail-Apple-converted-space\">\u00a0<\/span><\/span><span lang=\"ES\"><a href=\"https:\/\/drive.google.com\/file\/d\/1Zds0H2TVDb4T4rCPrSydTrh1AfJbyXea\/view?usp=sharing\" target=\"_blank\" rel=\"noopener noreferrer\"><span lang=\"X-NONE\">documento<\/span><\/a><\/span><span lang=\"X-NONE\"><span class=\"v1gmail-Apple-converted-space\">\u00a0<\/span>\u00abCrisis Clim\u00e1tica en Ays\u00e9n: Desaf\u00edos y Propuestas desde la Ciudadan\u00eda y la Academia\u00bb est\u00e1n disponibles en la web de<span class=\"v1gmail-Apple-converted-space\">\u00a0<\/span><\/span><span lang=\"ES\"><a href=\"https:\/\/www.chilesustentable.net\/2023\/01\/ciencia-y-ciudadania-aysen-ante-la-crisis-climatica\/\" target=\"_blank\" rel=\"noopener noreferrer\"><span lang=\"X-NONE\">Chile Sustentable<\/span><\/a><\/span><span lang=\"X-NONE\"><span class=\"v1gmail-Apple-converted-space\">\u00a0<\/span>y la p\u00e1gina FB de CODESA.\u00a0Y que se realizar\u00e1 una distribuci\u00f3n tanto a nivel nacional como regional de la<span class=\"v1gmail-Apple-converted-space\">\u00a0<\/span><\/span><span lang=\"ES\"><a href=\"https:\/\/drive.google.com\/file\/d\/1Zds0H2TVDb4T4rCPrSydTrh1AfJbyXea\/view?usp=sharing\" target=\"_blank\" rel=\"noopener noreferrer\"><span lang=\"X-NONE\">versi\u00f3n impresa<\/span><\/a><\/span><span lang=\"X-NONE\"><span class=\"v1gmail-Apple-converted-space\">\u00a0<\/span>del informe.<\/span><\/p>\n<p class=\"v1MsoNormal\" style=\"text-align: justify;\"><span lang=\"X-NONE\">El lanzamiento y conversatorio cont\u00f3 con el apoyo de<span class=\"v1gmail-Apple-converted-space\">\u00a0<\/span><\/span><span lang=\"ES\">la Universidad de Ays\u00e9n, el Gobierno Regional de Ays\u00e9n y la seremi de Medio Ambiente de Ays<\/span><span lang=\"X-NONE\">\u00e9n<\/span><span lang=\"ES\">.<\/span><\/p>\n<\/div><\/section><\/div><div  style='height:50px' class='hr hr-invisible   avia-builder-el-6  el_after_av_one_full  el_before_av_social_share '><span class='hr-inner ' ><span class='hr-inner-style'><\/span><\/span><\/div><\/p>\n<div  class='av-social-sharing-box  avia-builder-el-7  el_after_av_hr  el_before_av_hr  '><div class='av-share-box'><h5 class='av-share-link-description av-no-toc '>Compartir esta noticia<\/h5><ul class='av-share-box-list noLightbox'><li class='av-share-link av-social-link-facebook' ><a target=\"_blank\" aria-label=\"Compartir en Facebook\" href='https:\/\/www.facebook.com\/sharer.php?u=https:\/\/radiorevelacionfm.cl\/?p=27327&#038;t=Adaptarse%20es%20la%20consigna%3A%20Expertos%20coinciden%20en%20que%20frente%20a%20la%20crisis%20clim%C3%A1tica%20Ays%C3%A9n%20debe%20priorizar%20la%20resiliencia' aria-hidden='false' data-av_icon='\ue8f3' data-av_iconfont='entypo-fontello' title='' data-avia-related-tooltip='Compartir en Facebook' rel=\"noopener\"><span class='avia_hidden_link_text'>Compartir en Facebook<\/span><\/a><\/li><li class='av-share-link av-social-link-twitter' ><a target=\"_blank\" aria-label=\"Compartir en Twitter\" href='https:\/\/twitter.com\/share?text=Adaptarse%20es%20la%20consigna%3A%20Expertos%20coinciden%20en%20que%20frente%20a%20la%20crisis%20clim%C3%A1tica%20Ays%C3%A9n%20debe%20priorizar%20la%20resiliencia&#038;url=https:\/\/radiorevelacionfm.cl\/?p=27327' aria-hidden='false' data-av_icon='\ue8f1' data-av_iconfont='entypo-fontello' title='' data-avia-related-tooltip='Compartir en Twitter' rel=\"noopener\"><span class='avia_hidden_link_text'>Compartir en Twitter<\/span><\/a><\/li><li class='av-share-link av-social-link-whatsapp' ><a target=\"_blank\" aria-label=\"Compartir en Whatsapp\" href='https:\/\/api.whatsapp.com\/send?text=https:\/\/radiorevelacionfm.cl\/?p=27327' aria-hidden='false' data-av_icon='\uf232' data-av_iconfont='entypo-fontello' title='' data-avia-related-tooltip='Compartir en Whatsapp' rel=\"noopener\"><span class='avia_hidden_link_text'>Compartir en Whatsapp<\/span><\/a><\/li><li class='av-share-link av-social-link-linkedin' ><a target=\"_blank\" aria-label=\"Compartir en LinkedIn\" href='https:\/\/linkedin.com\/shareArticle?mini=true&#038;title=Adaptarse%20es%20la%20consigna%3A%20Expertos%20coinciden%20en%20que%20frente%20a%20la%20crisis%20clim%C3%A1tica%20Ays%C3%A9n%20debe%20priorizar%20la%20resiliencia&#038;url=https:\/\/radiorevelacionfm.cl\/?p=27327' aria-hidden='false' data-av_icon='\ue8fc' data-av_iconfont='entypo-fontello' title='' data-avia-related-tooltip='Compartir en LinkedIn' rel=\"noopener\"><span class='avia_hidden_link_text'>Compartir en LinkedIn<\/span><\/a><\/li><li class='av-share-link av-social-link-mail' ><a  aria-label=\"Compartir por correo\" href='mailto:?subject=Adaptarse%20es%20la%20consigna%3A%20Expertos%20coinciden%20en%20que%20frente%20a%20la%20crisis%20clim%C3%A1tica%20Ays%C3%A9n%20debe%20priorizar%20la%20resiliencia&#038;body=https:\/\/radiorevelacionfm.cl\/?p=27327' aria-hidden='false' data-av_icon='\ue805' data-av_iconfont='entypo-fontello' title='' data-avia-related-tooltip='Compartir por correo'><span class='avia_hidden_link_text'>Compartir por correo<\/span><\/a><\/li><\/ul><\/div><\/div>\n<div  style='height:50px' class='hr hr-invisible   avia-builder-el-8  el_after_av_social_share  el_before_av_comments_list '><span class='hr-inner ' ><span class='hr-inner-style'><\/span><\/span><\/div>\n<div  class='av-buildercomment  av-blog-meta-html-info-disabled av-blog-meta-tag-disabled  '><\/div>\n","protected":false},"excerpt":{"rendered":"","protected":false},"author":1,"featured_media":27328,"comment_status":"open","ping_status":"open","sticky":false,"template":"","format":"standard","meta":{"footnotes":""},"categories":[39],"tags":[],"class_list":["post-27327","post","type-post","status-publish","format-standard","has-post-thumbnail","hentry","category-medio-ambiente"],"jetpack_featured_media_url":"https:\/\/radiorevelacionfm.cl\/wp-content\/uploads\/2023\/02\/20230126_180522-Baja-1-1-1.jpg","_links":{"self":[{"href":"https:\/\/radiorevelacionfm.cl\/index.php?rest_route=\/wp\/v2\/posts\/27327","targetHints":{"allow":["GET"]}}],"collection":[{"href":"https:\/\/radiorevelacionfm.cl\/index.php?rest_route=\/wp\/v2\/posts"}],"about":[{"href":"https:\/\/radiorevelacionfm.cl\/index.php?rest_route=\/wp\/v2\/types\/post"}],"author":[{"embeddable":true,"href":"https:\/\/radiorevelacionfm.cl\/index.php?rest_route=\/wp\/v2\/users\/1"}],"replies":[{"embeddable":true,"href":"https:\/\/radiorevelacionfm.cl\/index.php?rest_route=%2Fwp%2Fv2%2Fcomments&post=27327"}],"version-history":[{"count":2,"href":"https:\/\/radiorevelacionfm.cl\/index.php?rest_route=\/wp\/v2\/posts\/27327\/revisions"}],"predecessor-version":[{"id":27330,"href":"https:\/\/radiorevelacionfm.cl\/index.php?rest_route=\/wp\/v2\/posts\/27327\/revisions\/27330"}],"wp:featuredmedia":[{"embeddable":true,"href":"https:\/\/radiorevelacionfm.cl\/index.php?rest_route=\/wp\/v2\/media\/27328"}],"wp:attachment":[{"href":"https:\/\/radiorevelacionfm.cl\/index.php?rest_route=%2Fwp%2Fv2%2Fmedia&parent=27327"}],"wp:term":[{"taxonomy":"category","embeddable":true,"href":"https:\/\/radiorevelacionfm.cl\/index.php?rest_route=%2Fwp%2Fv2%2Fcategories&post=27327"},{"taxonomy":"post_tag","embeddable":true,"href":"https:\/\/radiorevelacionfm.cl\/index.php?rest_route=%2Fwp%2Fv2%2Ftags&post=27327"}],"curies":[{"name":"wp","href":"https:\/\/api.w.org\/{rel}","templated":true}]}}