{"id":27323,"date":"2023-02-01T16:28:04","date_gmt":"2023-02-01T19:28:04","guid":{"rendered":"https:\/\/radiorevelacionfm.cl\/?p=27323"},"modified":"2023-02-01T16:28:04","modified_gmt":"2023-02-01T19:28:04","slug":"supermercado-kosten-las-40-horas-son-un-beneficio-a-la-productividad","status":"publish","type":"post","link":"https:\/\/radiorevelacionfm.cl\/?p=27323","title":{"rendered":"Supermercado Kosten \u00abLas 40 Horas son un beneficio a la productividad\u00bb"},"content":{"rendered":"<div class=\"flex_column av_one_full  flex_column_div av-zero-column-padding first  avia-builder-el-0  el_before_av_one_full  avia-builder-el-first  \" style='border-radius:0px; '><div  class='avia-image-container  av-styling-    avia-builder-el-1  avia-builder-el-no-sibling  avia-align-center '  itemprop=\"image\" itemscope=\"itemscope\" itemtype=\"https:\/\/schema.org\/ImageObject\"  ><div class='avia-image-container-inner'><div class='avia-image-overlay-wrap'><img decoding=\"async\" class='wp-image-27324 avia-img-lazy-loading-not-27324 avia_image' src=\"https:\/\/radiorevelacionfm.cl\/wp-content\/uploads\/2023\/02\/supermercadokosten_40horas_3-1_optimized.jpg\" alt='' title='supermercadokosten_40horas_3-(1)_optimized' height=\"600\" width=\"817\"  itemprop=\"thumbnailUrl\" srcset=\"https:\/\/radiorevelacionfm.cl\/wp-content\/uploads\/2023\/02\/supermercadokosten_40horas_3-1_optimized.jpg 817w, https:\/\/radiorevelacionfm.cl\/wp-content\/uploads\/2023\/02\/supermercadokosten_40horas_3-1_optimized-300x220.jpg 300w, https:\/\/radiorevelacionfm.cl\/wp-content\/uploads\/2023\/02\/supermercadokosten_40horas_3-1_optimized-768x564.jpg 768w, https:\/\/radiorevelacionfm.cl\/wp-content\/uploads\/2023\/02\/supermercadokosten_40horas_3-1_optimized-705x518.jpg 705w, https:\/\/radiorevelacionfm.cl\/wp-content\/uploads\/2023\/02\/supermercadokosten_40horas_3-1_optimized-600x441.jpg 600w\" sizes=\"(max-width: 817px) 100vw, 817px\" \/><\/div><\/div><\/div><\/div><div class=\"flex_column av_one_full  flex_column_div av-zero-column-padding first  avia-builder-el-2  el_after_av_one_full  el_before_av_one_full  column-top-margin\" style='border-radius:0px; '><section class=\"av_textblock_section \"  itemscope=\"itemscope\" itemtype=\"https:\/\/schema.org\/BlogPosting\" itemprop=\"blogPost\" ><div class='avia_textblock  '   itemprop=\"text\" ><p style=\"text-align: center;\"><span style=\"font-size: 18pt;\"><b><span lang=\"ES-TRAD\">Supermercado Kosten \u00abLas 40 Horas son un beneficio a la productividad\u00bb<\/span><\/b><\/span><\/p>\n<div id=\"gtx-trans\" style=\"position: absolute; left: -50px; top: 4.31534px;\">\n<div class=\"gtx-trans-icon\"><\/div>\n<\/div>\n<\/div><\/section><\/div><div class=\"flex_column av_one_full  flex_column_div av-zero-column-padding first  avia-builder-el-4  el_after_av_one_full  el_before_av_hr  column-top-margin\" style='border-radius:0px; '><section class=\"av_textblock_section \"  itemscope=\"itemscope\" itemtype=\"https:\/\/schema.org\/BlogPosting\" itemprop=\"blogPost\" ><div class='avia_textblock  '   itemprop=\"text\" ><p class=\"v1MsoNormal\" style=\"text-align: justify;\"><span lang=\"ES-MX\">El 25 de enero de este a\u00f1o la Comisi\u00f3n de Trabajo despach\u00f3 de forma un\u00e1nime de los senadores y senadora que la componen, todas las indicaciones al proyecto de reducci\u00f3n de la jornada a 40 horas, pasando a discusi\u00f3n a Sala del Senado.<\/span><\/p>\n<p class=\"v1MsoNormal\" style=\"text-align: justify;\"><span lang=\"ES-MX\">En su visita a nuestra Regi\u00f3n de Ays\u00e9n, el Presidente Gabriel Boric en su primer punto de prensa, destac\u00f3 esta medida, \u00abAprovecho de saludar y agradecer a los parlamentarios que en el Senado han aprobado un nuevo tr\u00e1mite de las 40 Horas y pasa a Sala. Las 40, seguimos avanzando en este proyecto emblem\u00e1tico para Chile\u00bb, sentenci\u00f3.<\/span><\/p>\n<p class=\"v1MsoNormal\" style=\"text-align: justify;\"><span lang=\"ES-MX\">Un compromiso que las autoridades, como la Ministra del Trabajo y Previsi\u00f3n Social, Jeannette Jara y el Seremi de Ays\u00e9n, Rodrigo D\u00edaz, han destacado como el fruto del di\u00e1logo tripartito, entre las autoridades, trabajadores\/as y empleadores\/as, recalcando los acuerdos, por ejemplo, en las jornadas excepcionales; la gradualidad de su implementaci\u00f3n a 5 a\u00f1os, &#8211; disminuci\u00f3n de 1 hora el primer a\u00f1o, dos horas al tercer a\u00f1o, llegando a 5 horas al quinto a\u00f1o de promulgaci\u00f3n-; reconocimiento de la f\u00f3rmula 4&#215;3, es decir, 4 d\u00edas de trabajo por 3 de descanso; corresponsabilidad social que posibilita bandas de horario de entrada y salida, tanto para madres como para padres o cuidadores\/as de ni\u00f1os\/as menores de 12 a\u00f1os, entre otras medidas.<\/span><\/p>\n<p class=\"v1MsoNormal\" style=\"text-align: justify;\"><b><u><span lang=\"ES-MX\">Empresas regionales con Sello 40 horas<\/span><\/u><\/b><\/p>\n<p class=\"v1MsoNormal\" style=\"text-align: justify;\"><span lang=\"ES-MX\">Son 3 las empresas que ya han recibido el \u00abSello 40 Horas\u00bb, certificado que acredita que cumplen con una jornada semanal de 40 horas \u2013 o menos-, cumpliendo con las normas laborales tales como no tener sanciones de la Direcci\u00f3n del Trabajo. De distintos rubros, las autoridades hacen un llamado a informarse y postular a este reconocimiento, que ya poseen la oficina de contabilidad Osvaldo Gallardo, la Cl\u00ednica R\u00edo Tranquilo y de Puerto Ib\u00e1\u00f1ez, el Supermercado Kosten. \u00a0<\/span><\/p>\n<p class=\"v1MsoNormal\" style=\"text-align: justify;\"><span lang=\"ES-MX\">De visita en el supermercado situado en la costanera de la localidad, a orillas del Lago General Carrera, el Seremi de Trabajo y Previsi\u00f3n Social present\u00f3 a los delegados presidenciales regional, Rodrigo Araya y de la Provincia de General Carrera, Crist\u00f3bal Barcel\u00f3, la experiencia de Armando Andrade, due\u00f1o del supermercado y de una de sus trabajadoras, M\u00f3nica Ascencio.<\/span><\/p>\n<p class=\"v1MsoNormal\" style=\"text-align: justify;\"><span lang=\"ES-MX\">El Delegado Presidencial Regional reflexion\u00f3 luego de conversar con ellos, \u00abUna muy buena representaci\u00f3n aqu\u00ed de empresarios que tienen una visi\u00f3n de trabajo decente, que la han implementado en estos \u00faltimos a\u00f1os. Estamos con nuestro Delegado Presidencial Provincial y el Seremi del Trabajo en el Supermercado Kosten, con don Armando, su due\u00f1o, en donde nos explica lo l\u00f3gico que es que en la medida que las personas trabajen con sistema de turnos adecuados, pueden tener, primero, a una mayor cantidad de gente con trabajo y segundo, que hay un compromiso tambi\u00e9n de los trabajadores con el objetivo del negocio. Eso habla de que esta propuesta de bajar el horario laboral a 40 horas es totalmente factible, completamente posible y trae beneficios tanto para los empresarios como para los empleados\u00bb, afirm\u00f3 Rodrigo Araya.<\/span><\/p>\n<p class=\"v1MsoNormal\" style=\"text-align: justify;\"><span lang=\"ES-MX\">En este sentido, el Seremi de Trabajo y Previsi\u00f3n Social, Rodrigo D\u00edaz, inform\u00f3 e invit\u00f3 a postular al Sello 40 Horas a las empresas regionales, \u00abEn este avance que tuvieron las 40 horas en el Congreso donde se avanza a la Sala del Senado, quisimos venir hoy d\u00eda con el Delegado Presidencial Regional y el Delegado Presidencial Provincial al Supermercado Kosten, ac\u00e1 en Puerto Ib\u00e1\u00f1ez, junto a las actividades del Presidente de la Rep\u00fablica, para poder reconocer y motivar a la gente para que postule al Sello 40 horas. Hay muchas empresas que lo est\u00e1n haciendo. Los requisitos son f\u00e1ciles: hay que ingresar a la p\u00e1gina\u00a0<\/span><span lang=\"ES\"><a href=\"http:\/\/www.mintrab.gob.cl\/\" target=\"_blank\" rel=\"noopener noreferrer\"><span lang=\"ES-MX\">www.mintrab.gob.cl<\/span><\/a><\/span><span lang=\"ES-MX\">\u00a0, buscar el Sello 40 horas y todo es muy f\u00e1cil para postular. Esto lo escanea la Direcci\u00f3n de Trabajo y ah\u00ed sigue el procedimiento. Lo importante es que hoy d\u00eda tenemos en la regi\u00f3n tres empresas que antes de que esto sea ley, ya lo est\u00e1n haciendo y muchas de distintos sectores productivos tambi\u00e9n se est\u00e1n aproximando. La invitaci\u00f3n es a hacerlo y de que podamos tener efectivamente un trabajo decente por un buen vivir, una mejor calidad de vida y que nuestros trabajadores y trabajadoras tengan m\u00e1s tiempo para su familia\u00bb, manifest\u00f3.<\/span><\/p>\n<p class=\"v1MsoNormal\" style=\"text-align: justify;\"><span lang=\"ES-MX\">Por su parte, Armando Andrade coment\u00f3 la raz\u00f3n de reducir la jornada a 40 horas, \u00abPara nosotros ha sido simple. Nosotros empezamos a buscar porque primero trabajaba toda la familia, empezamos con una persona externa y ve\u00edamos que la gente no ten\u00eda cultura de trabajo, o sea, no quer\u00eda trabajar para largo, dec\u00edan\u00a0<i>\u00abyo trabajo una semana\u00bb<\/i>\u00a0<i>\u00abtrabajo dos meses\u00bb<\/i>. Entonces dijimos\u00a0<i>\u00abc\u00f3mo atraemos a la gente\u00bb<\/i>,\u00a0<i>\u00abc\u00f3mo buscamos para que la gente quiera trabajar y que no sea tan latoso venir a trabajar y todo eso\u00bb<\/i>. Y lo segundo, el ausentismo laboral, porque igual trabajaban una semana y ya quer\u00edan d\u00edas de permiso. Entonces dijimos\u00a0<i>\u00abhagamos un sistema de turnos y acortemos las horas de trabajo\u00bb<\/i>, de tal forma que esas horas en el d\u00eda sean horas que puedan ir a cualquier oficina o puedan hacer cualquier cosa, y empezamos a calcular c\u00f3mo pod\u00edamos hacerlo sin flaquear el sueldo. Y as\u00ed llegamos a las 40 horas, que incluso se reducen en muchas ocasiones a que son menos de 40 horas y nos ha tra\u00eddo tremendos beneficios con respecto al personal y para ellos especialmente, porque pueden hacer todas sus cosas en horarios de oficina, en cualquier lugar\u00bb.<\/span><\/p>\n<p class=\"v1MsoNormal\" style=\"text-align: justify;\"><span lang=\"ES-MX\">Con respecto a qu\u00e9 le dir\u00eda a otros empleadores\/as, Armando menciona \u00abYo les dir\u00eda que no tengan temor porque adem\u00e1s econ\u00f3micamente les van a rendir m\u00e1s, productivamente es mejor, porque van a estar menos ahora, pero van a producir m\u00e1s. En cambio, si van a venir las 8 horas en el d\u00eda, en la tarde andan arrastrando los pies, ya cansados,\u00a0<i>\u00abme quiero ir\u00bb<\/i>. En cambio, aqu\u00ed s\u00f3lo se colocan metas, al menos mi personal, s\u00f3lo se colocan metas. Ellos han valorado esto, lo han valorado mucho y adem\u00e1s tenemos una flexibilidad de un turno con otros turnos, ellos se van rotando solos cuando quieren un d\u00eda de permiso.\u00a0<i>\u00abOye c\u00fabreme este turno, yo te cubro el otro turno\u00bb<\/i>, y as\u00ed nos vamos acomodando. Yo dir\u00eda que es un beneficio para la productividad. Ese ser\u00eda mi llamado a los empresarios, que no le tengan miedo, que es un beneficio a la productividad, sus trabajadores les van a producir m\u00e1s\u00bb, concluy\u00f3.<\/span><\/p>\n<p class=\"v1MsoNormal\" style=\"text-align: justify;\"><span lang=\"ES-MX\">Lo mismo comparti\u00f3 M\u00f3nica Ascencio, una de las trabajadoras del Supermercado Kosten, quien se mostr\u00f3 muy feliz con la implementaci\u00f3n, \u00abSi han ayudado harto, estoy desde el d\u00eda uno, cuando empezamos trabajando solitos y me ha beneficiado harto porque puedo estar m\u00e1s tiempo en mi casa, con mis hijas, mi familia y disponer de tiempo que de repente no ten\u00edamos. As\u00ed que es muy favorable y muy lindo\u00bb, explic\u00f3.<\/span><\/p>\n<\/div><\/section><\/div><div  style='height:50px' class='hr hr-invisible   avia-builder-el-6  el_after_av_one_full  el_before_av_social_share '><span class='hr-inner ' ><span class='hr-inner-style'><\/span><\/span><\/div><\/p>\n<div  class='av-social-sharing-box  avia-builder-el-7  el_after_av_hr  el_before_av_hr  '><div class='av-share-box'><h5 class='av-share-link-description av-no-toc '>Compartir esta noticia<\/h5><ul class='av-share-box-list noLightbox'><li class='av-share-link av-social-link-facebook' ><a target=\"_blank\" aria-label=\"Compartir en Facebook\" href='https:\/\/www.facebook.com\/sharer.php?u=https:\/\/radiorevelacionfm.cl\/?p=27323&#038;t=Supermercado%20Kosten%20%C2%ABLas%2040%20Horas%20son%20un%20beneficio%20a%20la%20productividad%C2%BB' aria-hidden='false' data-av_icon='\ue8f3' data-av_iconfont='entypo-fontello' title='' data-avia-related-tooltip='Compartir en Facebook' rel=\"noopener\"><span class='avia_hidden_link_text'>Compartir en Facebook<\/span><\/a><\/li><li class='av-share-link av-social-link-twitter' ><a target=\"_blank\" aria-label=\"Compartir en Twitter\" href='https:\/\/twitter.com\/share?text=Supermercado%20Kosten%20%C2%ABLas%2040%20Horas%20son%20un%20beneficio%20a%20la%20productividad%C2%BB&#038;url=https:\/\/radiorevelacionfm.cl\/?p=27323' aria-hidden='false' data-av_icon='\ue8f1' data-av_iconfont='entypo-fontello' title='' data-avia-related-tooltip='Compartir en Twitter' rel=\"noopener\"><span class='avia_hidden_link_text'>Compartir en Twitter<\/span><\/a><\/li><li class='av-share-link av-social-link-whatsapp' ><a target=\"_blank\" aria-label=\"Compartir en Whatsapp\" href='https:\/\/api.whatsapp.com\/send?text=https:\/\/radiorevelacionfm.cl\/?p=27323' aria-hidden='false' data-av_icon='\uf232' data-av_iconfont='entypo-fontello' title='' data-avia-related-tooltip='Compartir en Whatsapp' rel=\"noopener\"><span class='avia_hidden_link_text'>Compartir en Whatsapp<\/span><\/a><\/li><li class='av-share-link av-social-link-linkedin' ><a target=\"_blank\" aria-label=\"Compartir en LinkedIn\" href='https:\/\/linkedin.com\/shareArticle?mini=true&#038;title=Supermercado%20Kosten%20%C2%ABLas%2040%20Horas%20son%20un%20beneficio%20a%20la%20productividad%C2%BB&#038;url=https:\/\/radiorevelacionfm.cl\/?p=27323' aria-hidden='false' data-av_icon='\ue8fc' data-av_iconfont='entypo-fontello' title='' data-avia-related-tooltip='Compartir en LinkedIn' rel=\"noopener\"><span class='avia_hidden_link_text'>Compartir en LinkedIn<\/span><\/a><\/li><li class='av-share-link av-social-link-mail' ><a  aria-label=\"Compartir por correo\" href='mailto:?subject=Supermercado%20Kosten%20%C2%ABLas%2040%20Horas%20son%20un%20beneficio%20a%20la%20productividad%C2%BB&#038;body=https:\/\/radiorevelacionfm.cl\/?p=27323' aria-hidden='false' data-av_icon='\ue805' data-av_iconfont='entypo-fontello' title='' data-avia-related-tooltip='Compartir por correo'><span class='avia_hidden_link_text'>Compartir por correo<\/span><\/a><\/li><\/ul><\/div><\/div>\n<div  style='height:50px' class='hr hr-invisible   avia-builder-el-8  el_after_av_social_share  el_before_av_comments_list '><span class='hr-inner ' ><span class='hr-inner-style'><\/span><\/span><\/div>\n<div  class='av-buildercomment  av-blog-meta-html-info-disabled av-blog-meta-tag-disabled  '><\/div>\n","protected":false},"excerpt":{"rendered":"","protected":false},"author":1,"featured_media":27324,"comment_status":"open","ping_status":"open","sticky":false,"template":"","format":"standard","meta":{"footnotes":""},"categories":[56],"tags":[],"class_list":["post-27323","post","type-post","status-publish","format-standard","has-post-thumbnail","hentry","category-trabajo"],"jetpack_featured_media_url":"https:\/\/radiorevelacionfm.cl\/wp-content\/uploads\/2023\/02\/supermercadokosten_40horas_3-1_optimized.jpg","_links":{"self":[{"href":"https:\/\/radiorevelacionfm.cl\/index.php?rest_route=\/wp\/v2\/posts\/27323","targetHints":{"allow":["GET"]}}],"collection":[{"href":"https:\/\/radiorevelacionfm.cl\/index.php?rest_route=\/wp\/v2\/posts"}],"about":[{"href":"https:\/\/radiorevelacionfm.cl\/index.php?rest_route=\/wp\/v2\/types\/post"}],"author":[{"embeddable":true,"href":"https:\/\/radiorevelacionfm.cl\/index.php?rest_route=\/wp\/v2\/users\/1"}],"replies":[{"embeddable":true,"href":"https:\/\/radiorevelacionfm.cl\/index.php?rest_route=%2Fwp%2Fv2%2Fcomments&post=27323"}],"version-history":[{"count":2,"href":"https:\/\/radiorevelacionfm.cl\/index.php?rest_route=\/wp\/v2\/posts\/27323\/revisions"}],"predecessor-version":[{"id":27326,"href":"https:\/\/radiorevelacionfm.cl\/index.php?rest_route=\/wp\/v2\/posts\/27323\/revisions\/27326"}],"wp:featuredmedia":[{"embeddable":true,"href":"https:\/\/radiorevelacionfm.cl\/index.php?rest_route=\/wp\/v2\/media\/27324"}],"wp:attachment":[{"href":"https:\/\/radiorevelacionfm.cl\/index.php?rest_route=%2Fwp%2Fv2%2Fmedia&parent=27323"}],"wp:term":[{"taxonomy":"category","embeddable":true,"href":"https:\/\/radiorevelacionfm.cl\/index.php?rest_route=%2Fwp%2Fv2%2Fcategories&post=27323"},{"taxonomy":"post_tag","embeddable":true,"href":"https:\/\/radiorevelacionfm.cl\/index.php?rest_route=%2Fwp%2Fv2%2Ftags&post=27323"}],"curies":[{"name":"wp","href":"https:\/\/api.w.org\/{rel}","templated":true}]}}