{"id":27310,"date":"2023-02-01T09:30:45","date_gmt":"2023-02-01T12:30:45","guid":{"rendered":"https:\/\/radiorevelacionfm.cl\/?p=27310"},"modified":"2023-02-01T09:30:45","modified_gmt":"2023-02-01T12:30:45","slug":"ley-corta-amplia-cobertura-de-la-pgu-350-nuevos-beneficiarios-as-se-proyectan-en-la-region-de-aysen","status":"publish","type":"post","link":"https:\/\/radiorevelacionfm.cl\/?p=27310","title":{"rendered":"\u00abLey Corta\u00bb ampl\u00eda cobertura de la PGU: 350 nuevos beneficiarios\/as se proyectan en la Regi\u00f3n de Ays\u00e9n"},"content":{"rendered":"<div class=\"flex_column av_one_full  flex_column_div av-zero-column-padding first  avia-builder-el-0  el_before_av_one_full  avia-builder-el-first  \" style='border-radius:0px; '><div  class='avia-image-container  av-styling-    avia-builder-el-1  avia-builder-el-no-sibling  avia-align-center '  itemprop=\"image\" itemscope=\"itemscope\" itemtype=\"https:\/\/schema.org\/ImageObject\"  ><div class='avia-image-container-inner'><div class='avia-image-overlay-wrap'><img decoding=\"async\" class='wp-image-27311 avia-img-lazy-loading-not-27311 avia_image' src=\"https:\/\/radiorevelacionfm.cl\/wp-content\/uploads\/2023\/01\/ley-corta_pgu_ampliacion-1-1_optimized.jpg\" alt='' title='ley-corta_pgu_ampliacion-1-(1)_optimized' height=\"600\" width=\"793\"  itemprop=\"thumbnailUrl\" srcset=\"https:\/\/radiorevelacionfm.cl\/wp-content\/uploads\/2023\/01\/ley-corta_pgu_ampliacion-1-1_optimized.jpg 793w, https:\/\/radiorevelacionfm.cl\/wp-content\/uploads\/2023\/01\/ley-corta_pgu_ampliacion-1-1_optimized-300x227.jpg 300w, https:\/\/radiorevelacionfm.cl\/wp-content\/uploads\/2023\/01\/ley-corta_pgu_ampliacion-1-1_optimized-768x581.jpg 768w, https:\/\/radiorevelacionfm.cl\/wp-content\/uploads\/2023\/01\/ley-corta_pgu_ampliacion-1-1_optimized-705x533.jpg 705w, https:\/\/radiorevelacionfm.cl\/wp-content\/uploads\/2023\/01\/ley-corta_pgu_ampliacion-1-1_optimized-600x454.jpg 600w\" sizes=\"(max-width: 793px) 100vw, 793px\" \/><\/div><\/div><\/div><\/div><div class=\"flex_column av_one_full  flex_column_div av-zero-column-padding first  avia-builder-el-2  el_after_av_one_full  el_before_av_one_full  column-top-margin\" style='border-radius:0px; '><section class=\"av_textblock_section \"  itemscope=\"itemscope\" itemtype=\"https:\/\/schema.org\/BlogPosting\" itemprop=\"blogPost\" ><div class='avia_textblock  '   itemprop=\"text\" ><p style=\"text-align: center;\"><strong><span style=\"font-size: 18pt;\">\u00abLey Corta\u00bb ampl\u00eda cobertura de la PGU: 350 nuevos beneficiarios\/as se proyectan en la Regi\u00f3n de Ays\u00e9n<\/span><\/strong><\/p>\n<div id=\"gtx-trans\" style=\"position: absolute; left: -50px; top: 4.31534px;\">\n<div class=\"gtx-trans-icon\"><\/div>\n<\/div>\n<\/div><\/section><\/div><div class=\"flex_column av_one_full  flex_column_div av-zero-column-padding first  avia-builder-el-4  el_after_av_one_full  el_before_av_hr  column-top-margin\" style='border-radius:0px; '><section class=\"av_textblock_section \"  itemscope=\"itemscope\" itemtype=\"https:\/\/schema.org\/BlogPosting\" itemprop=\"blogPost\" ><div class='avia_textblock  '   itemprop=\"text\" ><p class=\"v1MsoNormal\" style=\"text-align: justify;\"><span lang=\"ES\">La \u00abLey Corta PGU\u00bb fue aprobada en el Congreso de forma un\u00e1nime, siendo ya promulgada y publicada en el Diario Oficial, la\u00a0<a href=\"https:\/\/archiradios.cl:2096\/cpsess4207459592\/3rdparty\/roundcube\/?_task=mail&amp;_caps=pdf%3D1%2Cflash%3D0%2Ctiff%3D0%2Cwebp%3D1%2Cpgpmime%3D0&amp;_uid=12911&amp;_mbox=INBOX&amp;_framed=1&amp;_action=preview#NOP\">Ley 21538<\/a>\u00a0que introduce\u00a0 modificaciones a la\u00a0<a href=\"https:\/\/archiradios.cl:2096\/cpsess4207459592\/3rdparty\/roundcube\/?_task=mail&amp;_caps=pdf%3D1%2Cflash%3D0%2Ctiff%3D0%2Cwebp%3D1%2Cpgpmime%3D0&amp;_uid=12911&amp;_mbox=INBOX&amp;_framed=1&amp;_action=preview#NOP\">Ley 21419<\/a>\u00a0. A partir del mes de abril y a lo largo del 2023, ser\u00e1n alrededor de 350 los ayseninos y ayseninas que se ver\u00e1n beneficiados con la ampliaci\u00f3n de la cobertura de la Pensi\u00f3n Garantizada Universal gracias a esta ley.<\/span><\/p>\n<p class=\"v1MsoNormal\" style=\"text-align: justify;\"><span lang=\"ES\">El Seremi de Trabajo y Previsi\u00f3n Social, Rodrigo D\u00edaz, explic\u00f3 sobre la ley: \u00abEl 18 de enero el Congreso aprob\u00f3 la Ley Corta de la Pensi\u00f3n Garantizada Universal, donde ampl\u00eda el espectro de beneficiarios de esta pensi\u00f3n, por lo tanto, antes quedaba fuera el 10% de los adultos mayores m\u00e1s rico, y hoy d\u00eda con esta reforma, con esta Ley Corta, van a quedar fuera el 10 % de los adultos mayores de la poblaci\u00f3n total. As\u00ed es que eso es una gran noticia, ampl\u00eda a nivel nacional alrededor de setenta mil beneficiarios, y en la regi\u00f3n estimamos que alrededor de 350 personas, as\u00ed es que ahora la invitaci\u00f3n es que, los que vayan cumpliendo 65 a\u00f1os, hombres y mujeres postulen a la Pensi\u00f3n Garantizada Universal. La gente que fue rechazada, de manera autom\u00e1tica, de oficio, el IPS proceder\u00e1 a revisar sus casos a partir del mes abril del presente a\u00f1o\u00bb.<\/span><\/p>\n<p class=\"v1MsoNormal\" style=\"text-align: justify;\"><span lang=\"ES\">La iniciativa introduce modificaciones a los art\u00edculos 10 y 25 de la Ley 21.419, lo que significa que ahora se evaluar\u00e1 si las personas integran un grupo familiar perteneciente al 90% m\u00e1s vulnerable de la poblaci\u00f3n total, en lugar de evaluar si integraban un grupo familiar perteneciente al 90% m\u00e1s vulnerable de la poblaci\u00f3n de 65 y m\u00e1s a\u00f1os. Esto permite ampliar el umbral para que las personas accedan. Cabe mencionar que este requisito se eval\u00faa a trav\u00e9s de un instrumento de focalizaci\u00f3n establecido por la normativa.<\/span><\/p>\n<p class=\"v1MsoNormal\" style=\"text-align: justify;\"><span lang=\"ES\">En la norma, se establece un art\u00edculo transitorio que se\u00f1ala que esta modificaci\u00f3n entrar\u00e1 en vigor el primer d\u00eda h\u00e1bil del tercer mes desde la publicaci\u00f3n de la ley, y ordena modificar el pertinente reglamento a m\u00e1s tardar el segundo mes desde esa publicaci\u00f3n. Es decir, al ser publicada en enero, los cambios tendr\u00e1n vigencia desde abril.<\/span><\/p>\n<p class=\"v1MsoNormal\" style=\"text-align: justify;\"><span lang=\"ES\">Adem\u00e1s, las autoridades hicieron un llamado a que las personas contin\u00faen realizando la solicitud de la PGU. Daniela Catal\u00e1n, jefa de la sucursal IPS ChileAtiende, detall\u00f3 sobre los requisitos: \u00abLo importante es estar en el Registro Social de Hogares, tener m\u00e1s de 65 a\u00f1os, 20 a\u00f1os de residencia en el pa\u00eds, continuos o discontinuos, y los \u00faltimos 5 a\u00f1os, viviendo ac\u00e1. Para poder postular a este beneficio, es importante que se acerquen, que vengan, lo pueden hacer en todas nuestras sucursales de la regi\u00f3n, en todos los municipios porque tenemos convenio con todos las municipios, en su AFP o aseguradoras y tambi\u00e9n -las personas que ya se manejan un poquitito m\u00e1s- de forma online, en nuestra p\u00e1gina\u00a0<a href=\"http:\/\/www.chileatiende.cl\/\" target=\"_blank\" rel=\"noopener noreferrer\">www.chileatiende.cl<\/a>\u00a0en nuestra sucursal virtual\u00bb.<\/span><\/p>\n<p class=\"v1MsoNormal\" style=\"text-align: justify;\"><span lang=\"ES\">Cabe recordar que NO es necesario estar pensionado para solicitar este beneficio, siempre que se cumplan todos los dem\u00e1s requisitos. Incluso una persona de 65 o m\u00e1s a\u00f1os podr\u00eda estar trabajando, y solicitar la PGU para evaluar si cumple todas las condiciones de acceso.<\/span><\/p>\n<p class=\"v1MsoNormal\" style=\"text-align: justify;\"><span lang=\"ES\">Sobre el beneficio que representa la PGU para los adultos mayores, Marta Toloza, dirigenta de Barrio Seco coment\u00f3, \u00abMuy bueno, buen\u00edsimo, porque yo dependo de mi pensi\u00f3n nom\u00e1s, aparte que vivo con una hija, pero igual tengo que aportar y esto ha sido excelente\u00bb. Por su parte, la beneficiaria Patricia M\u00e1rquez tambi\u00e9n se mostr\u00f3 muy contenta, \u00abS\u00ed, ha sido muy importante para nosotros los adultos mayores, tener ese dinero extra, ha sido bueno\u00bb, mencion\u00f3.<\/span><\/p>\n<p class=\"v1MsoNormal\" style=\"text-align: justify;\"><span lang=\"ES\">Daniela Catal\u00e1n advirti\u00f3 tambi\u00e9n sobre las estafas que andan circulando, ya sea a trav\u00e9s del tel\u00e9fono como v\u00eda mensajes o mails, \u00abEs muy importante, que la gente sepa que nosotros jam\u00e1s los vamos a llamar, pidi\u00e9ndoles datos, ni haci\u00e9ndolos ingresar a un link, ni por medio del whatsapp, porque ha ocurrido mucho en esta regi\u00f3n, en el mes de diciembre, hubo muchos casos en que se llamaban a las personas e incluso ocurrieron estafas de este tema, as\u00ed es que para que tengan cuidado, nosotros nunca les vamos a pedir datos personales, como las claves, las cuentas de banco. Si tienen duda, vengan a consultar. Nosotros por lo general, nuestras llamadas, nuestros mensajes, son informativos, no preguntando informaci\u00f3n\u00bb, puntualiz\u00f3 la jefa de sucursal IPS Coyhaique.<\/span><\/p>\n<p class=\"v1MsoNormal\" style=\"text-align: justify;\"><b><span lang=\"ES\">La PGU en tu barrio 2023<\/span><\/b><\/p>\n<p class=\"v1MsoNormal\" style=\"text-align: justify;\"><span lang=\"ES\">Cabe mencionar que el Instituto de Previsi\u00f3n Social continuar\u00e1 a lo largo de Chile con el plan \u00abLa PGU en tu barrio\u00bb, en su versi\u00f3n 2023, con el prop\u00f3sito de reforzar los acercamientos a diversos lugares del territorio, a trav\u00e9s de actividades en terreno y oficinas m\u00f3viles ChileAtiende, para apoyar a las personas que tengan mayores dificultades para hacer sus solicitudes de la PGU.<\/span><\/p>\n<p class=\"v1MsoNormal\" style=\"text-align: justify;\"><span lang=\"ES\">En este sentido, durante estas \u00faltimas semanas, el equipo de IPS ya ha recorrido Fachinal, Mall\u00edn Grande, Puerto Guadal, Caleta Andrade, entre otros, coordinando ya varias visitas a distintas localidades.<\/span><\/p>\n<p class=\"v1MsoNormal\" style=\"text-align: justify;\"><b><span lang=\"ES\">\u00bfD\u00f3nde se puede solicitar la PGU?<\/span><\/b><\/p>\n<div style=\"text-align: justify;\">\n<p class=\"v1MsoNormal\"><span lang=\"ES\">La PGU se puede solicitar a trav\u00e9s de\u00a0<a href=\"http:\/\/www.chileatiende.cl\/\" target=\"_blank\" rel=\"noopener noreferrer\">www.chileatiende.cl<\/a>\u00a0con Clave\u00danica, a trav\u00e9s de ese mismo sitio web por videoatenci\u00f3n, en las sucursales ChileAtiende del IPS, en los municipios en convenio con el IPS y en las propias AFP o compa\u00f1\u00edas de seguro si las personas est\u00e1n afiliadas a esas instituciones.<\/span><\/p>\n<p class=\"v1MsoNormal\"><span lang=\"ES\">Es importante recordar que la ley establece un plazo desde el cual tendr\u00e1 vigencia el nuevo requisito. Esto es, abril, en caso de que la publicaci\u00f3n de la norma se haga en enero, dado que es necesario preparar y publicar el reglamento respectivo.<\/span><\/p>\n<\/div>\n<p class=\"v1MsoNormal\" style=\"text-align: justify;\"><span lang=\"ES\">Para conocer los requisitos y m\u00e1s informaci\u00f3n sobre la Pensi\u00f3n Garantizada Universal, las personas pueden ingresar a\u00a0<a href=\"http:\/\/www.ips.gob.cl\/\" target=\"_blank\" rel=\"noopener noreferrer\">www.ips.gob.cl<\/a>,\u00a0<a href=\"http:\/\/www.chileatiende.cl\/\" target=\"_blank\" rel=\"noopener noreferrer\">www.chileatiende.cl<\/a>, redes sociales @ChileAtiende en Twitter, Facebook e Instagram, o llamar al Call Center 101 (de lunes a viernes).<\/span><\/p>\n<\/div><\/section><\/div><div  style='height:50px' class='hr hr-invisible   avia-builder-el-6  el_after_av_one_full  el_before_av_social_share '><span class='hr-inner ' ><span class='hr-inner-style'><\/span><\/span><\/div><\/p>\n<div  class='av-social-sharing-box  avia-builder-el-7  el_after_av_hr  el_before_av_hr  '><div class='av-share-box'><h5 class='av-share-link-description av-no-toc '>Compartir esta noticia<\/h5><ul class='av-share-box-list noLightbox'><li class='av-share-link av-social-link-facebook' ><a target=\"_blank\" aria-label=\"Compartir en Facebook\" href='https:\/\/www.facebook.com\/sharer.php?u=https:\/\/radiorevelacionfm.cl\/?p=27310&#038;t=%C2%ABLey%20Corta%C2%BB%20ampl%C3%ADa%20cobertura%20de%20la%20PGU%3A%20350%20nuevos%20beneficiarios%2Fas%20se%20proyectan%20en%20la%20Regi%C3%B3n%20de%20Ays%C3%A9n' aria-hidden='false' data-av_icon='\ue8f3' data-av_iconfont='entypo-fontello' title='' data-avia-related-tooltip='Compartir en Facebook' rel=\"noopener\"><span class='avia_hidden_link_text'>Compartir en Facebook<\/span><\/a><\/li><li class='av-share-link av-social-link-twitter' ><a target=\"_blank\" aria-label=\"Compartir en Twitter\" href='https:\/\/twitter.com\/share?text=%C2%ABLey%20Corta%C2%BB%20ampl%C3%ADa%20cobertura%20de%20la%20PGU%3A%20350%20nuevos%20beneficiarios%2Fas%20se%20proyectan%20en%20la%20Regi%C3%B3n%20de%20Ays%C3%A9n&#038;url=https:\/\/radiorevelacionfm.cl\/?p=27310' aria-hidden='false' data-av_icon='\ue8f1' data-av_iconfont='entypo-fontello' title='' data-avia-related-tooltip='Compartir en Twitter' rel=\"noopener\"><span class='avia_hidden_link_text'>Compartir en Twitter<\/span><\/a><\/li><li class='av-share-link av-social-link-whatsapp' ><a target=\"_blank\" aria-label=\"Compartir en Whatsapp\" href='https:\/\/api.whatsapp.com\/send?text=https:\/\/radiorevelacionfm.cl\/?p=27310' aria-hidden='false' data-av_icon='\uf232' data-av_iconfont='entypo-fontello' title='' data-avia-related-tooltip='Compartir en Whatsapp' rel=\"noopener\"><span class='avia_hidden_link_text'>Compartir en Whatsapp<\/span><\/a><\/li><li class='av-share-link av-social-link-linkedin' ><a target=\"_blank\" aria-label=\"Compartir en LinkedIn\" href='https:\/\/linkedin.com\/shareArticle?mini=true&#038;title=%C2%ABLey%20Corta%C2%BB%20ampl%C3%ADa%20cobertura%20de%20la%20PGU%3A%20350%20nuevos%20beneficiarios%2Fas%20se%20proyectan%20en%20la%20Regi%C3%B3n%20de%20Ays%C3%A9n&#038;url=https:\/\/radiorevelacionfm.cl\/?p=27310' aria-hidden='false' data-av_icon='\ue8fc' data-av_iconfont='entypo-fontello' title='' data-avia-related-tooltip='Compartir en LinkedIn' rel=\"noopener\"><span class='avia_hidden_link_text'>Compartir en LinkedIn<\/span><\/a><\/li><li class='av-share-link av-social-link-mail' ><a  aria-label=\"Compartir por correo\" href='mailto:?subject=%C2%ABLey%20Corta%C2%BB%20ampl%C3%ADa%20cobertura%20de%20la%20PGU%3A%20350%20nuevos%20beneficiarios%2Fas%20se%20proyectan%20en%20la%20Regi%C3%B3n%20de%20Ays%C3%A9n&#038;body=https:\/\/radiorevelacionfm.cl\/?p=27310' aria-hidden='false' data-av_icon='\ue805' data-av_iconfont='entypo-fontello' title='' data-avia-related-tooltip='Compartir por correo'><span class='avia_hidden_link_text'>Compartir por correo<\/span><\/a><\/li><\/ul><\/div><\/div>\n<div  style='height:50px' class='hr hr-invisible   avia-builder-el-8  el_after_av_social_share  el_before_av_comments_list '><span class='hr-inner ' ><span class='hr-inner-style'><\/span><\/span><\/div>\n<div  class='av-buildercomment  av-blog-meta-html-info-disabled av-blog-meta-tag-disabled  '><\/div>\n","protected":false},"excerpt":{"rendered":"","protected":false},"author":1,"featured_media":27311,"comment_status":"open","ping_status":"open","sticky":false,"template":"","format":"standard","meta":{"footnotes":""},"categories":[56],"tags":[],"class_list":["post-27310","post","type-post","status-publish","format-standard","has-post-thumbnail","hentry","category-trabajo"],"jetpack_featured_media_url":"https:\/\/radiorevelacionfm.cl\/wp-content\/uploads\/2023\/01\/ley-corta_pgu_ampliacion-1-1_optimized.jpg","_links":{"self":[{"href":"https:\/\/radiorevelacionfm.cl\/index.php?rest_route=\/wp\/v2\/posts\/27310","targetHints":{"allow":["GET"]}}],"collection":[{"href":"https:\/\/radiorevelacionfm.cl\/index.php?rest_route=\/wp\/v2\/posts"}],"about":[{"href":"https:\/\/radiorevelacionfm.cl\/index.php?rest_route=\/wp\/v2\/types\/post"}],"author":[{"embeddable":true,"href":"https:\/\/radiorevelacionfm.cl\/index.php?rest_route=\/wp\/v2\/users\/1"}],"replies":[{"embeddable":true,"href":"https:\/\/radiorevelacionfm.cl\/index.php?rest_route=%2Fwp%2Fv2%2Fcomments&post=27310"}],"version-history":[{"count":2,"href":"https:\/\/radiorevelacionfm.cl\/index.php?rest_route=\/wp\/v2\/posts\/27310\/revisions"}],"predecessor-version":[{"id":27314,"href":"https:\/\/radiorevelacionfm.cl\/index.php?rest_route=\/wp\/v2\/posts\/27310\/revisions\/27314"}],"wp:featuredmedia":[{"embeddable":true,"href":"https:\/\/radiorevelacionfm.cl\/index.php?rest_route=\/wp\/v2\/media\/27311"}],"wp:attachment":[{"href":"https:\/\/radiorevelacionfm.cl\/index.php?rest_route=%2Fwp%2Fv2%2Fmedia&parent=27310"}],"wp:term":[{"taxonomy":"category","embeddable":true,"href":"https:\/\/radiorevelacionfm.cl\/index.php?rest_route=%2Fwp%2Fv2%2Fcategories&post=27310"},{"taxonomy":"post_tag","embeddable":true,"href":"https:\/\/radiorevelacionfm.cl\/index.php?rest_route=%2Fwp%2Fv2%2Ftags&post=27310"}],"curies":[{"name":"wp","href":"https:\/\/api.w.org\/{rel}","templated":true}]}}