{"id":27306,"date":"2023-01-31T21:07:29","date_gmt":"2023-02-01T00:07:29","guid":{"rendered":"https:\/\/radiorevelacionfm.cl\/?p=27306"},"modified":"2023-01-31T21:07:29","modified_gmt":"2023-02-01T00:07:29","slug":"realizan-entrega-de-terreno-para-nuevo-edificio-institucional-de-aduanas-en-aysen","status":"publish","type":"post","link":"https:\/\/radiorevelacionfm.cl\/?p=27306","title":{"rendered":"Realizan entrega de terreno para nuevo edificio institucional de Aduanas en Ays\u00e9n"},"content":{"rendered":"<div class=\"flex_column av_one_full  flex_column_div av-zero-column-padding first  avia-builder-el-0  el_before_av_one_full  avia-builder-el-first  \" style='border-radius:0px; '><div  class='avia-image-container  av-styling-    avia-builder-el-1  avia-builder-el-no-sibling  avia-align-center '  itemprop=\"image\" itemscope=\"itemscope\" itemtype=\"https:\/\/schema.org\/ImageObject\"  ><div class='avia-image-container-inner'><div class='avia-image-overlay-wrap'><img decoding=\"async\" class='wp-image-27307 avia-img-lazy-loading-not-27307 avia_image' src=\"https:\/\/radiorevelacionfm.cl\/wp-content\/uploads\/2023\/01\/a-puerto-aysen-1_optimized.jpg\" alt='' title='a-puerto-aysen-(1)_optimized' height=\"600\" width=\"1064\"  itemprop=\"thumbnailUrl\" srcset=\"https:\/\/radiorevelacionfm.cl\/wp-content\/uploads\/2023\/01\/a-puerto-aysen-1_optimized.jpg 1064w, https:\/\/radiorevelacionfm.cl\/wp-content\/uploads\/2023\/01\/a-puerto-aysen-1_optimized-300x169.jpg 300w, https:\/\/radiorevelacionfm.cl\/wp-content\/uploads\/2023\/01\/a-puerto-aysen-1_optimized-1030x581.jpg 1030w, https:\/\/radiorevelacionfm.cl\/wp-content\/uploads\/2023\/01\/a-puerto-aysen-1_optimized-768x433.jpg 768w, https:\/\/radiorevelacionfm.cl\/wp-content\/uploads\/2023\/01\/a-puerto-aysen-1_optimized-705x398.jpg 705w, https:\/\/radiorevelacionfm.cl\/wp-content\/uploads\/2023\/01\/a-puerto-aysen-1_optimized-600x338.jpg 600w\" sizes=\"(max-width: 1064px) 100vw, 1064px\" \/><\/div><\/div><\/div><\/div><div class=\"flex_column av_one_full  flex_column_div av-zero-column-padding first  avia-builder-el-2  el_after_av_one_full  el_before_av_one_full  column-top-margin\" style='border-radius:0px; '><section class=\"av_textblock_section \"  itemscope=\"itemscope\" itemtype=\"https:\/\/schema.org\/BlogPosting\" itemprop=\"blogPost\" ><div class='avia_textblock  '   itemprop=\"text\" ><p style=\"text-align: center;\"><strong><span style=\"font-size: 18pt;\">Realizan entrega de terreno para nuevo edificio institucional de Aduanas en Ays\u00e9n<\/span><\/strong><\/p>\n<div id=\"gtx-trans\" style=\"position: absolute; left: -50px; top: 4.31534px;\">\n<div class=\"gtx-trans-icon\"><\/div>\n<\/div>\n<\/div><\/section><\/div><div class=\"flex_column av_one_full  flex_column_div av-zero-column-padding first  avia-builder-el-4  el_after_av_one_full  el_before_av_hr  column-top-margin\" style='border-radius:0px; '><section class=\"av_textblock_section \"  itemscope=\"itemscope\" itemtype=\"https:\/\/schema.org\/BlogPosting\" itemprop=\"blogPost\" ><div class='avia_textblock  '   itemprop=\"text\" ><p style=\"text-align: justify;\">Cuatro d\u00edas de intensas actividades tuvo la Directora Nacional de Aduanas, Alejandra Arriaza Loeb, quien lleg\u00f3 hasta la Regi\u00f3n de Ays\u00e9n para reunirse con autoridades locales y conocer en el territorio el funcionamiento del Servicio, as\u00ed como las opciones de mejora en algunos de los procesos que permitan dinamizar el flujo comercial de la zona y la fiscalizaci\u00f3n.<\/p>\n<p style=\"text-align: justify;\">El hito m\u00e1s importante de la visita fue la firma del convenio entre el Servicio Nacional de Aduanas y la Direcci\u00f3n de Arquitectura del MOP de Ays\u00e9n, mediante el cual el Servicio entrega formalmente a partir del 1 de febrero el terreno para el inicio de la construcci\u00f3n del nuevo edificio para la Administraci\u00f3n de Aduanas de Puerto Ays\u00e9n.<\/p>\n<p style=\"text-align: justify;\">Alejandra Arriaza lleg\u00f3 hasta Puerto Chacabuco, donde se ubicar\u00e1 el futuro edificio, acompa\u00f1ada por el jefe del Departamento de Infraestructura e Inversi\u00f3n de Aduanas, Aldo Mesa, para reunirse con la Directora de Arquitectura Paola Az\u00f3car, y los equipos de ambos organismos.<\/p>\n<p style=\"text-align: justify;\">La m\u00e1xima autoridad de la Aduana chilena indic\u00f3 que este proyecto, trabajado por el equipo de infraestructura de Aduanas y por el MOP, le dar\u00e1 el est\u00e1ndar requerido a una Administraci\u00f3n que cada vez enfrenta mayores desaf\u00edos y que debe estar lista para las posibilidades que se abren para el comercio internacional en Ays\u00e9n.<\/p>\n<p style=\"text-align: justify;\">\u201cEsta construcci\u00f3n implica de pasamos de tener 275 metros cuadrados, que es lo que hoy tiene la casa que hoy ocupamos, a un edificio institucional que superar\u00e1 los 1.000 metros, emplazado frente a Puerto Chacabuco, donde se desarrollan las labores de Aduanas. Vamos a contar con dependencias acordes a la importancia del trabajo que all\u00ed se desarrolla, que son relevantes para el desarrollo regional, pero tambi\u00e9n para el comercio exterior y seguridad de nuestro pa\u00eds\u201d, destac\u00f3 Alejandra Arriaza.<\/p>\n<p style=\"text-align: justify;\">Por su parte, la Directora Regional de Arquitectura de Ays\u00e9n, Paola Az\u00f3car, indic\u00f3 que \u201cestamos contentos de anunciar que esta obra adjudicada contempla una construcci\u00f3n de 990 mt2., est\u00e1 proyectara para un total de 30 funcionarios, por lo que absorbe la demanda futura de Aduanas. Para nosotros es muy importante traer la edificaci\u00f3n p\u00fablica a lugares tan estrat\u00e9gicos como es Puerto Chacabuco.\u201d<\/p>\n<p style=\"text-align: justify;\">El inmueble considera 2 niveles, y se organiza mediante patios de luz o jardines que van dando vida al espacio interior. Su construcci\u00f3n durar\u00e1 aproximadamente un a\u00f1o, m\u00e1s el periodo de habilitaci\u00f3n.<\/p>\n<p style=\"text-align: justify;\"><strong>Gira por la regi\u00f3n<\/strong><\/p>\n<p style=\"text-align: justify;\">Alejandra Arriaza tuvo una serie de actividades durante 4 d\u00edas en la zona. Entre ellas, se reuni\u00f3 con el Delegado Presidencial Regional, Rodrigo Araya, y con el Administrador (S) del Gobierno Regional de Ays\u00e9n Erik Adio, con quienes analiz\u00f3 las posibilidades de desarrollo para la regi\u00f3n y c\u00f3mo Aduanas puede sumarse desde su \u00e1mbito de acci\u00f3n a este impulso. Tambi\u00e9n se reuni\u00f3 con los equipos de funcionarias y funcionarios.<\/p>\n<p style=\"text-align: justify;\">El evento central fue la celebraci\u00f3n del D\u00eda Internacional de Aduanas, que se desarroll\u00f3 en la Plaza de Armas de Coyhaique, con la presencia del director regional de la Aduana de Coyhaique, V\u00edctor Valenzuela, y el Administrador (S) de la Aduana de Puerto Ays\u00e9n, Robert Anabal\u00f3n. En la plaza ciudadana, las funcionarias y funcionarias compartieron y difundieron los roles y la relevancia del trabajo de aduanas entre la comunidad. Hasta ah\u00ed lleg\u00f3 el alcalde de Coyhaique, Carlos Gatica, as\u00ed como autoridades de los servicios de Hacienda locales, representantes de las polic\u00edas y del SAG.<\/p>\n<p style=\"text-align: justify;\">Antes de terminar la visita la Directora Nacional de Aduanas indic\u00f3 que \u201cnos hemos propuesto el desaf\u00edo de construir la Aduana que Chile necesita hoy desde el territorio y nuestra visita a Ays\u00e9n tiene que ver precisamente con este \u00e9nfasis. El desaf\u00edo que tenemos es muy grande: proteger a la ciudadan\u00eda de los delitos que pudieran producirse a prop\u00f3sito del tr\u00e1fico y crimen organizado a nivel internacional y, por otro lado, recaudar impuestos y derechos para poder desarrollar programas sociales. Todo este trabajo lo desplegaremos desde las regiones\u201d.<\/p>\n<p style=\"text-align: justify;\">Continuando con las visitas de trabajo a regiones y el despliegue territorial, Alejandra Arriaza estar\u00e1 entre el 1\u00b0 y 4 de febrero en la Regi\u00f3n de Arica y Parinacota.<\/p>\n<div class=\"td-a-rec td-a-rec-id-content_bottom tdi_2 td_block_template_4\">\n<div id=\"101580-1\" style=\"text-align: justify;\"><\/div>\n<\/div>\n<\/div><\/section><\/div><div  style='height:50px' class='hr hr-invisible   avia-builder-el-6  el_after_av_one_full  el_before_av_social_share '><span class='hr-inner ' ><span class='hr-inner-style'><\/span><\/span><\/div><\/p>\n<div  class='av-social-sharing-box  avia-builder-el-7  el_after_av_hr  el_before_av_hr  '><div class='av-share-box'><h5 class='av-share-link-description av-no-toc '>Compartir esta noticia<\/h5><ul class='av-share-box-list noLightbox'><li class='av-share-link av-social-link-facebook' ><a target=\"_blank\" aria-label=\"Compartir en Facebook\" href='https:\/\/www.facebook.com\/sharer.php?u=https:\/\/radiorevelacionfm.cl\/?p=27306&#038;t=Realizan%20entrega%20de%20terreno%20para%20nuevo%20edificio%20institucional%20de%20Aduanas%20en%20Ays%C3%A9n' aria-hidden='false' data-av_icon='\ue8f3' data-av_iconfont='entypo-fontello' title='' data-avia-related-tooltip='Compartir en Facebook' rel=\"noopener\"><span class='avia_hidden_link_text'>Compartir en Facebook<\/span><\/a><\/li><li class='av-share-link av-social-link-twitter' ><a target=\"_blank\" aria-label=\"Compartir en Twitter\" href='https:\/\/twitter.com\/share?text=Realizan%20entrega%20de%20terreno%20para%20nuevo%20edificio%20institucional%20de%20Aduanas%20en%20Ays%C3%A9n&#038;url=https:\/\/radiorevelacionfm.cl\/?p=27306' aria-hidden='false' data-av_icon='\ue8f1' data-av_iconfont='entypo-fontello' title='' data-avia-related-tooltip='Compartir en Twitter' rel=\"noopener\"><span class='avia_hidden_link_text'>Compartir en Twitter<\/span><\/a><\/li><li class='av-share-link av-social-link-whatsapp' ><a target=\"_blank\" aria-label=\"Compartir en Whatsapp\" href='https:\/\/api.whatsapp.com\/send?text=https:\/\/radiorevelacionfm.cl\/?p=27306' aria-hidden='false' data-av_icon='\uf232' data-av_iconfont='entypo-fontello' title='' data-avia-related-tooltip='Compartir en Whatsapp' rel=\"noopener\"><span class='avia_hidden_link_text'>Compartir en Whatsapp<\/span><\/a><\/li><li class='av-share-link av-social-link-linkedin' ><a target=\"_blank\" aria-label=\"Compartir en LinkedIn\" href='https:\/\/linkedin.com\/shareArticle?mini=true&#038;title=Realizan%20entrega%20de%20terreno%20para%20nuevo%20edificio%20institucional%20de%20Aduanas%20en%20Ays%C3%A9n&#038;url=https:\/\/radiorevelacionfm.cl\/?p=27306' aria-hidden='false' data-av_icon='\ue8fc' data-av_iconfont='entypo-fontello' title='' data-avia-related-tooltip='Compartir en LinkedIn' rel=\"noopener\"><span class='avia_hidden_link_text'>Compartir en LinkedIn<\/span><\/a><\/li><li class='av-share-link av-social-link-mail' ><a  aria-label=\"Compartir por correo\" href='mailto:?subject=Realizan%20entrega%20de%20terreno%20para%20nuevo%20edificio%20institucional%20de%20Aduanas%20en%20Ays%C3%A9n&#038;body=https:\/\/radiorevelacionfm.cl\/?p=27306' aria-hidden='false' data-av_icon='\ue805' data-av_iconfont='entypo-fontello' title='' data-avia-related-tooltip='Compartir por correo'><span class='avia_hidden_link_text'>Compartir por correo<\/span><\/a><\/li><\/ul><\/div><\/div>\n<div  style='height:50px' class='hr hr-invisible   avia-builder-el-8  el_after_av_social_share  el_before_av_comments_list '><span class='hr-inner ' ><span class='hr-inner-style'><\/span><\/span><\/div>\n<div  class='av-buildercomment  av-blog-meta-html-info-disabled av-blog-meta-tag-disabled  '><\/div>\n","protected":false},"excerpt":{"rendered":"","protected":false},"author":1,"featured_media":27307,"comment_status":"open","ping_status":"open","sticky":false,"template":"","format":"standard","meta":{"footnotes":""},"categories":[38],"tags":[],"class_list":["post-27306","post","type-post","status-publish","format-standard","has-post-thumbnail","hentry","category-regional"],"jetpack_featured_media_url":"https:\/\/radiorevelacionfm.cl\/wp-content\/uploads\/2023\/01\/a-puerto-aysen-1_optimized.jpg","_links":{"self":[{"href":"https:\/\/radiorevelacionfm.cl\/index.php?rest_route=\/wp\/v2\/posts\/27306","targetHints":{"allow":["GET"]}}],"collection":[{"href":"https:\/\/radiorevelacionfm.cl\/index.php?rest_route=\/wp\/v2\/posts"}],"about":[{"href":"https:\/\/radiorevelacionfm.cl\/index.php?rest_route=\/wp\/v2\/types\/post"}],"author":[{"embeddable":true,"href":"https:\/\/radiorevelacionfm.cl\/index.php?rest_route=\/wp\/v2\/users\/1"}],"replies":[{"embeddable":true,"href":"https:\/\/radiorevelacionfm.cl\/index.php?rest_route=%2Fwp%2Fv2%2Fcomments&post=27306"}],"version-history":[{"count":2,"href":"https:\/\/radiorevelacionfm.cl\/index.php?rest_route=\/wp\/v2\/posts\/27306\/revisions"}],"predecessor-version":[{"id":27309,"href":"https:\/\/radiorevelacionfm.cl\/index.php?rest_route=\/wp\/v2\/posts\/27306\/revisions\/27309"}],"wp:featuredmedia":[{"embeddable":true,"href":"https:\/\/radiorevelacionfm.cl\/index.php?rest_route=\/wp\/v2\/media\/27307"}],"wp:attachment":[{"href":"https:\/\/radiorevelacionfm.cl\/index.php?rest_route=%2Fwp%2Fv2%2Fmedia&parent=27306"}],"wp:term":[{"taxonomy":"category","embeddable":true,"href":"https:\/\/radiorevelacionfm.cl\/index.php?rest_route=%2Fwp%2Fv2%2Fcategories&post=27306"},{"taxonomy":"post_tag","embeddable":true,"href":"https:\/\/radiorevelacionfm.cl\/index.php?rest_route=%2Fwp%2Fv2%2Ftags&post=27306"}],"curies":[{"name":"wp","href":"https:\/\/api.w.org\/{rel}","templated":true}]}}