{"id":2730,"date":"2021-02-17T17:39:42","date_gmt":"2021-02-17T20:39:42","guid":{"rendered":"https:\/\/radiorevelacionfm.cl\/?p=2730"},"modified":"2021-02-17T17:39:42","modified_gmt":"2021-02-17T20:39:42","slug":"reabren-las-puertas-a-la-comunidad-de-renovada-biblioteca-tehuelche-de-chile-chico","status":"publish","type":"post","link":"https:\/\/radiorevelacionfm.cl\/?p=2730","title":{"rendered":"Reabren las puertas a la comunidad de renovada biblioteca \u201cTehuelche\u201d de Chile Chico"},"content":{"rendered":"<div class=\"flex_column av_one_full  flex_column_div av-zero-column-padding first  avia-builder-el-0  el_before_av_one_full  avia-builder-el-first  \" style='border-radius:0px; '><div  class='avia-image-container  av-styling-    avia-builder-el-1  avia-builder-el-no-sibling  avia-align-center '  itemprop=\"image\" itemscope=\"itemscope\" itemtype=\"https:\/\/schema.org\/ImageObject\"  ><div class='avia-image-container-inner'><div class='avia-image-overlay-wrap'><img decoding=\"async\" class='wp-image-0 avia-img-lazy-loading-not-0 avia_image' src=\"https:\/\/radiorevelacionfm.cl\/wp-content\/uploads\/2021\/02\/REAPERTURA-BIBLIOTECA-1-1-1.jpg\" alt='' title=''   itemprop=\"thumbnailUrl\"  \/><\/div><\/div><\/div><\/div><div class=\"flex_column av_one_full  flex_column_div av-zero-column-padding first  avia-builder-el-2  el_after_av_one_full  el_before_av_one_full  column-top-margin\" style='border-radius:0px; '><section class=\"av_textblock_section \"  itemscope=\"itemscope\" itemtype=\"https:\/\/schema.org\/BlogPosting\" itemprop=\"blogPost\" ><div class='avia_textblock  '   itemprop=\"text\" ><p style=\"text-align: center;\"><span style=\"font-size: 18pt;\"><strong>Reabren las puertas a la comunidad de renovada biblioteca \u201cTehuelche\u201d de Chile Chico<\/strong><\/span><\/p>\n<div id=\"gtx-trans\" style=\"position: absolute; left: -50px; top: 4.31534px;\">\n<div class=\"gtx-trans-icon\"><\/div>\n<\/div>\n<\/div><\/section><\/div><div class=\"flex_column av_one_full  flex_column_div av-zero-column-padding first  avia-builder-el-4  el_after_av_one_full  el_before_av_hr  column-top-margin\" style='border-radius:0px; '><section class=\"av_textblock_section \"  itemscope=\"itemscope\" itemtype=\"https:\/\/schema.org\/BlogPosting\" itemprop=\"blogPost\" ><div class='avia_textblock  '   itemprop=\"text\" ><p style=\"text-align: justify;\">Un recinto con una gran cantidad de t\u00edtulos para los amantes de la lectura, mayor espacio, m\u00e1s iluminado, colores llamativos e instalaciones c\u00f3modas, es el nuevo espacio que por instrucci\u00f3n de la autoridad comunal fue dise\u00f1ado por el \u00e1rea de Administraci\u00f3n, mientras que los trabajos los ejecut\u00f3 la direcci\u00f3n de obras municipales.<\/p>\n<p style=\"text-align: justify;\">Contin\u00faa la recuperaci\u00f3n y mejora de espacios destinados a la comunidad, mediante la actual gesti\u00f3n municipal de Chile Chico, esta vez, se entregaron a la comunidad las nuevas instalaciones de la biblioteca \u201cTehuelche\u201d. Un lugar m\u00e1s amplio, m\u00e1s c\u00f3modo, con mejor iluminaci\u00f3n, colores llamativos y un espacio muy acogedor, especial para los amantes de la lectura.<\/p>\n<p style=\"text-align: justify;\">El Alcalde Ricardo Ibarra, dijo sentirse orgulloso de c\u00f3mo avanza la comuna, teniendo como eje principal las personas, sus necesidades y las instancias para el desarrollo intelectual mediante la reapertura de renovados espacios p\u00fablicos, como lo es la biblioteca \u201cTehuelche\u201d. En ese sentido, la autoridad puso en valor el trabajo de los funcionarios que administran y est\u00e1n a cargo de estas nuevas instalaciones.<\/p>\n<p style=\"text-align: justify;\">\u201cTodo un m\u00e9rito de nuestros compa\u00f1eros de trabajo, felicitar al \u00e1rea de cultura, a Cristian, Roc\u00edo y Paola, porque fue una ardua tarea y finalmente se logr\u00f3 esto, una biblioteca con mucha luz, con mucho color, para los ni\u00f1os y la gente que viene se puedan sentir c\u00f3modos. Quienes gustan de la lectura, podr\u00e1n venir a un lugar c\u00f3modo y con todas las medidas de seguridad en tiempos de pandemia, para proteger la salud de todos los que vienen ac\u00e1. As\u00ed es que, desde ahora est\u00e1n abiertas las puertas para todos, la idea fue tener este espacio y otros como siempre quisimos, abiertos a la comunidad y eso hoy lo convertimos en realidad\u201d.<\/p>\n<p style=\"text-align: justify;\">Paola Gonz\u00e1lez, es quien est\u00e1 a cargo de la biblioteca \u201cTehuelche\u201d y tambi\u00e9n invit\u00f3 a toda la ciudadan\u00eda no solo de Chile Chico sino que tambi\u00e9n del interior de la comuna y a todos quienes quieran visitar el recinto para disfrutar de la lectura.<\/p>\n<p style=\"text-align: justify;\">\u201cDarle la bienvenida a toda la comunidad, porque ya han venido algunos vecinos, ayer vinieron personas de Mall\u00edn Grande a conocer el recinto, a pedirme libros. As\u00ed es que, feliz de que esto sea algo nuevo, porque est\u00e1 m\u00e1s grande, tienen lindos colores, ello invita a que la gente venga a leer, los ni\u00f1os a jugar. Tenemos muchos libros nuevos, nos ha llegado de todo, tenemos literatura de todo tipo, revistas desde un condorito hasta enciclopedias, lo que busques encontraras en la biblioteca Tehuelche\u201d.<\/p>\n<p style=\"text-align: justify;\">Una conocida vecina y dirigenta local, Patricia Gallardo, estuvo en la reapertura de la biblioteca municipal y se mostr\u00f3 sorprendida del cambio, invitando a la comunidad a conocer este recuperado espacio p\u00fablico.<\/p>\n<p style=\"text-align: justify;\">\u201cMe parece fant\u00e1stico, este lugar qued\u00f3 maravilloso, esta irreconocible, no es como el lugar que hab\u00eda antes. Esta maravilloso, yo invito a la gente que traiga a sus peque\u00f1os un ratito, cuando ande en el centro de compras o haciendo alg\u00fan tr\u00e1mite, pasen a este lugar porque no se van a arrepentir. Esta precioso, me encant\u00f3, felicito a los chicos de la biblioteca, realmente se pasaron, est\u00e1 muy bonito el recinto, hay una cantidad enorme de libros, espacio para los amantes del ajedrez y m\u00e1s\u201d.<\/p>\n<p style=\"text-align: justify;\">En la biblioteca \u201cTehuelche\u201d ya est\u00e1n preparando el programa de actividades como, cuentacuentos, charlas, conversatorios, entre otras iniciativas, siempre bajo las medidas que impone la autoridad sanitaria.<\/p>\n<\/div><\/section><\/div><div  style='height:50px' class='hr hr-invisible   avia-builder-el-6  el_after_av_one_full  el_before_av_social_share '><span class='hr-inner ' ><span class='hr-inner-style'><\/span><\/span><\/div><\/p>\n<div  class='av-social-sharing-box  avia-builder-el-7  el_after_av_hr  el_before_av_hr  '><div class='av-share-box'><h5 class='av-share-link-description av-no-toc '>Compartir esta noticia<\/h5><ul class='av-share-box-list noLightbox'><li class='av-share-link av-social-link-facebook' ><a target=\"_blank\" aria-label=\"Compartir en Facebook\" href='https:\/\/www.facebook.com\/sharer.php?u=https:\/\/radiorevelacionfm.cl\/?p=2730&#038;t=Reabren%20las%20puertas%20a%20la%20comunidad%20de%20renovada%20biblioteca%20%E2%80%9CTehuelche%E2%80%9D%20de%20Chile%20Chico' aria-hidden='false' data-av_icon='\ue8f3' data-av_iconfont='entypo-fontello' title='' data-avia-related-tooltip='Compartir en Facebook' rel=\"noopener\"><span class='avia_hidden_link_text'>Compartir en Facebook<\/span><\/a><\/li><li class='av-share-link av-social-link-twitter' ><a target=\"_blank\" aria-label=\"Compartir en Twitter\" href='https:\/\/twitter.com\/share?text=Reabren%20las%20puertas%20a%20la%20comunidad%20de%20renovada%20biblioteca%20%E2%80%9CTehuelche%E2%80%9D%20de%20Chile%20Chico&#038;url=https:\/\/radiorevelacionfm.cl\/?p=2730' aria-hidden='false' data-av_icon='\ue8f1' data-av_iconfont='entypo-fontello' title='' data-avia-related-tooltip='Compartir en Twitter' rel=\"noopener\"><span class='avia_hidden_link_text'>Compartir en Twitter<\/span><\/a><\/li><li class='av-share-link av-social-link-whatsapp' ><a target=\"_blank\" aria-label=\"Compartir en Whatsapp\" href='https:\/\/api.whatsapp.com\/send?text=https:\/\/radiorevelacionfm.cl\/?p=2730' aria-hidden='false' data-av_icon='\uf232' data-av_iconfont='entypo-fontello' title='' data-avia-related-tooltip='Compartir en Whatsapp' rel=\"noopener\"><span class='avia_hidden_link_text'>Compartir en Whatsapp<\/span><\/a><\/li><li class='av-share-link av-social-link-linkedin' ><a target=\"_blank\" aria-label=\"Compartir en LinkedIn\" href='https:\/\/linkedin.com\/shareArticle?mini=true&#038;title=Reabren%20las%20puertas%20a%20la%20comunidad%20de%20renovada%20biblioteca%20%E2%80%9CTehuelche%E2%80%9D%20de%20Chile%20Chico&#038;url=https:\/\/radiorevelacionfm.cl\/?p=2730' aria-hidden='false' data-av_icon='\ue8fc' data-av_iconfont='entypo-fontello' title='' data-avia-related-tooltip='Compartir en LinkedIn' rel=\"noopener\"><span class='avia_hidden_link_text'>Compartir en LinkedIn<\/span><\/a><\/li><li class='av-share-link av-social-link-mail' ><a  aria-label=\"Compartir por correo\" href='mailto:?subject=Reabren%20las%20puertas%20a%20la%20comunidad%20de%20renovada%20biblioteca%20%E2%80%9CTehuelche%E2%80%9D%20de%20Chile%20Chico&#038;body=https:\/\/radiorevelacionfm.cl\/?p=2730' aria-hidden='false' data-av_icon='\ue805' data-av_iconfont='entypo-fontello' title='' data-avia-related-tooltip='Compartir por correo'><span class='avia_hidden_link_text'>Compartir por correo<\/span><\/a><\/li><\/ul><\/div><\/div>\n<div  style='height:50px' class='hr hr-invisible   avia-builder-el-8  el_after_av_social_share  el_before_av_comments_list '><span class='hr-inner ' ><span class='hr-inner-style'><\/span><\/span><\/div>\n<div  class='av-buildercomment  av-blog-meta-html-info-disabled av-blog-meta-tag-disabled  '><\/div>\n","protected":false},"excerpt":{"rendered":"","protected":false},"author":1,"featured_media":0,"comment_status":"open","ping_status":"open","sticky":false,"template":"","format":"standard","meta":{"footnotes":""},"categories":[52],"tags":[],"class_list":["post-2730","post","type-post","status-publish","format-standard","hentry","category-cultura"],"jetpack_featured_media_url":"","_links":{"self":[{"href":"https:\/\/radiorevelacionfm.cl\/index.php?rest_route=\/wp\/v2\/posts\/2730","targetHints":{"allow":["GET"]}}],"collection":[{"href":"https:\/\/radiorevelacionfm.cl\/index.php?rest_route=\/wp\/v2\/posts"}],"about":[{"href":"https:\/\/radiorevelacionfm.cl\/index.php?rest_route=\/wp\/v2\/types\/post"}],"author":[{"embeddable":true,"href":"https:\/\/radiorevelacionfm.cl\/index.php?rest_route=\/wp\/v2\/users\/1"}],"replies":[{"embeddable":true,"href":"https:\/\/radiorevelacionfm.cl\/index.php?rest_route=%2Fwp%2Fv2%2Fcomments&post=2730"}],"version-history":[{"count":1,"href":"https:\/\/radiorevelacionfm.cl\/index.php?rest_route=\/wp\/v2\/posts\/2730\/revisions"}],"predecessor-version":[{"id":2732,"href":"https:\/\/radiorevelacionfm.cl\/index.php?rest_route=\/wp\/v2\/posts\/2730\/revisions\/2732"}],"wp:attachment":[{"href":"https:\/\/radiorevelacionfm.cl\/index.php?rest_route=%2Fwp%2Fv2%2Fmedia&parent=2730"}],"wp:term":[{"taxonomy":"category","embeddable":true,"href":"https:\/\/radiorevelacionfm.cl\/index.php?rest_route=%2Fwp%2Fv2%2Fcategories&post=2730"},{"taxonomy":"post_tag","embeddable":true,"href":"https:\/\/radiorevelacionfm.cl\/index.php?rest_route=%2Fwp%2Fv2%2Ftags&post=2730"}],"curies":[{"name":"wp","href":"https:\/\/api.w.org\/{rel}","templated":true}]}}