{"id":27299,"date":"2023-01-31T21:20:51","date_gmt":"2023-02-01T00:20:51","guid":{"rendered":"https:\/\/radiorevelacionfm.cl\/?p=27299"},"modified":"2023-01-31T21:21:03","modified_gmt":"2023-02-01T00:21:03","slug":"mas-de-mil-jovenes-ingresaron-a-escuelas-de-formacion-de-carabineros-son-la-primera-generacion-que-ingresa-con-nuevos-y-mas-amplios-criterios-de-seleccion","status":"publish","type":"post","link":"https:\/\/radiorevelacionfm.cl\/?p=27299","title":{"rendered":"M\u00e1s de mil j\u00f3venes ingresaron a escuelas de formaci\u00f3n de Carabineros: son la primera generaci\u00f3n que ingresa con nuevos y m\u00e1s amplios criterios de selecci\u00f3n"},"content":{"rendered":"<div class=\"flex_column av_one_full  flex_column_div av-zero-column-padding first  avia-builder-el-0  el_before_av_one_full  avia-builder-el-first  \" style='border-radius:0px; '><div  class='avia-image-container  av-styling-    avia-builder-el-1  avia-builder-el-no-sibling  avia-align-center '  itemprop=\"image\" itemscope=\"itemscope\" itemtype=\"https:\/\/schema.org\/ImageObject\"  ><div class='avia-image-container-inner'><div class='avia-image-overlay-wrap'><img decoding=\"async\" class='wp-image-27300 avia-img-lazy-loading-not-27300 avia_image' src=\"https:\/\/radiorevelacionfm.cl\/wp-content\/uploads\/2023\/01\/80eb84a0-dee0-4a71-8696-985b0ad0f0b6-1-1.jpg\" alt='' title='80eb84a0-dee0-4a71-8696-985b0ad0f0b6 (1) (1)' height=\"600\" width=\"900\"  itemprop=\"thumbnailUrl\" srcset=\"https:\/\/radiorevelacionfm.cl\/wp-content\/uploads\/2023\/01\/80eb84a0-dee0-4a71-8696-985b0ad0f0b6-1-1.jpg 900w, https:\/\/radiorevelacionfm.cl\/wp-content\/uploads\/2023\/01\/80eb84a0-dee0-4a71-8696-985b0ad0f0b6-1-1-300x200.jpg 300w, https:\/\/radiorevelacionfm.cl\/wp-content\/uploads\/2023\/01\/80eb84a0-dee0-4a71-8696-985b0ad0f0b6-1-1-768x512.jpg 768w, https:\/\/radiorevelacionfm.cl\/wp-content\/uploads\/2023\/01\/80eb84a0-dee0-4a71-8696-985b0ad0f0b6-1-1-705x470.jpg 705w, https:\/\/radiorevelacionfm.cl\/wp-content\/uploads\/2023\/01\/80eb84a0-dee0-4a71-8696-985b0ad0f0b6-1-1-600x400.jpg 600w\" sizes=\"(max-width: 900px) 100vw, 900px\" \/><\/div><\/div><\/div><\/div><div class=\"flex_column av_one_full  flex_column_div av-zero-column-padding first  avia-builder-el-2  el_after_av_one_full  el_before_av_one_full  column-top-margin\" style='border-radius:0px; '><section class=\"av_textblock_section \"  itemscope=\"itemscope\" itemtype=\"https:\/\/schema.org\/BlogPosting\" itemprop=\"blogPost\" ><div class='avia_textblock  '   itemprop=\"text\" ><p style=\"text-align: center;\"><span style=\"font-size: 18pt;\"><b>M\u00e1s de mil j\u00f3venes ingresaron a escuelas de formaci\u00f3n de Carabineros: son la primera generaci\u00f3n que ingresa con nuevos y m\u00e1s amplios criterios de selecci\u00f3n<\/b><\/span><\/p>\n<div id=\"gtx-trans\" style=\"position: absolute; left: -50px; top: 4.31534px;\">\n<div class=\"gtx-trans-icon\"><\/div>\n<\/div>\n<\/div><\/section><\/div><div class=\"flex_column av_one_full  flex_column_div av-zero-column-padding first  avia-builder-el-4  el_after_av_one_full  el_before_av_hr  column-top-margin\" style='border-radius:0px; '><section class=\"av_textblock_section \"  itemscope=\"itemscope\" itemtype=\"https:\/\/schema.org\/BlogPosting\" itemprop=\"blogPost\" ><div class='avia_textblock  '   itemprop=\"text\" ><p class=\"v1MsoNormal\" style=\"text-align: justify;\">Alrededor de 1.100 j\u00f3venes ingresaron como carabineros alumnos a seis escuelas de formaci\u00f3n a nivel nacional: Santiago, Arica, Los Andes, Temuco, Puerto Montt y Ancud.<\/p>\n<p class=\"v1MsoNormal\" style=\"text-align: justify;\">En total 574 j\u00f3venes ingresaron este martes 31 de enero a la Escuela de Formaci\u00f3n de Carabineros, Esfocar grupo Santiago. La ceremonia de bienvenida fue presidida por el General Director de Carabineros (s) Marcelo Araya Zapata. Centenares de j\u00f3venes que muy temprano en la ma\u00f1ana, acompa\u00f1ados de sus familias, seres queridos y cargando una maleta, ingresaron a la que desde ahora en adelante y por los pr\u00f3ximos dos a\u00f1os ser\u00e1 su nuevo hogar. Cuatro semestres de formaci\u00f3n educativa durante los cuales se transformar\u00e1n en los futuros carabineros del centenario.<\/p>\n<p class=\"v1MsoNormal\" style=\"text-align: justify;\">La actual malla curricular del proceso de formaci\u00f3n se extendi\u00f3, pasando de dos a cuatro semestres acad\u00e9micos, eso, en el marco del actual proceso de modernizaci\u00f3n institucional, proceso acad\u00e9mico que incluye asignaturas como doctrina, historia y \u00e9tica constitucional, t\u00e9cnicas y t\u00e1cticas comunicacionales, habilidades comunicativas, derechos humanos, prevenci\u00f3n del delito, primeros auxilios, defensa personal, estrategia operativa, atenci\u00f3n de p\u00fablico y v\u00edctimas, entre otros.<\/p>\n<p class=\"v1MsoNormal\" style=\"text-align: justify;\"><b>Nuevos criterios de postulaci\u00f3n<\/b><\/p>\n<p class=\"v1MsoNormal\" style=\"text-align: justify;\">Recordemos que en agosto de 2022, el Ministerio del Interior y Carabineros de Chile dieron a conocer la modificaci\u00f3n en los criterios de exclusi\u00f3n de los diferentes procesos de postulaci\u00f3n institucionales, con el objetivo de ampliar las opciones entre j\u00f3venes interesados en postular evitando discriminaciones m\u00e9dicas, de aspecto o est\u00e9ticas que no eran perjudiciales para ejercer la carrera policial, como lo son: tatuajes (excepto en rostro, cuello y manos), pie plano, disminuci\u00f3n de la estatura m\u00ednima de postulaci\u00f3n, escoliosis, entre otros requisitos.<\/p>\n<p class=\"v1MsoNormal\" style=\"text-align: justify;\">El General Marcelo Araya, General Director de Carabineros (s), comparti\u00f3 con las m\u00e1s de 500 familias que expectantes esperaban ver por primera vez formados como carabineros estudiantes a sus seres queridos, quienes desde hoy \u00abYa forman parte de esta gran instituci\u00f3n, ingresan a un plantel que por a\u00f1os se ha encargado de formar a nuestro principal recurso humano, aqu\u00ed van a vivir, convivir y recibir\u00e1n cari\u00f1o y preocupaci\u00f3n por parte de sus profesores durante este proceso formativo, con el que tendr\u00e1n las competencias para cumplir su anhelado sue\u00f1o de ser carabineros. Porque ser carabinero es tremendamente lindo\u00bb, asever\u00f3.<\/p>\n<\/div><\/section><\/div><div  style='height:50px' class='hr hr-invisible   avia-builder-el-6  el_after_av_one_full  el_before_av_social_share '><span class='hr-inner ' ><span class='hr-inner-style'><\/span><\/span><\/div><\/p>\n<div  class='av-social-sharing-box  avia-builder-el-7  el_after_av_hr  el_before_av_hr  '><div class='av-share-box'><h5 class='av-share-link-description av-no-toc '>Compartir esta noticia<\/h5><ul class='av-share-box-list noLightbox'><li class='av-share-link av-social-link-facebook' ><a target=\"_blank\" aria-label=\"Compartir en Facebook\" href='https:\/\/www.facebook.com\/sharer.php?u=https:\/\/radiorevelacionfm.cl\/?p=27299&#038;t=M%C3%A1s%20de%20mil%20j%C3%B3venes%20ingresaron%20a%20escuelas%20de%20formaci%C3%B3n%20de%20Carabineros%3A%20son%20la%20primera%20generaci%C3%B3n%20que%20ingresa%20con%20nuevos%20y%20m%C3%A1s%20amplios%20criterios%20de%20selecci%C3%B3n' aria-hidden='false' data-av_icon='\ue8f3' data-av_iconfont='entypo-fontello' title='' data-avia-related-tooltip='Compartir en Facebook' rel=\"noopener\"><span class='avia_hidden_link_text'>Compartir en Facebook<\/span><\/a><\/li><li class='av-share-link av-social-link-twitter' ><a target=\"_blank\" aria-label=\"Compartir en Twitter\" href='https:\/\/twitter.com\/share?text=M%C3%A1s%20de%20mil%20j%C3%B3venes%20ingresaron%20a%20escuelas%20de%20formaci%C3%B3n%20de%20Carabineros%3A%20son%20la%20primera%20generaci%C3%B3n%20que%20ingresa%20con%20nuevos%20y%20m%C3%A1s%20amplios%20criterios%20de%20selecci%C3%B3n&#038;url=https:\/\/radiorevelacionfm.cl\/?p=27299' aria-hidden='false' data-av_icon='\ue8f1' data-av_iconfont='entypo-fontello' title='' data-avia-related-tooltip='Compartir en Twitter' rel=\"noopener\"><span class='avia_hidden_link_text'>Compartir en Twitter<\/span><\/a><\/li><li class='av-share-link av-social-link-whatsapp' ><a target=\"_blank\" aria-label=\"Compartir en Whatsapp\" href='https:\/\/api.whatsapp.com\/send?text=https:\/\/radiorevelacionfm.cl\/?p=27299' aria-hidden='false' data-av_icon='\uf232' data-av_iconfont='entypo-fontello' title='' data-avia-related-tooltip='Compartir en Whatsapp' rel=\"noopener\"><span class='avia_hidden_link_text'>Compartir en Whatsapp<\/span><\/a><\/li><li class='av-share-link av-social-link-linkedin' ><a target=\"_blank\" aria-label=\"Compartir en LinkedIn\" href='https:\/\/linkedin.com\/shareArticle?mini=true&#038;title=M%C3%A1s%20de%20mil%20j%C3%B3venes%20ingresaron%20a%20escuelas%20de%20formaci%C3%B3n%20de%20Carabineros%3A%20son%20la%20primera%20generaci%C3%B3n%20que%20ingresa%20con%20nuevos%20y%20m%C3%A1s%20amplios%20criterios%20de%20selecci%C3%B3n&#038;url=https:\/\/radiorevelacionfm.cl\/?p=27299' aria-hidden='false' data-av_icon='\ue8fc' data-av_iconfont='entypo-fontello' title='' data-avia-related-tooltip='Compartir en LinkedIn' rel=\"noopener\"><span class='avia_hidden_link_text'>Compartir en LinkedIn<\/span><\/a><\/li><li class='av-share-link av-social-link-mail' ><a  aria-label=\"Compartir por correo\" href='mailto:?subject=M%C3%A1s%20de%20mil%20j%C3%B3venes%20ingresaron%20a%20escuelas%20de%20formaci%C3%B3n%20de%20Carabineros%3A%20son%20la%20primera%20generaci%C3%B3n%20que%20ingresa%20con%20nuevos%20y%20m%C3%A1s%20amplios%20criterios%20de%20selecci%C3%B3n&#038;body=https:\/\/radiorevelacionfm.cl\/?p=27299' aria-hidden='false' data-av_icon='\ue805' data-av_iconfont='entypo-fontello' title='' data-avia-related-tooltip='Compartir por correo'><span class='avia_hidden_link_text'>Compartir por correo<\/span><\/a><\/li><\/ul><\/div><\/div>\n<div  style='height:50px' class='hr hr-invisible   avia-builder-el-8  el_after_av_social_share  el_before_av_comments_list '><span class='hr-inner ' ><span class='hr-inner-style'><\/span><\/span><\/div>\n<div  class='av-buildercomment  av-blog-meta-html-info-disabled av-blog-meta-tag-disabled  '><\/div>\n","protected":false},"excerpt":{"rendered":"","protected":false},"author":1,"featured_media":27300,"comment_status":"open","ping_status":"open","sticky":false,"template":"","format":"standard","meta":{"footnotes":""},"categories":[61],"tags":[],"class_list":["post-27299","post","type-post","status-publish","format-standard","has-post-thumbnail","hentry","category-nacional"],"jetpack_featured_media_url":"https:\/\/radiorevelacionfm.cl\/wp-content\/uploads\/2023\/01\/80eb84a0-dee0-4a71-8696-985b0ad0f0b6-1-1.jpg","_links":{"self":[{"href":"https:\/\/radiorevelacionfm.cl\/index.php?rest_route=\/wp\/v2\/posts\/27299","targetHints":{"allow":["GET"]}}],"collection":[{"href":"https:\/\/radiorevelacionfm.cl\/index.php?rest_route=\/wp\/v2\/posts"}],"about":[{"href":"https:\/\/radiorevelacionfm.cl\/index.php?rest_route=\/wp\/v2\/types\/post"}],"author":[{"embeddable":true,"href":"https:\/\/radiorevelacionfm.cl\/index.php?rest_route=\/wp\/v2\/users\/1"}],"replies":[{"embeddable":true,"href":"https:\/\/radiorevelacionfm.cl\/index.php?rest_route=%2Fwp%2Fv2%2Fcomments&post=27299"}],"version-history":[{"count":2,"href":"https:\/\/radiorevelacionfm.cl\/index.php?rest_route=\/wp\/v2\/posts\/27299\/revisions"}],"predecessor-version":[{"id":27313,"href":"https:\/\/radiorevelacionfm.cl\/index.php?rest_route=\/wp\/v2\/posts\/27299\/revisions\/27313"}],"wp:featuredmedia":[{"embeddable":true,"href":"https:\/\/radiorevelacionfm.cl\/index.php?rest_route=\/wp\/v2\/media\/27300"}],"wp:attachment":[{"href":"https:\/\/radiorevelacionfm.cl\/index.php?rest_route=%2Fwp%2Fv2%2Fmedia&parent=27299"}],"wp:term":[{"taxonomy":"category","embeddable":true,"href":"https:\/\/radiorevelacionfm.cl\/index.php?rest_route=%2Fwp%2Fv2%2Fcategories&post=27299"},{"taxonomy":"post_tag","embeddable":true,"href":"https:\/\/radiorevelacionfm.cl\/index.php?rest_route=%2Fwp%2Fv2%2Ftags&post=27299"}],"curies":[{"name":"wp","href":"https:\/\/api.w.org\/{rel}","templated":true}]}}