{"id":27295,"date":"2023-01-31T18:55:07","date_gmt":"2023-01-31T21:55:07","guid":{"rendered":"https:\/\/radiorevelacionfm.cl\/?p=27295"},"modified":"2023-01-31T18:55:07","modified_gmt":"2023-01-31T21:55:07","slug":"leyes-impulsadas-por-el-ministerio-de-transportes-avanzan-en-la-agenda-legislativa","status":"publish","type":"post","link":"https:\/\/radiorevelacionfm.cl\/?p=27295","title":{"rendered":"Leyes impulsadas por el Ministerio de Transportes avanzan en la agenda legislativa"},"content":{"rendered":"<div class=\"flex_column av_one_full  flex_column_div av-zero-column-padding first  avia-builder-el-0  el_before_av_one_full  avia-builder-el-first  \" style='border-radius:0px; '><div  class='avia-image-container  av-styling-    avia-builder-el-1  avia-builder-el-no-sibling  avia-align-center '  itemprop=\"image\" itemscope=\"itemscope\" itemtype=\"https:\/\/schema.org\/ImageObject\"  ><div class='avia-image-container-inner'><div class='avia-image-overlay-wrap'><img decoding=\"async\" class='wp-image-27296 avia-img-lazy-loading-not-27296 avia_image' src=\"https:\/\/radiorevelacionfm.cl\/wp-content\/uploads\/2023\/01\/Medicion-velocidad-1-1.jpg\" alt='' title='Medici\u00f3n velocidad (1) (1)' height=\"600\" width=\"800\"  itemprop=\"thumbnailUrl\" srcset=\"https:\/\/radiorevelacionfm.cl\/wp-content\/uploads\/2023\/01\/Medicion-velocidad-1-1.jpg 800w, https:\/\/radiorevelacionfm.cl\/wp-content\/uploads\/2023\/01\/Medicion-velocidad-1-1-300x225.jpg 300w, https:\/\/radiorevelacionfm.cl\/wp-content\/uploads\/2023\/01\/Medicion-velocidad-1-1-768x576.jpg 768w, https:\/\/radiorevelacionfm.cl\/wp-content\/uploads\/2023\/01\/Medicion-velocidad-1-1-705x529.jpg 705w, https:\/\/radiorevelacionfm.cl\/wp-content\/uploads\/2023\/01\/Medicion-velocidad-1-1-600x450.jpg 600w\" sizes=\"(max-width: 800px) 100vw, 800px\" \/><\/div><\/div><\/div><\/div><div class=\"flex_column av_one_full  flex_column_div av-zero-column-padding first  avia-builder-el-2  el_after_av_one_full  el_before_av_one_full  column-top-margin\" style='border-radius:0px; '><section class=\"av_textblock_section \"  itemscope=\"itemscope\" itemtype=\"https:\/\/schema.org\/BlogPosting\" itemprop=\"blogPost\" ><div class='avia_textblock  '   itemprop=\"text\" ><p style=\"text-align: center;\"><strong><span style=\"font-size: 18pt;\">Leyes impulsadas por el Ministerio de Transportes avanzan en la agenda legislativa<\/span><\/strong><\/p>\n<div id=\"gtx-trans\" style=\"position: absolute; left: -50px; top: 4.31534px;\">\n<div class=\"gtx-trans-icon\"><\/div>\n<\/div>\n<\/div><\/section><\/div><div class=\"flex_column av_one_full  flex_column_div av-zero-column-padding first  avia-builder-el-4  el_after_av_one_full  el_before_av_hr  column-top-margin\" style='border-radius:0px; '><section class=\"av_textblock_section \"  itemscope=\"itemscope\" itemtype=\"https:\/\/schema.org\/BlogPosting\" itemprop=\"blogPost\" ><div class='avia_textblock  '   itemprop=\"text\" ><p style=\"text-align: justify;\">Con la finalidad de reforzar la seguridad vial el Ministerio de Transportes y Telecomunicaciones logr\u00f3 tramitar exitosamente tres leyes en el parlamento, la semana reci\u00e9n pasada. Se trata de la Ley CATI, Ley Patente Cero D\u00edas y Ley EAT.<\/p>\n<p style=\"text-align: justify;\">La seremiTT Claudia Cantero explic\u00f3 de qu\u00e9 se tratan estos nuevos cuerpos normativos, cu\u00e1l ser\u00e1 el impacto directo que cada una de estas leyes va a tener en el tr\u00e1nsito y el beneficio que esto traer\u00e1 para contar con calles m\u00e1s seguras.<\/p>\n<p style=\"text-align: justify;\">Con la Ley CATI ser\u00e1 posible implementar Centro Automatizado de Tratamiento de Infracciones, mediante un sistema de c\u00e1maras se podr\u00e1n detectar y sancionar algunas de las faltas m\u00e1s problem\u00e1ticas para la seguridad vial, como es el exceso de velocidad o no respetar las se\u00f1ales del tr\u00e1nsito. Con este sistema se aportar\u00e1 a la eficiencia del Estado, ya que se podr\u00e1 liberar al personal policial que usualmente est\u00e1 a cargo de cursar este tipo de faltas.<\/p>\n<p style=\"text-align: justify;\">La seremiTT agreg\u00f3 que \u201cla Ley CATI ser\u00e1 herramienta disuasiva que apunta a un cambio en las conductas de conductores y conductoras, ya que las zonas donde estar\u00e1n instaladas las c\u00e1maras de detecci\u00f3n de velocidad va a ser se\u00f1alizadas. Para el ministerio la prioridad de contar con esta ley, radica en que es una medida que permite detectar en forma mucho m\u00e1s eficiente las faltas en el tr\u00e1nsito. Nos satisface mucho que tras 9 a\u00f1os de tramitaci\u00f3n legislativa, finalmente sea aprobada y estamos convencidos de que ser\u00e1 un aporte para nuestro Plan Calles Protegidas\u201d, coment\u00f3.<\/p>\n<p style=\"text-align: justify;\">Respecto a la Ley Cero D\u00edas, se inform\u00f3 que se suprime el plazo de cinco d\u00edas para circular sin patente a todo tipo de veh\u00edculo motorizado nuevo. Las concesionarias que no cumplan con este requerimiento ser\u00e1n sancionadas con multas de 10 a 15 UTMs. \u201cUn autom\u00f3vil sin patente provoca una serie de inconvenientes al momento de fiscalizar, adem\u00e1s a nivel nacional durante los \u00faltimos a\u00f1os han aumentado los casos en que veh\u00edculos sin identificaci\u00f3n protagonizan infracciones de tr\u00e1nsito, por ello es necesario actuar para revertir esta tendencia\u201d, explic\u00f3 la seremi Cantero.<\/p>\n<p style=\"text-align: justify;\">Finalmente, la Ley de Empresas de Aplicaciones de Transporte (EAT) regular\u00e1 el funcionamiento de las aplicaciones que ofrecen servicios de transporte de pasajeros. La autoridad sectorial explic\u00f3 que \u201cmediante esta normativa\u00a0queremos equiparar la cancha entre empresas de aplicaciones de transporte y los taxistas. Era necesario intervenir y establecer requisitos que deben cumplir las empresas, los veh\u00edculos y los conductores para poder entregar mayores garant\u00edas y seguridades a los usuarios\u201d.<\/p>\n<\/div><\/section><\/div><div  style='height:50px' class='hr hr-invisible   avia-builder-el-6  el_after_av_one_full  el_before_av_social_share '><span class='hr-inner ' ><span class='hr-inner-style'><\/span><\/span><\/div><\/p>\n<div  class='av-social-sharing-box  avia-builder-el-7  el_after_av_hr  el_before_av_hr  '><div class='av-share-box'><h5 class='av-share-link-description av-no-toc '>Compartir esta noticia<\/h5><ul class='av-share-box-list noLightbox'><li class='av-share-link av-social-link-facebook' ><a target=\"_blank\" aria-label=\"Compartir en Facebook\" href='https:\/\/www.facebook.com\/sharer.php?u=https:\/\/radiorevelacionfm.cl\/?p=27295&#038;t=Leyes%20impulsadas%20por%20el%20Ministerio%20de%20Transportes%20avanzan%20en%20la%20agenda%20legislativa' aria-hidden='false' data-av_icon='\ue8f3' data-av_iconfont='entypo-fontello' title='' data-avia-related-tooltip='Compartir en Facebook' rel=\"noopener\"><span class='avia_hidden_link_text'>Compartir en Facebook<\/span><\/a><\/li><li class='av-share-link av-social-link-twitter' ><a target=\"_blank\" aria-label=\"Compartir en Twitter\" href='https:\/\/twitter.com\/share?text=Leyes%20impulsadas%20por%20el%20Ministerio%20de%20Transportes%20avanzan%20en%20la%20agenda%20legislativa&#038;url=https:\/\/radiorevelacionfm.cl\/?p=27295' aria-hidden='false' data-av_icon='\ue8f1' data-av_iconfont='entypo-fontello' title='' data-avia-related-tooltip='Compartir en Twitter' rel=\"noopener\"><span class='avia_hidden_link_text'>Compartir en Twitter<\/span><\/a><\/li><li class='av-share-link av-social-link-whatsapp' ><a target=\"_blank\" aria-label=\"Compartir en Whatsapp\" href='https:\/\/api.whatsapp.com\/send?text=https:\/\/radiorevelacionfm.cl\/?p=27295' aria-hidden='false' data-av_icon='\uf232' data-av_iconfont='entypo-fontello' title='' data-avia-related-tooltip='Compartir en Whatsapp' rel=\"noopener\"><span class='avia_hidden_link_text'>Compartir en Whatsapp<\/span><\/a><\/li><li class='av-share-link av-social-link-linkedin' ><a target=\"_blank\" aria-label=\"Compartir en LinkedIn\" href='https:\/\/linkedin.com\/shareArticle?mini=true&#038;title=Leyes%20impulsadas%20por%20el%20Ministerio%20de%20Transportes%20avanzan%20en%20la%20agenda%20legislativa&#038;url=https:\/\/radiorevelacionfm.cl\/?p=27295' aria-hidden='false' data-av_icon='\ue8fc' data-av_iconfont='entypo-fontello' title='' data-avia-related-tooltip='Compartir en LinkedIn' rel=\"noopener\"><span class='avia_hidden_link_text'>Compartir en LinkedIn<\/span><\/a><\/li><li class='av-share-link av-social-link-mail' ><a  aria-label=\"Compartir por correo\" href='mailto:?subject=Leyes%20impulsadas%20por%20el%20Ministerio%20de%20Transportes%20avanzan%20en%20la%20agenda%20legislativa&#038;body=https:\/\/radiorevelacionfm.cl\/?p=27295' aria-hidden='false' data-av_icon='\ue805' data-av_iconfont='entypo-fontello' title='' data-avia-related-tooltip='Compartir por correo'><span class='avia_hidden_link_text'>Compartir por correo<\/span><\/a><\/li><\/ul><\/div><\/div>\n<div  style='height:50px' class='hr hr-invisible   avia-builder-el-8  el_after_av_social_share  el_before_av_comments_list '><span class='hr-inner ' ><span class='hr-inner-style'><\/span><\/span><\/div>\n<div  class='av-buildercomment  av-blog-meta-html-info-disabled av-blog-meta-tag-disabled  '><\/div>\n","protected":false},"excerpt":{"rendered":"","protected":false},"author":1,"featured_media":27296,"comment_status":"open","ping_status":"open","sticky":false,"template":"","format":"standard","meta":{"footnotes":""},"categories":[59],"tags":[],"class_list":["post-27295","post","type-post","status-publish","format-standard","has-post-thumbnail","hentry","category-transporte"],"jetpack_featured_media_url":"https:\/\/radiorevelacionfm.cl\/wp-content\/uploads\/2023\/01\/Medicion-velocidad-1-1.jpg","_links":{"self":[{"href":"https:\/\/radiorevelacionfm.cl\/index.php?rest_route=\/wp\/v2\/posts\/27295","targetHints":{"allow":["GET"]}}],"collection":[{"href":"https:\/\/radiorevelacionfm.cl\/index.php?rest_route=\/wp\/v2\/posts"}],"about":[{"href":"https:\/\/radiorevelacionfm.cl\/index.php?rest_route=\/wp\/v2\/types\/post"}],"author":[{"embeddable":true,"href":"https:\/\/radiorevelacionfm.cl\/index.php?rest_route=\/wp\/v2\/users\/1"}],"replies":[{"embeddable":true,"href":"https:\/\/radiorevelacionfm.cl\/index.php?rest_route=%2Fwp%2Fv2%2Fcomments&post=27295"}],"version-history":[{"count":2,"href":"https:\/\/radiorevelacionfm.cl\/index.php?rest_route=\/wp\/v2\/posts\/27295\/revisions"}],"predecessor-version":[{"id":27302,"href":"https:\/\/radiorevelacionfm.cl\/index.php?rest_route=\/wp\/v2\/posts\/27295\/revisions\/27302"}],"wp:featuredmedia":[{"embeddable":true,"href":"https:\/\/radiorevelacionfm.cl\/index.php?rest_route=\/wp\/v2\/media\/27296"}],"wp:attachment":[{"href":"https:\/\/radiorevelacionfm.cl\/index.php?rest_route=%2Fwp%2Fv2%2Fmedia&parent=27295"}],"wp:term":[{"taxonomy":"category","embeddable":true,"href":"https:\/\/radiorevelacionfm.cl\/index.php?rest_route=%2Fwp%2Fv2%2Fcategories&post=27295"},{"taxonomy":"post_tag","embeddable":true,"href":"https:\/\/radiorevelacionfm.cl\/index.php?rest_route=%2Fwp%2Fv2%2Ftags&post=27295"}],"curies":[{"name":"wp","href":"https:\/\/api.w.org\/{rel}","templated":true}]}}