{"id":27288,"date":"2023-01-31T17:51:19","date_gmt":"2023-01-31T20:51:19","guid":{"rendered":"https:\/\/radiorevelacionfm.cl\/?p=27288"},"modified":"2023-01-31T17:51:19","modified_gmt":"2023-01-31T20:51:19","slug":"abogada-andrea-ponce-es-la-carta-de-la-udi-al-consejo-constitucional-en-aysen-pongo-mi-experiencia-laboral-y-profesional-al-servicio-de-la-comunidad-para-escribir-una-nueva-constitucion","status":"publish","type":"post","link":"https:\/\/radiorevelacionfm.cl\/?p=27288","title":{"rendered":"Abogada Andrea Ponce es la carta de la UDI al Consejo Constitucional en Ays\u00e9n: \u201cPongo mi experiencia laboral y profesional al servicio de la comunidad para escribir una nueva Constituci\u00f3n\u201d"},"content":{"rendered":"<div class=\"flex_column av_one_full  flex_column_div av-zero-column-padding first  avia-builder-el-0  el_before_av_one_full  avia-builder-el-first  \" style='border-radius:0px; '><div  class='avia-image-container  av-styling-    avia-builder-el-1  avia-builder-el-no-sibling  avia-align-center '  itemprop=\"image\" itemscope=\"itemscope\" itemtype=\"https:\/\/schema.org\/ImageObject\"  ><div class='avia-image-container-inner'><div class='avia-image-overlay-wrap'><img decoding=\"async\" class='wp-image-27289 avia-img-lazy-loading-not-27289 avia_image' src=\"https:\/\/radiorevelacionfm.cl\/wp-content\/uploads\/2023\/01\/andrea-ponce-1.jpg\" alt='' title='andrea ponce (1)' height=\"594\" width=\"755\"  itemprop=\"thumbnailUrl\" srcset=\"https:\/\/radiorevelacionfm.cl\/wp-content\/uploads\/2023\/01\/andrea-ponce-1.jpg 755w, https:\/\/radiorevelacionfm.cl\/wp-content\/uploads\/2023\/01\/andrea-ponce-1-300x236.jpg 300w, https:\/\/radiorevelacionfm.cl\/wp-content\/uploads\/2023\/01\/andrea-ponce-1-705x555.jpg 705w, https:\/\/radiorevelacionfm.cl\/wp-content\/uploads\/2023\/01\/andrea-ponce-1-600x472.jpg 600w\" sizes=\"(max-width: 755px) 100vw, 755px\" \/><\/div><\/div><\/div><\/div><div class=\"flex_column av_one_full  flex_column_div av-zero-column-padding first  avia-builder-el-2  el_after_av_one_full  el_before_av_one_full  column-top-margin\" style='border-radius:0px; '><section class=\"av_textblock_section \"  itemscope=\"itemscope\" itemtype=\"https:\/\/schema.org\/BlogPosting\" itemprop=\"blogPost\" ><div class='avia_textblock  '   itemprop=\"text\" ><p style=\"text-align: center;\"><strong><span style=\"font-size: 18pt;\">Abogada Andrea Ponce es la carta de la UDI al Consejo Constitucional en Ays\u00e9n: \u201cPongo mi experiencia laboral y profesional al servicio de la comunidad para escribir una nueva Constituci\u00f3n\u201d<\/span><\/strong><\/p>\n<div id=\"gtx-trans\" style=\"position: absolute; left: -50px; top: 4.31534px;\">\n<div class=\"gtx-trans-icon\"><\/div>\n<\/div>\n<\/div><\/section><\/div><div class=\"flex_column av_one_full  flex_column_div av-zero-column-padding first  avia-builder-el-4  el_after_av_one_full  el_before_av_hr  column-top-margin\" style='border-radius:0px; '><section class=\"av_textblock_section \"  itemscope=\"itemscope\" itemtype=\"https:\/\/schema.org\/BlogPosting\" itemprop=\"blogPost\" ><div class='avia_textblock  '   itemprop=\"text\" ><p style=\"text-align: justify;\">La colectividad ratific\u00f3 en los \u00faltimos d\u00edas la candidatura de la profesional, considerando sus capacidades y conocimiento, \u00e1mbitos claves en el nuevo proceso que vive el pa\u00eds.<\/p>\n<p style=\"text-align: justify;\">La abogada Andrea Ponce Olivares es la candidata elegida por la Uni\u00f3n Dem\u00f3crata Independiente (UDI) para representar al partido en la regi\u00f3n de Ays\u00e9n, en la elecci\u00f3n de consejeros constitucionales del pr\u00f3ximo 7 de mayo.<\/p>\n<p style=\"text-align: justify;\">Ponce posee una dilatada trayectoria profesional, tanto en el mundo p\u00fablico como privado, destacando su conocimiento en materias laborales como tambi\u00e9n en temas relevantes como equidad de g\u00e9nero y prevenci\u00f3n de violencia contra las mujeres. \u201cComo mujer, madre, esposa y abogada, que vive y trabaja en la regi\u00f3n de Ays\u00e9n, pondr\u00e9 mi experiencia profesional y laboral al servicio de la comunidad, para que sus necesidades queden reflejadas en una nueva constituci\u00f3n\u201d, se\u00f1al\u00f3.<\/p>\n<p style=\"text-align: justify;\">En ese sentido, tambi\u00e9n agradeci\u00f3 el apoyo de la UDI, colectividad que ratific\u00f3 su candidatura en los \u00faltimos d\u00edas, donde se valor\u00f3 tanto sus capacidades, como su conocimiento y trayectoria, aspectos fundamentales para asumir el importante desaf\u00edo de representar la visi\u00f3n del sector, a nivel regional, en este nuevo proceso constitucional. \u201cAgradezco a quienes confiaron en m\u00ed para nominarme como candidata a consejera constitucional de la UDI. De esta forma, se abre la posibilidad de representar a la regi\u00f3n de Ays\u00e9n en tan importante instancia\u201d, resalt\u00f3.<\/p>\n<p style=\"text-align: justify;\">La candidata finalmente, dijo que el objetivo es tambi\u00e9n poder representar y resguardar \u201clos valores que los chilenos y chilenas queremos proteger y cuidar\u201d, recalcando el concepto de \u201cuna que nos una\u201d, considerando que la nueva carta Magna que se busca escribir, regir\u00e1 por las pr\u00f3ximas d\u00e9cadas en el pa\u00eds.<\/p>\n<\/div><\/section><\/div><div  style='height:50px' class='hr hr-invisible   avia-builder-el-6  el_after_av_one_full  el_before_av_social_share '><span class='hr-inner ' ><span class='hr-inner-style'><\/span><\/span><\/div><\/p>\n<div  class='av-social-sharing-box  avia-builder-el-7  el_after_av_hr  el_before_av_hr  '><div class='av-share-box'><h5 class='av-share-link-description av-no-toc '>Compartir esta noticia<\/h5><ul class='av-share-box-list noLightbox'><li class='av-share-link av-social-link-facebook' ><a target=\"_blank\" aria-label=\"Compartir en Facebook\" href='https:\/\/www.facebook.com\/sharer.php?u=https:\/\/radiorevelacionfm.cl\/?p=27288&#038;t=Abogada%20Andrea%20Ponce%20es%20la%20carta%20de%20la%20UDI%20al%20Consejo%20Constitucional%20en%20Ays%C3%A9n%3A%20%E2%80%9CPongo%20mi%20experiencia%20laboral%20y%20profesional%20al%20servicio%20de%20la%20comunidad%20para%20escribir%20una%20nueva%20Constituci%C3%B3n%E2%80%9D' aria-hidden='false' data-av_icon='\ue8f3' data-av_iconfont='entypo-fontello' title='' data-avia-related-tooltip='Compartir en Facebook' rel=\"noopener\"><span class='avia_hidden_link_text'>Compartir en Facebook<\/span><\/a><\/li><li class='av-share-link av-social-link-twitter' ><a target=\"_blank\" aria-label=\"Compartir en Twitter\" href='https:\/\/twitter.com\/share?text=Abogada%20Andrea%20Ponce%20es%20la%20carta%20de%20la%20UDI%20al%20Consejo%20Constitucional%20en%20Ays%C3%A9n%3A%20%E2%80%9CPongo%20mi%20experiencia%20laboral%20y%20profesional%20al%20servicio%20de%20la%20comunidad%20para%20escribir%20una%20nueva%20Constituci%C3%B3n%E2%80%9D&#038;url=https:\/\/radiorevelacionfm.cl\/?p=27288' aria-hidden='false' data-av_icon='\ue8f1' data-av_iconfont='entypo-fontello' title='' data-avia-related-tooltip='Compartir en Twitter' rel=\"noopener\"><span class='avia_hidden_link_text'>Compartir en Twitter<\/span><\/a><\/li><li class='av-share-link av-social-link-whatsapp' ><a target=\"_blank\" aria-label=\"Compartir en Whatsapp\" href='https:\/\/api.whatsapp.com\/send?text=https:\/\/radiorevelacionfm.cl\/?p=27288' aria-hidden='false' data-av_icon='\uf232' data-av_iconfont='entypo-fontello' title='' data-avia-related-tooltip='Compartir en Whatsapp' rel=\"noopener\"><span class='avia_hidden_link_text'>Compartir en Whatsapp<\/span><\/a><\/li><li class='av-share-link av-social-link-linkedin' ><a target=\"_blank\" aria-label=\"Compartir en LinkedIn\" href='https:\/\/linkedin.com\/shareArticle?mini=true&#038;title=Abogada%20Andrea%20Ponce%20es%20la%20carta%20de%20la%20UDI%20al%20Consejo%20Constitucional%20en%20Ays%C3%A9n%3A%20%E2%80%9CPongo%20mi%20experiencia%20laboral%20y%20profesional%20al%20servicio%20de%20la%20comunidad%20para%20escribir%20una%20nueva%20Constituci%C3%B3n%E2%80%9D&#038;url=https:\/\/radiorevelacionfm.cl\/?p=27288' aria-hidden='false' data-av_icon='\ue8fc' data-av_iconfont='entypo-fontello' title='' data-avia-related-tooltip='Compartir en LinkedIn' rel=\"noopener\"><span class='avia_hidden_link_text'>Compartir en LinkedIn<\/span><\/a><\/li><li class='av-share-link av-social-link-mail' ><a  aria-label=\"Compartir por correo\" href='mailto:?subject=Abogada%20Andrea%20Ponce%20es%20la%20carta%20de%20la%20UDI%20al%20Consejo%20Constitucional%20en%20Ays%C3%A9n%3A%20%E2%80%9CPongo%20mi%20experiencia%20laboral%20y%20profesional%20al%20servicio%20de%20la%20comunidad%20para%20escribir%20una%20nueva%20Constituci%C3%B3n%E2%80%9D&#038;body=https:\/\/radiorevelacionfm.cl\/?p=27288' aria-hidden='false' data-av_icon='\ue805' data-av_iconfont='entypo-fontello' title='' data-avia-related-tooltip='Compartir por correo'><span class='avia_hidden_link_text'>Compartir por correo<\/span><\/a><\/li><\/ul><\/div><\/div>\n<div  style='height:50px' class='hr hr-invisible   avia-builder-el-8  el_after_av_social_share  el_before_av_comments_list '><span class='hr-inner ' ><span class='hr-inner-style'><\/span><\/span><\/div>\n<div  class='av-buildercomment  av-blog-meta-html-info-disabled av-blog-meta-tag-disabled  '><\/div>\n","protected":false},"excerpt":{"rendered":"","protected":false},"author":1,"featured_media":27289,"comment_status":"open","ping_status":"open","sticky":false,"template":"","format":"standard","meta":{"footnotes":""},"categories":[35],"tags":[],"class_list":["post-27288","post","type-post","status-publish","format-standard","has-post-thumbnail","hentry","category-politica"],"jetpack_featured_media_url":"https:\/\/radiorevelacionfm.cl\/wp-content\/uploads\/2023\/01\/andrea-ponce-1.jpg","_links":{"self":[{"href":"https:\/\/radiorevelacionfm.cl\/index.php?rest_route=\/wp\/v2\/posts\/27288","targetHints":{"allow":["GET"]}}],"collection":[{"href":"https:\/\/radiorevelacionfm.cl\/index.php?rest_route=\/wp\/v2\/posts"}],"about":[{"href":"https:\/\/radiorevelacionfm.cl\/index.php?rest_route=\/wp\/v2\/types\/post"}],"author":[{"embeddable":true,"href":"https:\/\/radiorevelacionfm.cl\/index.php?rest_route=\/wp\/v2\/users\/1"}],"replies":[{"embeddable":true,"href":"https:\/\/radiorevelacionfm.cl\/index.php?rest_route=%2Fwp%2Fv2%2Fcomments&post=27288"}],"version-history":[{"count":2,"href":"https:\/\/radiorevelacionfm.cl\/index.php?rest_route=\/wp\/v2\/posts\/27288\/revisions"}],"predecessor-version":[{"id":27298,"href":"https:\/\/radiorevelacionfm.cl\/index.php?rest_route=\/wp\/v2\/posts\/27288\/revisions\/27298"}],"wp:featuredmedia":[{"embeddable":true,"href":"https:\/\/radiorevelacionfm.cl\/index.php?rest_route=\/wp\/v2\/media\/27289"}],"wp:attachment":[{"href":"https:\/\/radiorevelacionfm.cl\/index.php?rest_route=%2Fwp%2Fv2%2Fmedia&parent=27288"}],"wp:term":[{"taxonomy":"category","embeddable":true,"href":"https:\/\/radiorevelacionfm.cl\/index.php?rest_route=%2Fwp%2Fv2%2Fcategories&post=27288"},{"taxonomy":"post_tag","embeddable":true,"href":"https:\/\/radiorevelacionfm.cl\/index.php?rest_route=%2Fwp%2Fv2%2Ftags&post=27288"}],"curies":[{"name":"wp","href":"https:\/\/api.w.org\/{rel}","templated":true}]}}