{"id":27284,"date":"2023-01-31T16:08:18","date_gmt":"2023-01-31T19:08:18","guid":{"rendered":"https:\/\/radiorevelacionfm.cl\/?p=27284"},"modified":"2023-01-31T16:08:18","modified_gmt":"2023-01-31T19:08:18","slug":"emprendedores-as-de-cisnes-y-lago-verde-desarrollan-sus-negocios-con-el-fosis","status":"publish","type":"post","link":"https:\/\/radiorevelacionfm.cl\/?p=27284","title":{"rendered":"Emprendedores\/as de Cisnes y Lago Verde desarrollan sus negocios con el FOSIS"},"content":{"rendered":"<div class=\"flex_column av_one_full  flex_column_div av-zero-column-padding first  avia-builder-el-0  el_before_av_one_full  avia-builder-el-first  \" style='border-radius:0px; '><div  class='avia-image-container  av-styling-    avia-builder-el-1  avia-builder-el-no-sibling  avia-align-center '  itemprop=\"image\" itemscope=\"itemscope\" itemtype=\"https:\/\/schema.org\/ImageObject\"  ><div class='avia-image-container-inner'><div class='avia-image-overlay-wrap'><img decoding=\"async\" class='wp-image-27285 avia-img-lazy-loading-not-27285 avia_image' src=\"https:\/\/radiorevelacionfm.cl\/wp-content\/uploads\/2023\/01\/emprendamos-cisnes-lagoverde-1_optimized.jpeg\" alt='' title='emprendamos-cisnes-lagoverde-(1)_optimized' height=\"600\" width=\"949\"  itemprop=\"thumbnailUrl\" srcset=\"https:\/\/radiorevelacionfm.cl\/wp-content\/uploads\/2023\/01\/emprendamos-cisnes-lagoverde-1_optimized.jpeg 949w, https:\/\/radiorevelacionfm.cl\/wp-content\/uploads\/2023\/01\/emprendamos-cisnes-lagoverde-1_optimized-300x190.jpeg 300w, https:\/\/radiorevelacionfm.cl\/wp-content\/uploads\/2023\/01\/emprendamos-cisnes-lagoverde-1_optimized-768x486.jpeg 768w, https:\/\/radiorevelacionfm.cl\/wp-content\/uploads\/2023\/01\/emprendamos-cisnes-lagoverde-1_optimized-705x446.jpeg 705w, https:\/\/radiorevelacionfm.cl\/wp-content\/uploads\/2023\/01\/emprendamos-cisnes-lagoverde-1_optimized-600x379.jpeg 600w\" sizes=\"(max-width: 949px) 100vw, 949px\" \/><\/div><\/div><\/div><\/div><div class=\"flex_column av_one_full  flex_column_div av-zero-column-padding first  avia-builder-el-2  el_after_av_one_full  el_before_av_one_full  column-top-margin\" style='border-radius:0px; '><section class=\"av_textblock_section \"  itemscope=\"itemscope\" itemtype=\"https:\/\/schema.org\/BlogPosting\" itemprop=\"blogPost\" ><div class='avia_textblock  '   itemprop=\"text\" ><p style=\"text-align: center;\"><strong><span style=\"font-size: 18pt;\">Emprendedores\/as de Cisnes y Lago Verde desarrollan sus negocios con el FOSIS<\/span><\/strong><\/p>\n<div id=\"gtx-trans\" style=\"position: absolute; left: -50px; top: 4.31534px;\">\n<div class=\"gtx-trans-icon\"><\/div>\n<\/div>\n<\/div><\/section><\/div><div class=\"flex_column av_one_full  flex_column_div av-zero-column-padding first  avia-builder-el-4  el_after_av_one_full  el_before_av_hr  column-top-margin\" style='border-radius:0px; '><section class=\"av_textblock_section \"  itemscope=\"itemscope\" itemtype=\"https:\/\/schema.org\/BlogPosting\" itemprop=\"blogPost\" ><div class='avia_textblock  '   itemprop=\"text\" ><p style=\"text-align: justify;\">En Puerto Cisnes se realiz\u00f3 la ceremonia de cierre y certificaci\u00f3n de emprendedores y emprendedoras de las comunas de Cisnes y Lago Verde, quienes finalizaron exitosamente las distintas etapas comprendidas por el programa Emprendamos, financiado por el Fondo de Solidaridad e Inversi\u00f3n Social, FOSIS y ejecutado con apoyo de Chelenko Consultores.<\/p>\n<p style=\"text-align: justify;\">Los y las participantes del programa Emprendamos Avanzado y Emprendamos Semilla para familias del Subsistema de Seguridades y Oportunidades, pudieron financiar un plan de negocios para comprar herramientas e insumos, junto con recibir asesor\u00eda t\u00e9cnica personalizada y capacitaciones para optimizar el funcionamiento de sus emprendimientos.<\/p>\n<p style=\"text-align: justify;\">Fueron un total de 60 usuarias y usuarios los que concluyeron satisfactoriamente esta instancia formativa, dirigida a personas con caracter\u00edsticas emprendedoras, que tienen una idea de negocio o para quienes tiene un negocio en funcionamiento y lo est\u00e1n consolidando.<\/p>\n<p style=\"text-align: justify;\">Mar\u00eda Pate Pe\u00f1a, usuaria del programa Emprendamos Avanzado y pescadora artesanal de Puerto Gala, viaj\u00f3 para poder estar presente en la ceremonia de certificaci\u00f3n y asegur\u00f3 que \u201cfue s\u00faper importante la intervenci\u00f3n porque me ayud\u00f3 a implementar la idea de negocio que yo ten\u00eda, con los materiales y las herramientas necesarias para seguir desarrollando mi emprendimiento. Yo trabajo en fibra de vidrio, reparaci\u00f3n y mantenci\u00f3n de embarcaciones. He trabajado haciendo parches peque\u00f1os en lanchas y ha resultados s\u00faper bien. Gracias a este proyecto me lleg\u00f3 nuevo material y para el verano tengo harto trabajo\u201d.<\/p>\n<p style=\"text-align: justify;\">La Directora Regional del FOSIS en Ays\u00e9n, Fernanda Leiva Mu\u00f1oz, destac\u00f3 que la instancia \u201cfue una ceremonia muy emotiva y reflej\u00f3 sustancialmente el trabajo que se realiza en estos programas. Los emprendedores y emprendedoras dedican mucho esfuerzo y tiempo en las capacitaciones y talleres, como bien dec\u00edan ellos, con algunas inseguridades, pero logran ver los avances que tienen a trav\u00e9s del acompa\u00f1amiento que entrega este programa del FOSIS. Estamos muy contentos y queremos seguir trabajando en estas comunas para continuar apoyando a sus emprendedores y emprendedoras\u201d.<\/p>\n<p style=\"text-align: justify;\">Cabe mencionar que, en estos programas de emprendimiento, financiados por el FOSIS, participaron usuarios y usuarias de Lago Verde, Puerto Cisnes, La Junta, Puerto Ra\u00fal Mar\u00edn Balmaceda, Puerto Gala, Puerto Gaviota y Puyuhuapi.<\/p>\n<\/div><\/section><\/div><div  style='height:50px' class='hr hr-invisible   avia-builder-el-6  el_after_av_one_full  el_before_av_social_share '><span class='hr-inner ' ><span class='hr-inner-style'><\/span><\/span><\/div><\/p>\n<div  class='av-social-sharing-box  avia-builder-el-7  el_after_av_hr  el_before_av_hr  '><div class='av-share-box'><h5 class='av-share-link-description av-no-toc '>Compartir esta noticia<\/h5><ul class='av-share-box-list noLightbox'><li class='av-share-link av-social-link-facebook' ><a target=\"_blank\" aria-label=\"Compartir en Facebook\" href='https:\/\/www.facebook.com\/sharer.php?u=https:\/\/radiorevelacionfm.cl\/?p=27284&#038;t=Emprendedores%2Fas%20de%20Cisnes%20y%20Lago%20Verde%20desarrollan%20sus%20negocios%20con%20el%20FOSIS' aria-hidden='false' data-av_icon='\ue8f3' data-av_iconfont='entypo-fontello' title='' data-avia-related-tooltip='Compartir en Facebook' rel=\"noopener\"><span class='avia_hidden_link_text'>Compartir en Facebook<\/span><\/a><\/li><li class='av-share-link av-social-link-twitter' ><a target=\"_blank\" aria-label=\"Compartir en Twitter\" href='https:\/\/twitter.com\/share?text=Emprendedores%2Fas%20de%20Cisnes%20y%20Lago%20Verde%20desarrollan%20sus%20negocios%20con%20el%20FOSIS&#038;url=https:\/\/radiorevelacionfm.cl\/?p=27284' aria-hidden='false' data-av_icon='\ue8f1' data-av_iconfont='entypo-fontello' title='' data-avia-related-tooltip='Compartir en Twitter' rel=\"noopener\"><span class='avia_hidden_link_text'>Compartir en Twitter<\/span><\/a><\/li><li class='av-share-link av-social-link-whatsapp' ><a target=\"_blank\" aria-label=\"Compartir en Whatsapp\" href='https:\/\/api.whatsapp.com\/send?text=https:\/\/radiorevelacionfm.cl\/?p=27284' aria-hidden='false' data-av_icon='\uf232' data-av_iconfont='entypo-fontello' title='' data-avia-related-tooltip='Compartir en Whatsapp' rel=\"noopener\"><span class='avia_hidden_link_text'>Compartir en Whatsapp<\/span><\/a><\/li><li class='av-share-link av-social-link-linkedin' ><a target=\"_blank\" aria-label=\"Compartir en LinkedIn\" href='https:\/\/linkedin.com\/shareArticle?mini=true&#038;title=Emprendedores%2Fas%20de%20Cisnes%20y%20Lago%20Verde%20desarrollan%20sus%20negocios%20con%20el%20FOSIS&#038;url=https:\/\/radiorevelacionfm.cl\/?p=27284' aria-hidden='false' data-av_icon='\ue8fc' data-av_iconfont='entypo-fontello' title='' data-avia-related-tooltip='Compartir en LinkedIn' rel=\"noopener\"><span class='avia_hidden_link_text'>Compartir en LinkedIn<\/span><\/a><\/li><li class='av-share-link av-social-link-mail' ><a  aria-label=\"Compartir por correo\" href='mailto:?subject=Emprendedores%2Fas%20de%20Cisnes%20y%20Lago%20Verde%20desarrollan%20sus%20negocios%20con%20el%20FOSIS&#038;body=https:\/\/radiorevelacionfm.cl\/?p=27284' aria-hidden='false' data-av_icon='\ue805' data-av_iconfont='entypo-fontello' title='' data-avia-related-tooltip='Compartir por correo'><span class='avia_hidden_link_text'>Compartir por correo<\/span><\/a><\/li><\/ul><\/div><\/div>\n<div  style='height:50px' class='hr hr-invisible   avia-builder-el-8  el_after_av_social_share  el_before_av_comments_list '><span class='hr-inner ' ><span class='hr-inner-style'><\/span><\/span><\/div>\n<div  class='av-buildercomment  av-blog-meta-html-info-disabled av-blog-meta-tag-disabled  '><\/div>\n","protected":false},"excerpt":{"rendered":"","protected":false},"author":1,"featured_media":27285,"comment_status":"open","ping_status":"open","sticky":false,"template":"","format":"standard","meta":{"footnotes":""},"categories":[38],"tags":[],"class_list":["post-27284","post","type-post","status-publish","format-standard","has-post-thumbnail","hentry","category-regional"],"jetpack_featured_media_url":"https:\/\/radiorevelacionfm.cl\/wp-content\/uploads\/2023\/01\/emprendamos-cisnes-lagoverde-1_optimized.jpeg","_links":{"self":[{"href":"https:\/\/radiorevelacionfm.cl\/index.php?rest_route=\/wp\/v2\/posts\/27284","targetHints":{"allow":["GET"]}}],"collection":[{"href":"https:\/\/radiorevelacionfm.cl\/index.php?rest_route=\/wp\/v2\/posts"}],"about":[{"href":"https:\/\/radiorevelacionfm.cl\/index.php?rest_route=\/wp\/v2\/types\/post"}],"author":[{"embeddable":true,"href":"https:\/\/radiorevelacionfm.cl\/index.php?rest_route=\/wp\/v2\/users\/1"}],"replies":[{"embeddable":true,"href":"https:\/\/radiorevelacionfm.cl\/index.php?rest_route=%2Fwp%2Fv2%2Fcomments&post=27284"}],"version-history":[{"count":2,"href":"https:\/\/radiorevelacionfm.cl\/index.php?rest_route=\/wp\/v2\/posts\/27284\/revisions"}],"predecessor-version":[{"id":27287,"href":"https:\/\/radiorevelacionfm.cl\/index.php?rest_route=\/wp\/v2\/posts\/27284\/revisions\/27287"}],"wp:featuredmedia":[{"embeddable":true,"href":"https:\/\/radiorevelacionfm.cl\/index.php?rest_route=\/wp\/v2\/media\/27285"}],"wp:attachment":[{"href":"https:\/\/radiorevelacionfm.cl\/index.php?rest_route=%2Fwp%2Fv2%2Fmedia&parent=27284"}],"wp:term":[{"taxonomy":"category","embeddable":true,"href":"https:\/\/radiorevelacionfm.cl\/index.php?rest_route=%2Fwp%2Fv2%2Fcategories&post=27284"},{"taxonomy":"post_tag","embeddable":true,"href":"https:\/\/radiorevelacionfm.cl\/index.php?rest_route=%2Fwp%2Fv2%2Ftags&post=27284"}],"curies":[{"name":"wp","href":"https:\/\/api.w.org\/{rel}","templated":true}]}}