{"id":27278,"date":"2023-01-31T15:33:07","date_gmt":"2023-01-31T18:33:07","guid":{"rendered":"https:\/\/radiorevelacionfm.cl\/?p=27278"},"modified":"2023-01-31T15:34:46","modified_gmt":"2023-01-31T18:34:46","slug":"definen-avance-y-lineas-de-trabajo-para-agilizar-obras-de-fibra-optica-hacia-raul-marin-balmaceda","status":"publish","type":"post","link":"https:\/\/radiorevelacionfm.cl\/?p=27278","title":{"rendered":"Definen avance y l\u00edneas de trabajo para agilizar obras de fibra \u00f3ptica hacia Ra\u00fal Mar\u00edn Balmaceda"},"content":{"rendered":"<div class=\"flex_column av_one_full  flex_column_div av-zero-column-padding first  avia-builder-el-0  el_before_av_one_full  avia-builder-el-first  \" style='border-radius:0px; '><div  class='avia-image-container  av-styling-    avia-builder-el-1  avia-builder-el-no-sibling  avia-align-center '  itemprop=\"image\" itemscope=\"itemscope\" itemtype=\"https:\/\/schema.org\/ImageObject\"  ><div class='avia-image-container-inner'><div class='avia-image-overlay-wrap'><img decoding=\"async\" class='wp-image-27282 avia-img-lazy-loading-not-27282 avia_image' src=\"https:\/\/radiorevelacionfm.cl\/wp-content\/uploads\/2023\/01\/fibra-optica-raul-marin-2-1_optimized.jpg\" alt='' title='fibra-\u00f3ptica-ra\u00fal-mar\u00edn-(2)-(1)_optimized' height=\"600\" width=\"800\"  itemprop=\"thumbnailUrl\" srcset=\"https:\/\/radiorevelacionfm.cl\/wp-content\/uploads\/2023\/01\/fibra-optica-raul-marin-2-1_optimized.jpg 800w, https:\/\/radiorevelacionfm.cl\/wp-content\/uploads\/2023\/01\/fibra-optica-raul-marin-2-1_optimized-300x225.jpg 300w, https:\/\/radiorevelacionfm.cl\/wp-content\/uploads\/2023\/01\/fibra-optica-raul-marin-2-1_optimized-768x576.jpg 768w, https:\/\/radiorevelacionfm.cl\/wp-content\/uploads\/2023\/01\/fibra-optica-raul-marin-2-1_optimized-705x529.jpg 705w, https:\/\/radiorevelacionfm.cl\/wp-content\/uploads\/2023\/01\/fibra-optica-raul-marin-2-1_optimized-600x450.jpg 600w\" sizes=\"(max-width: 800px) 100vw, 800px\" \/><\/div><\/div><\/div><\/div><div class=\"flex_column av_one_full  flex_column_div av-zero-column-padding first  avia-builder-el-2  el_after_av_one_full  el_before_av_one_full  column-top-margin\" style='border-radius:0px; '><section class=\"av_textblock_section \"  itemscope=\"itemscope\" itemtype=\"https:\/\/schema.org\/BlogPosting\" itemprop=\"blogPost\" ><div class='avia_textblock  '   itemprop=\"text\" ><p style=\"text-align: center;\"><span style=\"font-size: 18pt;\"><b>Definen avance y l\u00edneas de trabajo para agilizar obras de fibra \u00f3ptica hacia Ra\u00fal Mar\u00edn Balmaceda<\/b><\/span><\/p>\n<div id=\"gtx-trans\" style=\"position: absolute; left: -50px; top: 4.31534px;\">\n<div class=\"gtx-trans-icon\"><\/div>\n<\/div>\n<\/div><\/section><\/div><\/p>\n<div class=\"flex_column av_one_full  flex_column_div av-zero-column-padding first  avia-builder-el-4  el_after_av_one_full  el_before_av_hr  column-top-margin\" style='border-radius:0px; '><section class=\"av_textblock_section \"  itemscope=\"itemscope\" itemtype=\"https:\/\/schema.org\/BlogPosting\" itemprop=\"blogPost\" ><div class='avia_textblock  '   itemprop=\"text\" ><p style=\"text-align: justify;\">Con la finalidad de trabajar en conjunto para entregar soluciones de conectividad a la Regi\u00f3n de Ays\u00e9n, la seremiTT Claudia Cantero junto a la subgerenta de Telef\u00f3nica del Sur Coyhaique, \u00darsula Matamala y el encargado de electrificaci\u00f3n rural de Edelays\u00e9n, Marcelo Silva; se reunieron para definir avances y l\u00edneas de trabajo para agilizar las obras que permitir\u00e1n implementar fibra \u00f3ptica desde La Junta a Ra\u00fal Mar\u00edn Balmaceda.<\/p>\n<p style=\"text-align: justify;\">Estas obras ser\u00e1n posibles mediante el proyecto Fibra \u00d3ptica en Complejos Fronterizos (FOCF) que la Subsecretar\u00eda de Telecomunicaciones (SUBTEL) adjudic\u00f3 a la empresa Telef\u00f3nica del Sur. Dentro de esta propuesta se logr\u00f3\u00a0 incorporar dos puntos de interconexi\u00f3n y dos trazados de fibra \u00f3ptica no exigibles en bases de concurso, con lo que se podr\u00e1 entregar Internet de alta velocidad a las localidades de La Junta y Ra\u00fal Mar\u00edn Balmaceda. Mediante este proyecto se responde a la necesidad de mejorar la calidad del servicio existente hasta ahora, con una accesibilidad que permita el desarrollo del emprendimiento, turismo y comercio local.<\/p>\n<p style=\"text-align: justify;\">Paralelamente, y dentro de su plan de electrificaci\u00f3n rural, Edelays\u00e9n contempla la extensi\u00f3n de su red el\u00e9ctrica hacia la localidad costera de la comuna de Cisnes. En este sentido, la seremiTT Claudia Cantero describi\u00f3 el trabajo colaborativo con ambas empresas, en donde se exploraron las posibilidades de compatibilizar los trabajos de postaci\u00f3n y otras obras de avance para la instalaci\u00f3n de la fibra \u00f3ptica por parte de Telsur.<\/p>\n<p style=\"text-align: justify;\">\u201cHemos conversado sobre el avance que ha tenido la extensi\u00f3n de la fibra \u00f3ptica de la localidad de Ra\u00fal Mar\u00edn Balmaceda, este proyecto nace desde el Fondo de Desarrollo de las Telecomunicaciones de la Subtel, llamado Fibra \u00d3ptica para Pasos Fronterizos. \u00c9ste nos va a permitir contar pronto con soluciones de conectividad digital para esta localidad. Estamos avanzando y viendo como Ministerio de Transportes y Telecomunicaciones, en qu\u00e9 manera podemos apoyar y agilizar su ejecuci\u00f3n. Pr\u00f3ximamente viajaremos a la localidad para conversar con sus habitantes y contarles en qu\u00e9 estamos y c\u00f3mo hemos ido avanzando junto a las empresas\u201d, indic\u00f3 la autoridad.<\/p>\n<p style=\"text-align: justify;\">Marcelo Silva, de Edelays\u00e9n, inform\u00f3 sobre las obras realizadas por la empresa que: \u201ctenemos construidos 25 kms. energizados y conectados a 24 viviendas de la red hacia Ra\u00fal Mar\u00edn Balmaceda desde La Junta. Hoy estamos trabajando en la permisolog\u00eda de la etapa 2 y en un trabajo colaborativo con Telsur para entregar la postaci\u00f3n a ellos para que puedan colocar la Fibra \u00d3ptica. Quedan alrededor de 50 kms. de red hasta la localidad de Ra\u00fal Mar\u00edn Balmaceda m\u00e1s la normalizaci\u00f3n de la red\u201d, detall\u00f3.<\/p>\n<p style=\"text-align: justify;\">Desde Telsur, \u00darsula Matamala, subgerente zonal de Telef\u00f3nica del Sur Coyhaique se refiri\u00f3 al desarrollo que se espera obtener junto a la empresa el\u00e9ctrica: \u201cesperamos ir destrabando algunos temas porque estamos muy interesados en poder dar servicios a la comunidad de Puerto Ra\u00fal Mar\u00edn Balmaceda, de hecho visitamos hace poco el lugar para poder atenderlos d\u00e1ndoles Internet, Televisi\u00f3n y Telefon\u00eda\u201d. La representante de Telsur inform\u00f3 adem\u00e1s que la concesionaria ha tenido un avance del 75% en la zona sur de la regi\u00f3n mediante el soporte de la Fibra \u00d3ptica Austral, con la prestaci\u00f3n de servicios en Cerro Castillo, Puerto Tranquilo, Bah\u00eda Murta, Cochrane, Chile Chico y Balmaceda. \u201cAhora estamos pensando la tercera etapa que esperamos se concrete dentro del primer trimestre, que comprende El Blanco, Caleta Tortel, Puerto Bertrand y Mall\u00edn Grande\u201d.<\/p>\n<\/div><\/section><\/div>\n<div  style='height:50px' class='hr hr-invisible   avia-builder-el-6  el_after_av_one_full  el_before_av_social_share '><span class='hr-inner ' ><span class='hr-inner-style'><\/span><\/span><\/div>\n<div  class='av-social-sharing-box  avia-builder-el-7  el_after_av_hr  el_before_av_hr  '><div class='av-share-box'><h5 class='av-share-link-description av-no-toc '>Compartir esta noticia<\/h5><ul class='av-share-box-list noLightbox'><li class='av-share-link av-social-link-facebook' ><a target=\"_blank\" aria-label=\"Compartir en Facebook\" href='https:\/\/www.facebook.com\/sharer.php?u=https:\/\/radiorevelacionfm.cl\/?p=27278&#038;t=Definen%20avance%20y%20l%C3%ADneas%20de%20trabajo%20para%20agilizar%20obras%20de%20fibra%20%C3%B3ptica%20hacia%20Ra%C3%BAl%20Mar%C3%ADn%20Balmaceda' aria-hidden='false' data-av_icon='\ue8f3' data-av_iconfont='entypo-fontello' title='' data-avia-related-tooltip='Compartir en Facebook' rel=\"noopener\"><span class='avia_hidden_link_text'>Compartir en Facebook<\/span><\/a><\/li><li class='av-share-link av-social-link-twitter' ><a target=\"_blank\" aria-label=\"Compartir en Twitter\" href='https:\/\/twitter.com\/share?text=Definen%20avance%20y%20l%C3%ADneas%20de%20trabajo%20para%20agilizar%20obras%20de%20fibra%20%C3%B3ptica%20hacia%20Ra%C3%BAl%20Mar%C3%ADn%20Balmaceda&#038;url=https:\/\/radiorevelacionfm.cl\/?p=27278' aria-hidden='false' data-av_icon='\ue8f1' data-av_iconfont='entypo-fontello' title='' data-avia-related-tooltip='Compartir en Twitter' rel=\"noopener\"><span class='avia_hidden_link_text'>Compartir en Twitter<\/span><\/a><\/li><li class='av-share-link av-social-link-whatsapp' ><a target=\"_blank\" aria-label=\"Compartir en Whatsapp\" href='https:\/\/api.whatsapp.com\/send?text=https:\/\/radiorevelacionfm.cl\/?p=27278' aria-hidden='false' data-av_icon='\uf232' data-av_iconfont='entypo-fontello' title='' data-avia-related-tooltip='Compartir en Whatsapp' rel=\"noopener\"><span class='avia_hidden_link_text'>Compartir en Whatsapp<\/span><\/a><\/li><li class='av-share-link av-social-link-linkedin' ><a target=\"_blank\" aria-label=\"Compartir en LinkedIn\" href='https:\/\/linkedin.com\/shareArticle?mini=true&#038;title=Definen%20avance%20y%20l%C3%ADneas%20de%20trabajo%20para%20agilizar%20obras%20de%20fibra%20%C3%B3ptica%20hacia%20Ra%C3%BAl%20Mar%C3%ADn%20Balmaceda&#038;url=https:\/\/radiorevelacionfm.cl\/?p=27278' aria-hidden='false' data-av_icon='\ue8fc' data-av_iconfont='entypo-fontello' title='' data-avia-related-tooltip='Compartir en LinkedIn' rel=\"noopener\"><span class='avia_hidden_link_text'>Compartir en LinkedIn<\/span><\/a><\/li><li class='av-share-link av-social-link-mail' ><a  aria-label=\"Compartir por correo\" href='mailto:?subject=Definen%20avance%20y%20l%C3%ADneas%20de%20trabajo%20para%20agilizar%20obras%20de%20fibra%20%C3%B3ptica%20hacia%20Ra%C3%BAl%20Mar%C3%ADn%20Balmaceda&#038;body=https:\/\/radiorevelacionfm.cl\/?p=27278' aria-hidden='false' data-av_icon='\ue805' data-av_iconfont='entypo-fontello' title='' data-avia-related-tooltip='Compartir por correo'><span class='avia_hidden_link_text'>Compartir por correo<\/span><\/a><\/li><\/ul><\/div><\/div>\n<div  style='height:50px' class='hr hr-invisible   avia-builder-el-8  el_after_av_social_share  el_before_av_comments_list '><span class='hr-inner ' ><span class='hr-inner-style'><\/span><\/span><\/div>\n<div  class='av-buildercomment  av-blog-meta-html-info-disabled av-blog-meta-tag-disabled  '><\/div>\n","protected":false},"excerpt":{"rendered":"","protected":false},"author":1,"featured_media":27282,"comment_status":"open","ping_status":"open","sticky":false,"template":"","format":"standard","meta":{"footnotes":""},"categories":[38],"tags":[],"class_list":["post-27278","post","type-post","status-publish","format-standard","has-post-thumbnail","hentry","category-regional"],"jetpack_featured_media_url":"https:\/\/radiorevelacionfm.cl\/wp-content\/uploads\/2023\/01\/fibra-optica-raul-marin-2-1_optimized.jpg","_links":{"self":[{"href":"https:\/\/radiorevelacionfm.cl\/index.php?rest_route=\/wp\/v2\/posts\/27278","targetHints":{"allow":["GET"]}}],"collection":[{"href":"https:\/\/radiorevelacionfm.cl\/index.php?rest_route=\/wp\/v2\/posts"}],"about":[{"href":"https:\/\/radiorevelacionfm.cl\/index.php?rest_route=\/wp\/v2\/types\/post"}],"author":[{"embeddable":true,"href":"https:\/\/radiorevelacionfm.cl\/index.php?rest_route=\/wp\/v2\/users\/1"}],"replies":[{"embeddable":true,"href":"https:\/\/radiorevelacionfm.cl\/index.php?rest_route=%2Fwp%2Fv2%2Fcomments&post=27278"}],"version-history":[{"count":3,"href":"https:\/\/radiorevelacionfm.cl\/index.php?rest_route=\/wp\/v2\/posts\/27278\/revisions"}],"predecessor-version":[{"id":27281,"href":"https:\/\/radiorevelacionfm.cl\/index.php?rest_route=\/wp\/v2\/posts\/27278\/revisions\/27281"}],"wp:featuredmedia":[{"embeddable":true,"href":"https:\/\/radiorevelacionfm.cl\/index.php?rest_route=\/wp\/v2\/media\/27282"}],"wp:attachment":[{"href":"https:\/\/radiorevelacionfm.cl\/index.php?rest_route=%2Fwp%2Fv2%2Fmedia&parent=27278"}],"wp:term":[{"taxonomy":"category","embeddable":true,"href":"https:\/\/radiorevelacionfm.cl\/index.php?rest_route=%2Fwp%2Fv2%2Fcategories&post=27278"},{"taxonomy":"post_tag","embeddable":true,"href":"https:\/\/radiorevelacionfm.cl\/index.php?rest_route=%2Fwp%2Fv2%2Ftags&post=27278"}],"curies":[{"name":"wp","href":"https:\/\/api.w.org\/{rel}","templated":true}]}}