{"id":27274,"date":"2023-01-31T14:52:54","date_gmt":"2023-01-31T17:52:54","guid":{"rendered":"https:\/\/radiorevelacionfm.cl\/?p=27274"},"modified":"2023-01-31T14:52:54","modified_gmt":"2023-01-31T17:52:54","slug":"parque-nacional-patagonia-conectando-a-los-jovenes-de-chile-chico-con-el-valor-de-las-areas-protegidas","status":"publish","type":"post","link":"https:\/\/radiorevelacionfm.cl\/?p=27274","title":{"rendered":"Parque Nacional Patagonia: Conectando a los j\u00f3venes de Chile Chico con el valor de las \u00e1reas protegidas"},"content":{"rendered":"<div class=\"flex_column av_one_full  flex_column_div av-zero-column-padding first  avia-builder-el-0  el_before_av_one_full  avia-builder-el-first  \" style='border-radius:0px; '><div  class='avia-image-container  av-styling-    avia-builder-el-1  avia-builder-el-no-sibling  avia-align-center '  itemprop=\"image\" itemscope=\"itemscope\" itemtype=\"https:\/\/schema.org\/ImageObject\"  ><div class='avia-image-container-inner'><div class='avia-image-overlay-wrap'><img decoding=\"async\" class='wp-image-27275 avia-img-lazy-loading-not-27275 avia_image' src=\"https:\/\/radiorevelacionfm.cl\/wp-content\/uploads\/2023\/01\/PNP-1-1-1.jpg\" alt='' title='PNP (1) (1) (1)' height=\"600\" width=\"900\"  itemprop=\"thumbnailUrl\" srcset=\"https:\/\/radiorevelacionfm.cl\/wp-content\/uploads\/2023\/01\/PNP-1-1-1.jpg 900w, https:\/\/radiorevelacionfm.cl\/wp-content\/uploads\/2023\/01\/PNP-1-1-1-300x200.jpg 300w, https:\/\/radiorevelacionfm.cl\/wp-content\/uploads\/2023\/01\/PNP-1-1-1-768x512.jpg 768w, https:\/\/radiorevelacionfm.cl\/wp-content\/uploads\/2023\/01\/PNP-1-1-1-705x470.jpg 705w, https:\/\/radiorevelacionfm.cl\/wp-content\/uploads\/2023\/01\/PNP-1-1-1-600x400.jpg 600w\" sizes=\"(max-width: 900px) 100vw, 900px\" \/><\/div><\/div><\/div><\/div><div class=\"flex_column av_one_full  flex_column_div av-zero-column-padding first  avia-builder-el-2  el_after_av_one_full  el_before_av_one_full  column-top-margin\" style='border-radius:0px; '><section class=\"av_textblock_section \"  itemscope=\"itemscope\" itemtype=\"https:\/\/schema.org\/BlogPosting\" itemprop=\"blogPost\" ><div class='avia_textblock  '   itemprop=\"text\" ><p style=\"text-align: center;\"><strong><span style=\"font-size: 18pt;\">Parque Nacional Patagonia: Conectando a los j\u00f3venes de Chile Chico con el valor de las \u00e1reas protegidas<\/span><\/strong><\/p>\n<div id=\"gtx-trans\" style=\"position: absolute; left: -50px; top: 4.31534px;\">\n<div class=\"gtx-trans-icon\"><\/div>\n<\/div>\n<\/div><\/section><\/div><div class=\"flex_column av_one_full  flex_column_div av-zero-column-padding first  avia-builder-el-4  el_after_av_one_full  el_before_av_hr  column-top-margin\" style='border-radius:0px; '><section class=\"av_textblock_section \"  itemscope=\"itemscope\" itemtype=\"https:\/\/schema.org\/BlogPosting\" itemprop=\"blogPost\" ><div class='avia_textblock  '   itemprop=\"text\" ><p style=\"text-align: justify;\">El programa, facilitado por \u201cDescubriendo\u201d, educadores ambientales de la ciudad de Cochrane, busc\u00f3 fortalecer el v\u00ednculo de los estudiantes del liceo Luisa Rabanal con el parque nacional y generar aprendizaje sobre la biodiversidad que alberga.<\/p>\n<p style=\"text-align: justify;\">Con un completo programa de actividades que se desarrollaron en el sector Jeinimeni, los alumnos de segundo medio y docentes, pudieron disfrutar de cuatro jornadas en el que los imponentes paisajes del \u00e1rea protegida funcionaron como una verdadera aula al aire libre.<\/p>\n<p style=\"text-align: justify;\">\u201cAprender sobre el parque nacional, en el parque nacional tiene un valor adicional. Esto ayuda a los j\u00f3venes a empoderarse con su \u00e1rea protegida y por sobre todo, poder defenderla\u201d, se\u00f1al\u00f3 Carolina Cerda, directora de Vinculaci\u00f3n Comunitaria de Fundaci\u00f3n Rewilding Chile.<\/p>\n<p style=\"text-align: justify;\">Las actividades, tuvieron diferentes focos para poder abordar aspectos interesantes de manera pr\u00e1ctica en la naturaleza. Algunas tem\u00e1ticas tratadas en los talleres fueron identificaci\u00f3n de macroinvertebrados dulceacu\u00edcolas para la protecci\u00f3n de nuestros ecosistemas, Parques Nacionales, la tierra como la vieron nuestros antepasados, identificaci\u00f3n de aves y flora, y un campamento final en el que los estudiantes pudieron aprender t\u00e9cnicas de orientaci\u00f3n terrestre y de \u201cNo deje rastro\u201d.<\/p>\n<p style=\"text-align: justify;\">\u201cValoro el poder acercar a los j\u00f3venes a estas instancias de naturaleza, de empat\u00eda con el medio ambiente. Sobre todo, que los chicos puedan desenvolverse de una forma sana y libre en torno a sus propios intereses\u201d, se\u00f1al\u00f3 Germ\u00e1n Palma, profesor del Liceo Luisa Rabanal.<\/p>\n<p style=\"text-align: justify;\">En tanto, Ray\u00e9n Rosales, alumna de segundo medio asegur\u00f3 que\u00a0\u201cPude aprender a proteger los ecosistemas, sobre la importancia de acercarnos a la naturaleza y alejarnos de las urbes. Conocer la flora y fauna de nuestra regi\u00f3n y descubrir nuestros bellos paisajes\u201d.<\/p>\n<p style=\"text-align: justify;\">La actividad se enmarca dentro del\u00a0<strong>programa \u201cAmigos del Parque Nacional Patagonia\u201d<\/strong>, impulsado por\u00a0Fundaci\u00f3n Rewilding Chile\u00a0y que tiene como objetivo potenciar el v\u00ednculo efectivo entre las comunidades y los parques nacionales fomentando lazos de orgullo y sentido de pertenencia con el territorio, a trav\u00e9s de diversas actividades que promuevan el conocimiento del patrimonio natural y cultural.<\/p>\n<\/div><\/section><\/div><div  style='height:50px' class='hr hr-invisible   avia-builder-el-6  el_after_av_one_full  el_before_av_social_share '><span class='hr-inner ' ><span class='hr-inner-style'><\/span><\/span><\/div><\/p>\n<div  class='av-social-sharing-box  avia-builder-el-7  el_after_av_hr  el_before_av_hr  '><div class='av-share-box'><h5 class='av-share-link-description av-no-toc '>Compartir esta noticia<\/h5><ul class='av-share-box-list noLightbox'><li class='av-share-link av-social-link-facebook' ><a target=\"_blank\" aria-label=\"Compartir en Facebook\" href='https:\/\/www.facebook.com\/sharer.php?u=https:\/\/radiorevelacionfm.cl\/?p=27274&#038;t=Parque%20Nacional%20Patagonia%3A%20Conectando%20a%20los%20j%C3%B3venes%20de%20Chile%20Chico%20con%20el%20valor%20de%20las%20%C3%A1reas%20protegidas' aria-hidden='false' data-av_icon='\ue8f3' data-av_iconfont='entypo-fontello' title='' data-avia-related-tooltip='Compartir en Facebook' rel=\"noopener\"><span class='avia_hidden_link_text'>Compartir en Facebook<\/span><\/a><\/li><li class='av-share-link av-social-link-twitter' ><a target=\"_blank\" aria-label=\"Compartir en Twitter\" href='https:\/\/twitter.com\/share?text=Parque%20Nacional%20Patagonia%3A%20Conectando%20a%20los%20j%C3%B3venes%20de%20Chile%20Chico%20con%20el%20valor%20de%20las%20%C3%A1reas%20protegidas&#038;url=https:\/\/radiorevelacionfm.cl\/?p=27274' aria-hidden='false' data-av_icon='\ue8f1' data-av_iconfont='entypo-fontello' title='' data-avia-related-tooltip='Compartir en Twitter' rel=\"noopener\"><span class='avia_hidden_link_text'>Compartir en Twitter<\/span><\/a><\/li><li class='av-share-link av-social-link-whatsapp' ><a target=\"_blank\" aria-label=\"Compartir en Whatsapp\" href='https:\/\/api.whatsapp.com\/send?text=https:\/\/radiorevelacionfm.cl\/?p=27274' aria-hidden='false' data-av_icon='\uf232' data-av_iconfont='entypo-fontello' title='' data-avia-related-tooltip='Compartir en Whatsapp' rel=\"noopener\"><span class='avia_hidden_link_text'>Compartir en Whatsapp<\/span><\/a><\/li><li class='av-share-link av-social-link-linkedin' ><a target=\"_blank\" aria-label=\"Compartir en LinkedIn\" href='https:\/\/linkedin.com\/shareArticle?mini=true&#038;title=Parque%20Nacional%20Patagonia%3A%20Conectando%20a%20los%20j%C3%B3venes%20de%20Chile%20Chico%20con%20el%20valor%20de%20las%20%C3%A1reas%20protegidas&#038;url=https:\/\/radiorevelacionfm.cl\/?p=27274' aria-hidden='false' data-av_icon='\ue8fc' data-av_iconfont='entypo-fontello' title='' data-avia-related-tooltip='Compartir en LinkedIn' rel=\"noopener\"><span class='avia_hidden_link_text'>Compartir en LinkedIn<\/span><\/a><\/li><li class='av-share-link av-social-link-mail' ><a  aria-label=\"Compartir por correo\" href='mailto:?subject=Parque%20Nacional%20Patagonia%3A%20Conectando%20a%20los%20j%C3%B3venes%20de%20Chile%20Chico%20con%20el%20valor%20de%20las%20%C3%A1reas%20protegidas&#038;body=https:\/\/radiorevelacionfm.cl\/?p=27274' aria-hidden='false' data-av_icon='\ue805' data-av_iconfont='entypo-fontello' title='' data-avia-related-tooltip='Compartir por correo'><span class='avia_hidden_link_text'>Compartir por correo<\/span><\/a><\/li><\/ul><\/div><\/div>\n<div  style='height:50px' class='hr hr-invisible   avia-builder-el-8  el_after_av_social_share  el_before_av_comments_list '><span class='hr-inner ' ><span class='hr-inner-style'><\/span><\/span><\/div>\n<div  class='av-buildercomment  av-blog-meta-html-info-disabled av-blog-meta-tag-disabled  '><\/div>\n","protected":false},"excerpt":{"rendered":"","protected":false},"author":1,"featured_media":27275,"comment_status":"open","ping_status":"open","sticky":false,"template":"","format":"standard","meta":{"footnotes":""},"categories":[54],"tags":[],"class_list":["post-27274","post","type-post","status-publish","format-standard","has-post-thumbnail","hentry","category-turismo"],"jetpack_featured_media_url":"https:\/\/radiorevelacionfm.cl\/wp-content\/uploads\/2023\/01\/PNP-1-1-1.jpg","_links":{"self":[{"href":"https:\/\/radiorevelacionfm.cl\/index.php?rest_route=\/wp\/v2\/posts\/27274","targetHints":{"allow":["GET"]}}],"collection":[{"href":"https:\/\/radiorevelacionfm.cl\/index.php?rest_route=\/wp\/v2\/posts"}],"about":[{"href":"https:\/\/radiorevelacionfm.cl\/index.php?rest_route=\/wp\/v2\/types\/post"}],"author":[{"embeddable":true,"href":"https:\/\/radiorevelacionfm.cl\/index.php?rest_route=\/wp\/v2\/users\/1"}],"replies":[{"embeddable":true,"href":"https:\/\/radiorevelacionfm.cl\/index.php?rest_route=%2Fwp%2Fv2%2Fcomments&post=27274"}],"version-history":[{"count":2,"href":"https:\/\/radiorevelacionfm.cl\/index.php?rest_route=\/wp\/v2\/posts\/27274\/revisions"}],"predecessor-version":[{"id":27277,"href":"https:\/\/radiorevelacionfm.cl\/index.php?rest_route=\/wp\/v2\/posts\/27274\/revisions\/27277"}],"wp:featuredmedia":[{"embeddable":true,"href":"https:\/\/radiorevelacionfm.cl\/index.php?rest_route=\/wp\/v2\/media\/27275"}],"wp:attachment":[{"href":"https:\/\/radiorevelacionfm.cl\/index.php?rest_route=%2Fwp%2Fv2%2Fmedia&parent=27274"}],"wp:term":[{"taxonomy":"category","embeddable":true,"href":"https:\/\/radiorevelacionfm.cl\/index.php?rest_route=%2Fwp%2Fv2%2Fcategories&post=27274"},{"taxonomy":"post_tag","embeddable":true,"href":"https:\/\/radiorevelacionfm.cl\/index.php?rest_route=%2Fwp%2Fv2%2Ftags&post=27274"}],"curies":[{"name":"wp","href":"https:\/\/api.w.org\/{rel}","templated":true}]}}