{"id":27267,"date":"2023-01-31T17:16:16","date_gmt":"2023-01-31T20:16:16","guid":{"rendered":"https:\/\/radiorevelacionfm.cl\/?p=27267"},"modified":"2023-01-31T17:16:16","modified_gmt":"2023-01-31T20:16:16","slug":"sernameg-lanza-programa-buenas-practicas-laborales-con-equidad-de-genero-2023","status":"publish","type":"post","link":"https:\/\/radiorevelacionfm.cl\/?p=27267","title":{"rendered":"SernamEG lanza programa Buenas Pr\u00e1cticas Laborales con Equidad de G\u00e9nero 2023"},"content":{"rendered":"<div class=\"flex_column av_one_full  flex_column_div av-zero-column-padding first  avia-builder-el-0  el_before_av_one_full  avia-builder-el-first  \" style='border-radius:0px; '><div  class='avia-image-container  av-styling-    avia-builder-el-1  avia-builder-el-no-sibling  avia-align-center '  itemprop=\"image\" itemscope=\"itemscope\" itemtype=\"https:\/\/schema.org\/ImageObject\"  ><div class='avia-image-container-inner'><div class='avia-image-overlay-wrap'><img decoding=\"async\" class='wp-image-27268 avia-img-lazy-loading-not-27268 avia_image' src=\"https:\/\/radiorevelacionfm.cl\/wp-content\/uploads\/2023\/01\/lanzamiento-bpleg-2023-3-1_optimized-1.jpg\" alt='' title='lanzamiento-bpleg-2023-(3)-(1)_optimized (1)' height=\"600\" width=\"1413\"  itemprop=\"thumbnailUrl\" srcset=\"https:\/\/radiorevelacionfm.cl\/wp-content\/uploads\/2023\/01\/lanzamiento-bpleg-2023-3-1_optimized-1.jpg 1413w, https:\/\/radiorevelacionfm.cl\/wp-content\/uploads\/2023\/01\/lanzamiento-bpleg-2023-3-1_optimized-1-300x127.jpg 300w, https:\/\/radiorevelacionfm.cl\/wp-content\/uploads\/2023\/01\/lanzamiento-bpleg-2023-3-1_optimized-1-1030x437.jpg 1030w, https:\/\/radiorevelacionfm.cl\/wp-content\/uploads\/2023\/01\/lanzamiento-bpleg-2023-3-1_optimized-1-768x326.jpg 768w, https:\/\/radiorevelacionfm.cl\/wp-content\/uploads\/2023\/01\/lanzamiento-bpleg-2023-3-1_optimized-1-705x299.jpg 705w, https:\/\/radiorevelacionfm.cl\/wp-content\/uploads\/2023\/01\/lanzamiento-bpleg-2023-3-1_optimized-1-600x255.jpg 600w\" sizes=\"(max-width: 1413px) 100vw, 1413px\" \/><\/div><\/div><\/div><\/div><div class=\"flex_column av_one_full  flex_column_div av-zero-column-padding first  avia-builder-el-2  el_after_av_one_full  el_before_av_one_full  column-top-margin\" style='border-radius:0px; '><section class=\"av_textblock_section \"  itemscope=\"itemscope\" itemtype=\"https:\/\/schema.org\/BlogPosting\" itemprop=\"blogPost\" ><div class='avia_textblock  '   itemprop=\"text\" ><p style=\"text-align: center;\"><strong><span style=\"font-size: 18pt;\">SernamEG lanza programa Buenas Pr\u00e1cticas Laborales con Equidad de G\u00e9nero 2023<\/span><\/strong><\/p>\n<div id=\"gtx-trans\" style=\"position: absolute; left: -50px; top: 4.31534px;\">\n<div class=\"gtx-trans-icon\"><\/div>\n<\/div>\n<\/div><\/section><\/div><div class=\"flex_column av_one_full  flex_column_div av-zero-column-padding first  avia-builder-el-4  el_after_av_one_full  el_before_av_hr  column-top-margin\" style='border-radius:0px; '><section class=\"av_textblock_section \"  itemscope=\"itemscope\" itemtype=\"https:\/\/schema.org\/BlogPosting\" itemprop=\"blogPost\" ><div class='avia_textblock  '   itemprop=\"text\" ><p style=\"font-weight: 400; text-align: justify;\">Con el objetivo de afianzar el trabajo desarrollado en los \u00faltimos a\u00f1os en la regi\u00f3n de Ays\u00e9n, el programa Buenas Pr\u00e1cticas Laborales con Equidad de G\u00e9nero, del Servicio Nacional de la Mujer y la Equidad de G\u00e9nero, SernamEG, organiz\u00f3 una charla virtual destinada a organizaciones del sector p\u00fablico y privado; para la presentaci\u00f3n de su oferta del presente a\u00f1o. La presentaci\u00f3n estuvo a cargo de la profesional de la direcci\u00f3n regional de Ays\u00e9n, Paola Salazar Quilaleo.<\/p>\n<p style=\"font-weight: 400; text-align: justify;\">En la oportunidad, se hizo un repaso de las cifras que ejemplifican las brechas de g\u00e9nero que a\u00fan persisten en el mercado laboral. En esa l\u00ednea, se dio a conocer que en el peor momento de la pandemia por COVID-19, la participaci\u00f3n laboral de las mujeres, en el per\u00edodo abril- junio de 2020, seg\u00fan la Encuesta Nacional de Empleo, ENE, del Instituto Nacional de Estad\u00edsticas, INE, arroj\u00f3 que 828.456 mujeres salieron del mercado laboral, en comparaci\u00f3n con el mismo trimestre del per\u00edodo 2019.<\/p>\n<p style=\"font-weight: 400; text-align: justify;\">Junto con destacar la convocatoria lograda, la Directora Regional (S) de SernamEG, Carla Arriagada Malague\u00f1o, se refiri\u00f3 a los beneficios que se alcanzan cuando se implementan las buenas pr\u00e1cticas laborales con equidad de g\u00e9nero. \u201cEste es un cambio de la cultura organizacional y se configura como un factor de innovaci\u00f3n social, ya que centra la optimizaci\u00f3n basada en las personas. Sin lugar a dudas es un gran desaf\u00edo, por ello ofrecemos un acompa\u00f1amiento integral, por ejemplo, en la instalaci\u00f3n de estrategias de trabajo desde la interseccionalidad de g\u00e9nero, a trav\u00e9s de espacios de colaboraci\u00f3n; lo que en definitiva, promueven un di\u00e1logo para reflejar los planteamientos de las organizaciones laborales. Estos pueden ser desde la sostenibilidad, diversidad e inclusi\u00f3n hasta el cambio clim\u00e1tico con enfoque de g\u00e9nero, entre otros\u201d.<\/p>\n<p style=\"font-weight: 400; text-align: justify;\">En la charla se dio conocer las herramientas de intervenci\u00f3n program\u00e1tica, que corresponden a la implementaci\u00f3n del programa Buenas Pr\u00e1cticas Laborales con Equidad de G\u00e9nero, la Norma Chilena NCh3262 &#8211; 2021 y el Sello Iguala Conciliaci\u00f3n, las que operan de manera interrelacionada. Dichas herramientas contribuyen a la incorporaci\u00f3n de la equidad de g\u00e9nero en las organizaciones laborales; la Norma como un sistema de gesti\u00f3n y el Sello como un reconocimiento p\u00fablico. Este \u00faltimo, es una distinci\u00f3n gubernamental, patrocinada por el Ministerio de la Mujer y la Equidad de G\u00e9nero.<\/p>\n<p style=\"font-weight: 400; text-align: justify;\">As\u00ed mismo, se explic\u00f3 en detalle los componentes que forman parte del programa Buenas Pr\u00e1cticas Laborales con Equidad de G\u00e9nero, que comprende un nivel inicial, que apunta a la sensibilizaci\u00f3n y asistencia t\u00e9cnica para la transversalizaci\u00f3n de g\u00e9nero en organizaciones que presenten inter\u00e9s en incorporar buenas pr\u00e1cticas con equidad de g\u00e9nero, al interior de sus procesos organizacionales. Respecto al nivel intermedio, est\u00e1 dirigida hacia aquellas que manifiesten el compromiso de adscribir a la Norma Chilena NCh3262 &#8211; 2021. Finalmente, en el nivel avanzado, convoca a las organizaciones que se encuentran certificadas en la Norma y en el Sello Iguala Conciliaci\u00f3n.<\/p>\n<p style=\"font-weight: 400; text-align: justify;\">Una de las ventajas de implementar pol\u00edticas de Inclusi\u00f3n de G\u00e9nero, Corresponsabilidad y Conciliaci\u00f3n de la Vida Personal y Familiar es fortalecer los procesos de la organizaci\u00f3n, lo que impacta positivamente en las personas trabajadoras, contribuyendo a interiorizar y proyectar una imagen socialmente positiva y responsable. Otro de los beneficios es que favorece la Retenci\u00f3n del Talento, disminuye la rotaci\u00f3n de personal, aumentando su productividad debido a una mayor motivaci\u00f3n y compromiso hacia la empresa.<\/p>\n<p style=\"font-weight: 400; text-align: justify;\">El plazo de postulaci\u00f3n al programa Buenas Pr\u00e1cticas Laborales con Equidad de G\u00e9nero finaliza en el mes de marzo. SernamEG brinda asesor\u00eda de manera gratuita, para ello, se puede obtener informaci\u00f3n comunic\u00e1ndose con la encargada regional del Programa, a trav\u00e9s del correo electr\u00f3nico:\u00a0<a href=\"mailto:blemus@sernameg.gob.cl\">blemus@sernameg.gob.cl<\/a>\u00a0o directamente en la direcci\u00f3n regional de SernamEG; ubicada en Avenida Baquedano 257, Coyhaique.<\/p>\n<\/div><\/section><\/div><div  style='height:50px' class='hr hr-invisible   avia-builder-el-6  el_after_av_one_full  el_before_av_social_share '><span class='hr-inner ' ><span class='hr-inner-style'><\/span><\/span><\/div><\/p>\n<div  class='av-social-sharing-box  avia-builder-el-7  el_after_av_hr  el_before_av_hr  '><div class='av-share-box'><h5 class='av-share-link-description av-no-toc '>Compartir esta noticia<\/h5><ul class='av-share-box-list noLightbox'><li class='av-share-link av-social-link-facebook' ><a target=\"_blank\" aria-label=\"Compartir en Facebook\" href='https:\/\/www.facebook.com\/sharer.php?u=https:\/\/radiorevelacionfm.cl\/?p=27267&#038;t=SernamEG%20lanza%20programa%20Buenas%20Pr%C3%A1cticas%20Laborales%20con%20Equidad%20de%20G%C3%A9nero%202023' aria-hidden='false' data-av_icon='\ue8f3' data-av_iconfont='entypo-fontello' title='' data-avia-related-tooltip='Compartir en Facebook' rel=\"noopener\"><span class='avia_hidden_link_text'>Compartir en Facebook<\/span><\/a><\/li><li class='av-share-link av-social-link-twitter' ><a target=\"_blank\" aria-label=\"Compartir en Twitter\" href='https:\/\/twitter.com\/share?text=SernamEG%20lanza%20programa%20Buenas%20Pr%C3%A1cticas%20Laborales%20con%20Equidad%20de%20G%C3%A9nero%202023&#038;url=https:\/\/radiorevelacionfm.cl\/?p=27267' aria-hidden='false' data-av_icon='\ue8f1' data-av_iconfont='entypo-fontello' title='' data-avia-related-tooltip='Compartir en Twitter' rel=\"noopener\"><span class='avia_hidden_link_text'>Compartir en Twitter<\/span><\/a><\/li><li class='av-share-link av-social-link-whatsapp' ><a target=\"_blank\" aria-label=\"Compartir en Whatsapp\" href='https:\/\/api.whatsapp.com\/send?text=https:\/\/radiorevelacionfm.cl\/?p=27267' aria-hidden='false' data-av_icon='\uf232' data-av_iconfont='entypo-fontello' title='' data-avia-related-tooltip='Compartir en Whatsapp' rel=\"noopener\"><span class='avia_hidden_link_text'>Compartir en Whatsapp<\/span><\/a><\/li><li class='av-share-link av-social-link-linkedin' ><a target=\"_blank\" aria-label=\"Compartir en LinkedIn\" href='https:\/\/linkedin.com\/shareArticle?mini=true&#038;title=SernamEG%20lanza%20programa%20Buenas%20Pr%C3%A1cticas%20Laborales%20con%20Equidad%20de%20G%C3%A9nero%202023&#038;url=https:\/\/radiorevelacionfm.cl\/?p=27267' aria-hidden='false' data-av_icon='\ue8fc' data-av_iconfont='entypo-fontello' title='' data-avia-related-tooltip='Compartir en LinkedIn' rel=\"noopener\"><span class='avia_hidden_link_text'>Compartir en LinkedIn<\/span><\/a><\/li><li class='av-share-link av-social-link-mail' ><a  aria-label=\"Compartir por correo\" href='mailto:?subject=SernamEG%20lanza%20programa%20Buenas%20Pr%C3%A1cticas%20Laborales%20con%20Equidad%20de%20G%C3%A9nero%202023&#038;body=https:\/\/radiorevelacionfm.cl\/?p=27267' aria-hidden='false' data-av_icon='\ue805' data-av_iconfont='entypo-fontello' title='' data-avia-related-tooltip='Compartir por correo'><span class='avia_hidden_link_text'>Compartir por correo<\/span><\/a><\/li><\/ul><\/div><\/div>\n<div  style='height:50px' class='hr hr-invisible   avia-builder-el-8  el_after_av_social_share  el_before_av_comments_list '><span class='hr-inner ' ><span class='hr-inner-style'><\/span><\/span><\/div>\n<div  class='av-buildercomment  av-blog-meta-html-info-disabled av-blog-meta-tag-disabled  '><\/div>\n","protected":false},"excerpt":{"rendered":"","protected":false},"author":1,"featured_media":27268,"comment_status":"open","ping_status":"open","sticky":false,"template":"","format":"standard","meta":{"footnotes":""},"categories":[38],"tags":[],"class_list":["post-27267","post","type-post","status-publish","format-standard","has-post-thumbnail","hentry","category-regional"],"jetpack_featured_media_url":"https:\/\/radiorevelacionfm.cl\/wp-content\/uploads\/2023\/01\/lanzamiento-bpleg-2023-3-1_optimized-1.jpg","_links":{"self":[{"href":"https:\/\/radiorevelacionfm.cl\/index.php?rest_route=\/wp\/v2\/posts\/27267","targetHints":{"allow":["GET"]}}],"collection":[{"href":"https:\/\/radiorevelacionfm.cl\/index.php?rest_route=\/wp\/v2\/posts"}],"about":[{"href":"https:\/\/radiorevelacionfm.cl\/index.php?rest_route=\/wp\/v2\/types\/post"}],"author":[{"embeddable":true,"href":"https:\/\/radiorevelacionfm.cl\/index.php?rest_route=\/wp\/v2\/users\/1"}],"replies":[{"embeddable":true,"href":"https:\/\/radiorevelacionfm.cl\/index.php?rest_route=%2Fwp%2Fv2%2Fcomments&post=27267"}],"version-history":[{"count":2,"href":"https:\/\/radiorevelacionfm.cl\/index.php?rest_route=\/wp\/v2\/posts\/27267\/revisions"}],"predecessor-version":[{"id":27294,"href":"https:\/\/radiorevelacionfm.cl\/index.php?rest_route=\/wp\/v2\/posts\/27267\/revisions\/27294"}],"wp:featuredmedia":[{"embeddable":true,"href":"https:\/\/radiorevelacionfm.cl\/index.php?rest_route=\/wp\/v2\/media\/27268"}],"wp:attachment":[{"href":"https:\/\/radiorevelacionfm.cl\/index.php?rest_route=%2Fwp%2Fv2%2Fmedia&parent=27267"}],"wp:term":[{"taxonomy":"category","embeddable":true,"href":"https:\/\/radiorevelacionfm.cl\/index.php?rest_route=%2Fwp%2Fv2%2Fcategories&post=27267"},{"taxonomy":"post_tag","embeddable":true,"href":"https:\/\/radiorevelacionfm.cl\/index.php?rest_route=%2Fwp%2Fv2%2Ftags&post=27267"}],"curies":[{"name":"wp","href":"https:\/\/api.w.org\/{rel}","templated":true}]}}