{"id":27264,"date":"2023-01-31T12:00:55","date_gmt":"2023-01-31T15:00:55","guid":{"rendered":"https:\/\/radiorevelacionfm.cl\/?p=27264"},"modified":"2023-01-31T12:00:55","modified_gmt":"2023-01-31T15:00:55","slug":"mas-de-50-proyectos-regionales-seran-financiados-por-los-fondos-de-cultura-en-aysen","status":"publish","type":"post","link":"https:\/\/radiorevelacionfm.cl\/?p=27264","title":{"rendered":"M\u00e1s de 50 proyectos regionales ser\u00e1n financiados por los Fondos de Cultura en Ays\u00e9n"},"content":{"rendered":"<div class=\"flex_column av_one_full  flex_column_div av-zero-column-padding first  avia-builder-el-0  el_before_av_one_full  avia-builder-el-first  \" style='border-radius:0px; '><div  class='avia-image-container  av-styling-    avia-builder-el-1  avia-builder-el-no-sibling  avia-align-center '  itemprop=\"image\" itemscope=\"itemscope\" itemtype=\"https:\/\/schema.org\/ImageObject\"  ><div class='avia-image-container-inner'><div class='avia-image-overlay-wrap'><img decoding=\"async\" class='wp-image-22863 avia-img-lazy-loading-not-22863 avia_image' src=\"https:\/\/radiorevelacionfm.cl\/wp-content\/uploads\/2022\/10\/Ministerio-de-las-Culturas-cre-1-1.jpg\" alt='' title='Ministerio de las Culturas cre (1) (1)' height=\"600\" width=\"900\"  itemprop=\"thumbnailUrl\" srcset=\"https:\/\/radiorevelacionfm.cl\/wp-content\/uploads\/2022\/10\/Ministerio-de-las-Culturas-cre-1-1.jpg 900w, https:\/\/radiorevelacionfm.cl\/wp-content\/uploads\/2022\/10\/Ministerio-de-las-Culturas-cre-1-1-300x200.jpg 300w, https:\/\/radiorevelacionfm.cl\/wp-content\/uploads\/2022\/10\/Ministerio-de-las-Culturas-cre-1-1-768x512.jpg 768w, https:\/\/radiorevelacionfm.cl\/wp-content\/uploads\/2022\/10\/Ministerio-de-las-Culturas-cre-1-1-705x470.jpg 705w, https:\/\/radiorevelacionfm.cl\/wp-content\/uploads\/2022\/10\/Ministerio-de-las-Culturas-cre-1-1-600x400.jpg 600w\" sizes=\"(max-width: 900px) 100vw, 900px\" \/><\/div><\/div><\/div><\/div><div class=\"flex_column av_one_full  flex_column_div av-zero-column-padding first  avia-builder-el-2  el_after_av_one_full  el_before_av_one_full  column-top-margin\" style='border-radius:0px; '><section class=\"av_textblock_section \"  itemscope=\"itemscope\" itemtype=\"https:\/\/schema.org\/BlogPosting\" itemprop=\"blogPost\" ><div class='avia_textblock  '   itemprop=\"text\" ><p style=\"text-align: center;\"><span style=\"font-size: 18pt;\"><strong>M\u00e1s de 50 proyectos regionales ser\u00e1n financiados por los Fondos de Cultura en Ays\u00e9n<\/strong><\/span><\/p>\n<div id=\"gtx-trans\" style=\"position: absolute; left: -50px; top: 4.31534px;\">\n<div class=\"gtx-trans-icon\"><\/div>\n<\/div>\n<\/div><\/section><\/div><div class=\"flex_column av_one_full  flex_column_div av-zero-column-padding first  avia-builder-el-4  el_after_av_one_full  el_before_av_hr  column-top-margin\" style='border-radius:0px; '><section class=\"av_textblock_section \"  itemscope=\"itemscope\" itemtype=\"https:\/\/schema.org\/BlogPosting\" itemprop=\"blogPost\" ><div class='avia_textblock  '   itemprop=\"text\" ><p style=\"text-align: justify;\">Este 2023 los habitantes de la regi\u00f3n podr\u00e1n disfrutar de una variada cartelera de actividades, financiada por fondos del Ministerio de las Culturas, las Artes y el Patrimonio, y ejecutada por agentes territoriales con proyectos orientados a todas las edades.<\/p>\n<p style=\"text-align: justify;\">Un total de 51 iniciativas fueron seleccionadas en las l\u00edneas de Beca Chile Crea, Creaci\u00f3n Art\u00edstica, M\u00fasica en Vivo, Fomento de la Creaci\u00f3n de la Lectura y\/o Escritura, entre otras, por el Ministerio de las Culturas, las Artes y el Patrimonio, superando el 2022, que para entonces solo cont\u00f3 con 43 propuestas en la regi\u00f3n.<\/p>\n<p style=\"text-align: justify;\">El financiamiento destinado a la ejecuci\u00f3n de los Fondos de Cultura, supera los 300 millones, los que ser\u00e1n distribuidos conforme a la ley de presupuestos del sector p\u00fablico, en lo relativo al Fondo Nacional de Desarrollo Cultural y las Artes, destacando un incremento en las Actividades Formativas; Organizaciones de Festivales, Mercados, Ferias y Exposiciones; Difusi\u00f3n; Culturas Regionales; y Cultura de los Pueblos Originarios.<\/p>\n<p style=\"text-align: justify;\">\u201cEl aumento de proyectos financiados por Fondos de Cultura 2023 viene a relevar el ecosistema cultural de nuestro territorio, uno que est\u00e1 vivo, y que ha demostrado tener las capacidades t\u00e9cnicas para levantar proyectos de calidad\u201d, puntualiz\u00f3 el seremi de Culturas Ays\u00e9n, Felipe Quiroz, ante el favorable escenario que despunta para la descentralizaci\u00f3n de las artes. \u201cEsperamos que para el 2024 podamos seguir aumentando la cobertura y continuar en la senda de buscar nuevas formas de financiamiento del sector\u201d, complement\u00f3.<\/p>\n<p style=\"text-align: justify;\">Frente a los resultados, las agrupaciones y gestores se mostraron alegres, junto a la valoraci\u00f3n del financiamiento para democratizar el acceso a los lenguajes art\u00edsticos.<\/p>\n<p style=\"text-align: justify;\">\u201cHacer un diplomado en gesti\u00f3n cultural nos va a permitir estar adquiriendo conocimientos de gesti\u00f3n cultural, mientras los vamos aplicando en Casa Alerce. No solo es una gran noticia para nosotros, sino tambi\u00e9n para toda la comunidad. Creemos que el resultado de nuestro aprendizaje va a generar un impacto inmediato en Puerto Ays\u00e9n y tambi\u00e9n en sus alrededores. Por otro lado, esto tambi\u00e9n significa poder adquirir m\u00e1s herramientas t\u00e9cnicas a la hora de trabajar con la comunidad, es un proceso largo y profundo el conocer una comunidad\u201d, expres\u00f3 Paulina C\u00e1ceres, una de las fundadoras del espacio cultural en la comuna porte\u00f1a, quien podr\u00e1 continuar perfeccion\u00e1ndose gracias al Fondo de Artes Esc\u00e9nicas.<\/p>\n<p style=\"text-align: justify;\">Por otra parte, Nataly Oyarz\u00fan que postul\u00f3 el proyecto \u201cCircochrane: taller de acrobacia \u00e1rea para la infancia\u201d, al mismo fondo que C\u00e1ceres, manifest\u00f3: \u201cEl poder acceder a este fondo significa facilitar el acceso a las artes y la cultura circense. Este va a ser un proceso de tres meses intensivo en el cual se desarrolla el enfoque art\u00edstico, pero tambi\u00e9n otras cosas a nivel social, comunitario, creativo\u201d, agregando que existe un acercamiento previo. \u201cHemos hecho talleres de manera autogestionada donde logramos mantener una peque\u00f1a audiencia, pero con esto vamos a facilitar a\u00fan m\u00e1s el acceso a ni\u00f1os y ni\u00f1as, y tambi\u00e9n para que esto se pueda dar a conocer\u201d.<\/p>\n<p style=\"text-align: justify;\">Mientras que, desde la Fundaci\u00f3n Internacional para la M\u00fasica en la Patagonia, la cual se encuentra en la novena versi\u00f3n de su festival en Ays\u00e9n a efectuarse en el Centro Cultural de Coyhaique, entre el s\u00e1bado 4 y viernes 10 de febrero, resulta esencial. \u201cConsideramos que es importante y es fundamentar el apoyo del Ministerio de las Culturas como encargado nacional. As\u00ed que estamos contento porque podremos financiar arte, por lo menos tener la base de financiamiento para este noveno FIMP (Festival Internacional de M\u00fasica en la Patagonia) y para el pr\u00f3ximo, correspondiente al a\u00f1o 2024. Eso permite gestionar y programar con mayor seguridad y postular a otros fondos\u201d, cerr\u00f3 la representante de la agrupaci\u00f3n, Mar\u00eda P\u00eda Ru\u00edz.<\/p>\n<p style=\"text-align: justify;\">La n\u00f3mina completa de resultados est\u00e1 disponible en <a href=\"http:\/\/www.fondosdecultura.cl\">www.fondosdecultura.cl<\/a><\/p>\n<\/div><\/section><\/div><div  style='height:50px' class='hr hr-invisible   avia-builder-el-6  el_after_av_one_full  el_before_av_social_share '><span class='hr-inner ' ><span class='hr-inner-style'><\/span><\/span><\/div><\/p>\n<div  class='av-social-sharing-box  avia-builder-el-7  el_after_av_hr  el_before_av_hr  '><div class='av-share-box'><h5 class='av-share-link-description av-no-toc '>Compartir esta noticia<\/h5><ul class='av-share-box-list noLightbox'><li class='av-share-link av-social-link-facebook' ><a target=\"_blank\" aria-label=\"Compartir en Facebook\" href='https:\/\/www.facebook.com\/sharer.php?u=https:\/\/radiorevelacionfm.cl\/?p=27264&#038;t=M%C3%A1s%20de%2050%20proyectos%20regionales%20ser%C3%A1n%20financiados%20por%20los%20Fondos%20de%20Cultura%20en%20Ays%C3%A9n' aria-hidden='false' data-av_icon='\ue8f3' data-av_iconfont='entypo-fontello' title='' data-avia-related-tooltip='Compartir en Facebook' rel=\"noopener\"><span class='avia_hidden_link_text'>Compartir en Facebook<\/span><\/a><\/li><li class='av-share-link av-social-link-twitter' ><a target=\"_blank\" aria-label=\"Compartir en Twitter\" href='https:\/\/twitter.com\/share?text=M%C3%A1s%20de%2050%20proyectos%20regionales%20ser%C3%A1n%20financiados%20por%20los%20Fondos%20de%20Cultura%20en%20Ays%C3%A9n&#038;url=https:\/\/radiorevelacionfm.cl\/?p=27264' aria-hidden='false' data-av_icon='\ue8f1' data-av_iconfont='entypo-fontello' title='' data-avia-related-tooltip='Compartir en Twitter' rel=\"noopener\"><span class='avia_hidden_link_text'>Compartir en Twitter<\/span><\/a><\/li><li class='av-share-link av-social-link-whatsapp' ><a target=\"_blank\" aria-label=\"Compartir en Whatsapp\" href='https:\/\/api.whatsapp.com\/send?text=https:\/\/radiorevelacionfm.cl\/?p=27264' aria-hidden='false' data-av_icon='\uf232' data-av_iconfont='entypo-fontello' title='' data-avia-related-tooltip='Compartir en Whatsapp' rel=\"noopener\"><span class='avia_hidden_link_text'>Compartir en Whatsapp<\/span><\/a><\/li><li class='av-share-link av-social-link-linkedin' ><a target=\"_blank\" aria-label=\"Compartir en LinkedIn\" href='https:\/\/linkedin.com\/shareArticle?mini=true&#038;title=M%C3%A1s%20de%2050%20proyectos%20regionales%20ser%C3%A1n%20financiados%20por%20los%20Fondos%20de%20Cultura%20en%20Ays%C3%A9n&#038;url=https:\/\/radiorevelacionfm.cl\/?p=27264' aria-hidden='false' data-av_icon='\ue8fc' data-av_iconfont='entypo-fontello' title='' data-avia-related-tooltip='Compartir en LinkedIn' rel=\"noopener\"><span class='avia_hidden_link_text'>Compartir en LinkedIn<\/span><\/a><\/li><li class='av-share-link av-social-link-mail' ><a  aria-label=\"Compartir por correo\" href='mailto:?subject=M%C3%A1s%20de%2050%20proyectos%20regionales%20ser%C3%A1n%20financiados%20por%20los%20Fondos%20de%20Cultura%20en%20Ays%C3%A9n&#038;body=https:\/\/radiorevelacionfm.cl\/?p=27264' aria-hidden='false' data-av_icon='\ue805' data-av_iconfont='entypo-fontello' title='' data-avia-related-tooltip='Compartir por correo'><span class='avia_hidden_link_text'>Compartir por correo<\/span><\/a><\/li><\/ul><\/div><\/div>\n<div  style='height:50px' class='hr hr-invisible   avia-builder-el-8  el_after_av_social_share  el_before_av_comments_list '><span class='hr-inner ' ><span class='hr-inner-style'><\/span><\/span><\/div>\n<div  class='av-buildercomment  av-blog-meta-html-info-disabled av-blog-meta-tag-disabled  '><\/div>\n","protected":false},"excerpt":{"rendered":"","protected":false},"author":1,"featured_media":22863,"comment_status":"open","ping_status":"open","sticky":false,"template":"","format":"standard","meta":{"footnotes":""},"categories":[52],"tags":[],"class_list":["post-27264","post","type-post","status-publish","format-standard","has-post-thumbnail","hentry","category-cultura"],"jetpack_featured_media_url":"https:\/\/radiorevelacionfm.cl\/wp-content\/uploads\/2022\/10\/Ministerio-de-las-Culturas-cre-1-1.jpg","_links":{"self":[{"href":"https:\/\/radiorevelacionfm.cl\/index.php?rest_route=\/wp\/v2\/posts\/27264","targetHints":{"allow":["GET"]}}],"collection":[{"href":"https:\/\/radiorevelacionfm.cl\/index.php?rest_route=\/wp\/v2\/posts"}],"about":[{"href":"https:\/\/radiorevelacionfm.cl\/index.php?rest_route=\/wp\/v2\/types\/post"}],"author":[{"embeddable":true,"href":"https:\/\/radiorevelacionfm.cl\/index.php?rest_route=\/wp\/v2\/users\/1"}],"replies":[{"embeddable":true,"href":"https:\/\/radiorevelacionfm.cl\/index.php?rest_route=%2Fwp%2Fv2%2Fcomments&post=27264"}],"version-history":[{"count":2,"href":"https:\/\/radiorevelacionfm.cl\/index.php?rest_route=\/wp\/v2\/posts\/27264\/revisions"}],"predecessor-version":[{"id":27266,"href":"https:\/\/radiorevelacionfm.cl\/index.php?rest_route=\/wp\/v2\/posts\/27264\/revisions\/27266"}],"wp:featuredmedia":[{"embeddable":true,"href":"https:\/\/radiorevelacionfm.cl\/index.php?rest_route=\/wp\/v2\/media\/22863"}],"wp:attachment":[{"href":"https:\/\/radiorevelacionfm.cl\/index.php?rest_route=%2Fwp%2Fv2%2Fmedia&parent=27264"}],"wp:term":[{"taxonomy":"category","embeddable":true,"href":"https:\/\/radiorevelacionfm.cl\/index.php?rest_route=%2Fwp%2Fv2%2Fcategories&post=27264"},{"taxonomy":"post_tag","embeddable":true,"href":"https:\/\/radiorevelacionfm.cl\/index.php?rest_route=%2Fwp%2Fv2%2Ftags&post=27264"}],"curies":[{"name":"wp","href":"https:\/\/api.w.org\/{rel}","templated":true}]}}