{"id":27253,"date":"2023-01-30T20:13:49","date_gmt":"2023-01-30T23:13:49","guid":{"rendered":"https:\/\/radiorevelacionfm.cl\/?p=27253"},"modified":"2023-01-30T20:13:49","modified_gmt":"2023-01-30T23:13:49","slug":"carabineros-de-la-siat-junto-a-la-fiscalia-investigan-colision-de-alta-energia-en-ruta-7-sur","status":"publish","type":"post","link":"https:\/\/radiorevelacionfm.cl\/?p=27253","title":{"rendered":"Carabineros de la SIAT junto a la Fiscal\u00eda investigan colisi\u00f3n de alta energ\u00eda en Ruta 7 Sur"},"content":{"rendered":"<div class=\"flex_column av_one_full  flex_column_div av-zero-column-padding first  avia-builder-el-0  el_before_av_one_full  avia-builder-el-first  \" style='border-radius:0px; '><div  class='avia-image-container  av-styling-    avia-builder-el-1  avia-builder-el-no-sibling  avia-align-center '  itemprop=\"image\" itemscope=\"itemscope\" itemtype=\"https:\/\/schema.org\/ImageObject\"  ><div class='avia-image-container-inner'><div class='avia-image-overlay-wrap'><img decoding=\"async\" class='wp-image-27254 avia-img-lazy-loading-not-27254 avia_image' src=\"https:\/\/radiorevelacionfm.cl\/wp-content\/uploads\/2023\/01\/ec0da29d-1744-44df-98c5-222dc71b8cca-1-1.jpg\" alt='' title='ec0da29d-1744-44df-98c5-222dc71b8cca (1) (1)' height=\"600\" width=\"800\"  itemprop=\"thumbnailUrl\" srcset=\"https:\/\/radiorevelacionfm.cl\/wp-content\/uploads\/2023\/01\/ec0da29d-1744-44df-98c5-222dc71b8cca-1-1.jpg 800w, https:\/\/radiorevelacionfm.cl\/wp-content\/uploads\/2023\/01\/ec0da29d-1744-44df-98c5-222dc71b8cca-1-1-300x225.jpg 300w, https:\/\/radiorevelacionfm.cl\/wp-content\/uploads\/2023\/01\/ec0da29d-1744-44df-98c5-222dc71b8cca-1-1-768x576.jpg 768w, https:\/\/radiorevelacionfm.cl\/wp-content\/uploads\/2023\/01\/ec0da29d-1744-44df-98c5-222dc71b8cca-1-1-705x529.jpg 705w, https:\/\/radiorevelacionfm.cl\/wp-content\/uploads\/2023\/01\/ec0da29d-1744-44df-98c5-222dc71b8cca-1-1-600x450.jpg 600w\" sizes=\"(max-width: 800px) 100vw, 800px\" \/><\/div><\/div><\/div><\/div><div class=\"flex_column av_one_full  flex_column_div av-zero-column-padding first  avia-builder-el-2  el_after_av_one_full  el_before_av_one_full  column-top-margin\" style='border-radius:0px; '><section class=\"av_textblock_section \"  itemscope=\"itemscope\" itemtype=\"https:\/\/schema.org\/BlogPosting\" itemprop=\"blogPost\" ><div class='avia_textblock  '   itemprop=\"text\" ><p style=\"text-align: center;\"><strong><span style=\"font-size: 18pt;\">Carabineros de la SIAT junto a la Fiscal\u00eda investigan colisi\u00f3n de alta energ\u00eda en Ruta 7 Sur<\/span><\/strong><\/p>\n<div id=\"gtx-trans\" style=\"position: absolute; left: -50px; top: 4.31534px;\">\n<div class=\"gtx-trans-icon\"><\/div>\n<\/div>\n<\/div><\/section><\/div><div class=\"flex_column av_one_full  flex_column_div av-zero-column-padding first  avia-builder-el-4  el_after_av_one_full  el_before_av_hr  column-top-margin\" style='border-radius:0px; '><section class=\"av_textblock_section \"  itemscope=\"itemscope\" itemtype=\"https:\/\/schema.org\/BlogPosting\" itemprop=\"blogPost\" ><div class='avia_textblock  '   itemprop=\"text\" ><p class=\"v1MsoNormal\" style=\"text-align: justify;\">Carabineros a trav\u00e9s de la Secci\u00f3n de Investigaci\u00f3n de Accidentes de Tr\u00e1nsito (SIAT) desarrolla diligencias de su especialidad orientadas a lograr el esclarecimiento de un accidente vehicular que dej\u00f3 un saldo de cuatro personas lesionadas, hecho ocurrido en la Ruta 7 sur a la altura del Cruce a R\u00edo Ib\u00e1\u00f1ez.<\/p>\n<p class=\"v1MsoNormal\" style=\"text-align: justify;\">Pasadas las 13:00 horas, el personal fue alertado sobre una colisi\u00f3n de alta energ\u00eda, tras lo cual Carabineros de la Subcomisar\u00eda Balmaceda (F) junto a Carabineros del Ret\u00e9n el Blanco concurrieron al lugar constatando el hecho, aislando el sitio del suceso, en tanto los lesionados fueron derivados al hospital regional.<\/p>\n<p class=\"v1MsoNormal\" style=\"text-align: justify;\">A requerimiento de la Fiscal\u00eda, personal de la SIAT se traslad\u00f3 el lugar, con la finalidad de desarrollar peritajes, establecer las condiciones de la calzada, visibilidad, estado mec\u00e1nico de los veh\u00edculos, velocidad de desplazamiento y\/o temperancia de los conductores, con la finalidad de evaluar dichas variables y establecer una hip\u00f3tesis que permita determinar la causa basal de este hecho.<\/p>\n<p class=\"v1MsoNormal\" style=\"text-align: justify;\">Los resultados del informe pericial ser\u00e1n remitidos a la Fiscal\u00eda que dirige investigaci\u00f3n por este accidente carretero.<\/p>\n<p class=\"v1MsoNormal\" style=\"text-align: justify;\">Carabineros reiter\u00f3 el llamado a los usuarios de las rutas de la regi\u00f3n a conducir a la defensiva, utilizar el cintur\u00f3n de seguridad, no superar el l\u00edmite de velocidad, respetar las se\u00f1al\u00e9ticas de tr\u00e1nsito, no efectuar maniobras de adelantamiento en zonas prohibidas, no revisar ni hablar por celular mientras se conduce, hacerlo descansado, no haber ingerido medicamentos que generen somnolencia, junto con no haber consumido drogas o alcohol.<\/p>\n<p class=\"v1MsoNormal\" style=\"text-align: justify;\">Cabe hacer presente que durante el a\u00f1o 2022, Carabineros de la SIAT desarroll\u00f3 investigaci\u00f3n en 44 accidentes de tr\u00e1nsito, de los cuales 29 ocurrieron en las rutas y 15 en zonas urbanas.<\/p>\n<p class=\"v1MsoNormal\" style=\"text-align: justify;\">Tras estos hechos, tristemente hemos debido lamentar el fallecimiento de 13 personas en siniestros viales acontecidos a lo largo de la regi\u00f3n de Ays\u00e9n, en tanto que otras 26 personas resultaron con lesiones leves, 6 menos graves, 21 graves y 41 sin lesiones.<\/p>\n<\/div><\/section><\/div><div  style='height:50px' class='hr hr-invisible   avia-builder-el-6  el_after_av_one_full  el_before_av_social_share '><span class='hr-inner ' ><span class='hr-inner-style'><\/span><\/span><\/div><\/p>\n<div  class='av-social-sharing-box  avia-builder-el-7  el_after_av_hr  el_before_av_hr  '><div class='av-share-box'><h5 class='av-share-link-description av-no-toc '>Compartir esta noticia<\/h5><ul class='av-share-box-list noLightbox'><li class='av-share-link av-social-link-facebook' ><a target=\"_blank\" aria-label=\"Compartir en Facebook\" href='https:\/\/www.facebook.com\/sharer.php?u=https:\/\/radiorevelacionfm.cl\/?p=27253&#038;t=Carabineros%20de%20la%20SIAT%20junto%20a%20la%20Fiscal%C3%ADa%20investigan%20colisi%C3%B3n%20de%20alta%20energ%C3%ADa%20en%20Ruta%207%20Sur' aria-hidden='false' data-av_icon='\ue8f3' data-av_iconfont='entypo-fontello' title='' data-avia-related-tooltip='Compartir en Facebook' rel=\"noopener\"><span class='avia_hidden_link_text'>Compartir en Facebook<\/span><\/a><\/li><li class='av-share-link av-social-link-twitter' ><a target=\"_blank\" aria-label=\"Compartir en Twitter\" href='https:\/\/twitter.com\/share?text=Carabineros%20de%20la%20SIAT%20junto%20a%20la%20Fiscal%C3%ADa%20investigan%20colisi%C3%B3n%20de%20alta%20energ%C3%ADa%20en%20Ruta%207%20Sur&#038;url=https:\/\/radiorevelacionfm.cl\/?p=27253' aria-hidden='false' data-av_icon='\ue8f1' data-av_iconfont='entypo-fontello' title='' data-avia-related-tooltip='Compartir en Twitter' rel=\"noopener\"><span class='avia_hidden_link_text'>Compartir en Twitter<\/span><\/a><\/li><li class='av-share-link av-social-link-whatsapp' ><a target=\"_blank\" aria-label=\"Compartir en Whatsapp\" href='https:\/\/api.whatsapp.com\/send?text=https:\/\/radiorevelacionfm.cl\/?p=27253' aria-hidden='false' data-av_icon='\uf232' data-av_iconfont='entypo-fontello' title='' data-avia-related-tooltip='Compartir en Whatsapp' rel=\"noopener\"><span class='avia_hidden_link_text'>Compartir en Whatsapp<\/span><\/a><\/li><li class='av-share-link av-social-link-linkedin' ><a target=\"_blank\" aria-label=\"Compartir en LinkedIn\" href='https:\/\/linkedin.com\/shareArticle?mini=true&#038;title=Carabineros%20de%20la%20SIAT%20junto%20a%20la%20Fiscal%C3%ADa%20investigan%20colisi%C3%B3n%20de%20alta%20energ%C3%ADa%20en%20Ruta%207%20Sur&#038;url=https:\/\/radiorevelacionfm.cl\/?p=27253' aria-hidden='false' data-av_icon='\ue8fc' data-av_iconfont='entypo-fontello' title='' data-avia-related-tooltip='Compartir en LinkedIn' rel=\"noopener\"><span class='avia_hidden_link_text'>Compartir en LinkedIn<\/span><\/a><\/li><li class='av-share-link av-social-link-mail' ><a  aria-label=\"Compartir por correo\" href='mailto:?subject=Carabineros%20de%20la%20SIAT%20junto%20a%20la%20Fiscal%C3%ADa%20investigan%20colisi%C3%B3n%20de%20alta%20energ%C3%ADa%20en%20Ruta%207%20Sur&#038;body=https:\/\/radiorevelacionfm.cl\/?p=27253' aria-hidden='false' data-av_icon='\ue805' data-av_iconfont='entypo-fontello' title='' data-avia-related-tooltip='Compartir por correo'><span class='avia_hidden_link_text'>Compartir por correo<\/span><\/a><\/li><\/ul><\/div><\/div>\n<div  style='height:50px' class='hr hr-invisible   avia-builder-el-8  el_after_av_social_share  el_before_av_comments_list '><span class='hr-inner ' ><span class='hr-inner-style'><\/span><\/span><\/div>\n<div  class='av-buildercomment  av-blog-meta-html-info-disabled av-blog-meta-tag-disabled  '><\/div>\n","protected":false},"excerpt":{"rendered":"","protected":false},"author":1,"featured_media":27254,"comment_status":"open","ping_status":"open","sticky":false,"template":"","format":"standard","meta":{"footnotes":""},"categories":[36],"tags":[],"class_list":["post-27253","post","type-post","status-publish","format-standard","has-post-thumbnail","hentry","category-policial"],"jetpack_featured_media_url":"https:\/\/radiorevelacionfm.cl\/wp-content\/uploads\/2023\/01\/ec0da29d-1744-44df-98c5-222dc71b8cca-1-1.jpg","_links":{"self":[{"href":"https:\/\/radiorevelacionfm.cl\/index.php?rest_route=\/wp\/v2\/posts\/27253","targetHints":{"allow":["GET"]}}],"collection":[{"href":"https:\/\/radiorevelacionfm.cl\/index.php?rest_route=\/wp\/v2\/posts"}],"about":[{"href":"https:\/\/radiorevelacionfm.cl\/index.php?rest_route=\/wp\/v2\/types\/post"}],"author":[{"embeddable":true,"href":"https:\/\/radiorevelacionfm.cl\/index.php?rest_route=\/wp\/v2\/users\/1"}],"replies":[{"embeddable":true,"href":"https:\/\/radiorevelacionfm.cl\/index.php?rest_route=%2Fwp%2Fv2%2Fcomments&post=27253"}],"version-history":[{"count":2,"href":"https:\/\/radiorevelacionfm.cl\/index.php?rest_route=\/wp\/v2\/posts\/27253\/revisions"}],"predecessor-version":[{"id":27256,"href":"https:\/\/radiorevelacionfm.cl\/index.php?rest_route=\/wp\/v2\/posts\/27253\/revisions\/27256"}],"wp:featuredmedia":[{"embeddable":true,"href":"https:\/\/radiorevelacionfm.cl\/index.php?rest_route=\/wp\/v2\/media\/27254"}],"wp:attachment":[{"href":"https:\/\/radiorevelacionfm.cl\/index.php?rest_route=%2Fwp%2Fv2%2Fmedia&parent=27253"}],"wp:term":[{"taxonomy":"category","embeddable":true,"href":"https:\/\/radiorevelacionfm.cl\/index.php?rest_route=%2Fwp%2Fv2%2Fcategories&post=27253"},{"taxonomy":"post_tag","embeddable":true,"href":"https:\/\/radiorevelacionfm.cl\/index.php?rest_route=%2Fwp%2Fv2%2Ftags&post=27253"}],"curies":[{"name":"wp","href":"https:\/\/api.w.org\/{rel}","templated":true}]}}