{"id":27243,"date":"2023-01-30T19:39:17","date_gmt":"2023-01-30T22:39:17","guid":{"rendered":"https:\/\/radiorevelacionfm.cl\/?p=27243"},"modified":"2023-01-30T19:39:17","modified_gmt":"2023-01-30T22:39:17","slug":"carabineros-de-puerto-aysen-detuvo-en-flagrancia-a-sujeto-y-evito-robo-de-vehiculo-estacionado-en-via-publica","status":"publish","type":"post","link":"https:\/\/radiorevelacionfm.cl\/?p=27243","title":{"rendered":"Carabineros de Puerto Ays\u00e9n detuvo en flagrancia a sujeto y evit\u00f3 robo de veh\u00edculo estacionado en v\u00eda p\u00fablica"},"content":{"rendered":"<div class=\"flex_column av_one_full  flex_column_div av-zero-column-padding first  avia-builder-el-0  el_before_av_one_full  avia-builder-el-first  \" style='border-radius:0px; '><div  class='avia-image-container  av-styling-    avia-builder-el-1  avia-builder-el-no-sibling  avia-align-center '  itemprop=\"image\" itemscope=\"itemscope\" itemtype=\"https:\/\/schema.org\/ImageObject\"  ><div class='avia-image-container-inner'><div class='avia-image-overlay-wrap'><img decoding=\"async\" class='wp-image-12617 avia-img-lazy-loading-not-12617 avia_image' src=\"https:\/\/radiorevelacionfm.cl\/wp-content\/uploads\/2022\/01\/Carabineros-Aysen.jpg\" alt='' title='Carabineros Aysen' height=\"600\" width=\"1057\"  itemprop=\"thumbnailUrl\" srcset=\"https:\/\/radiorevelacionfm.cl\/wp-content\/uploads\/2022\/01\/Carabineros-Aysen.jpg 1057w, https:\/\/radiorevelacionfm.cl\/wp-content\/uploads\/2022\/01\/Carabineros-Aysen-300x170.jpg 300w, https:\/\/radiorevelacionfm.cl\/wp-content\/uploads\/2022\/01\/Carabineros-Aysen-1030x585.jpg 1030w, https:\/\/radiorevelacionfm.cl\/wp-content\/uploads\/2022\/01\/Carabineros-Aysen-768x436.jpg 768w, https:\/\/radiorevelacionfm.cl\/wp-content\/uploads\/2022\/01\/Carabineros-Aysen-705x400.jpg 705w, https:\/\/radiorevelacionfm.cl\/wp-content\/uploads\/2022\/01\/Carabineros-Aysen-600x341.jpg 600w\" sizes=\"(max-width: 1057px) 100vw, 1057px\" \/><\/div><\/div><\/div><\/div><div class=\"flex_column av_one_full  flex_column_div av-zero-column-padding first  avia-builder-el-2  el_after_av_one_full  el_before_av_one_full  column-top-margin\" style='border-radius:0px; '><section class=\"av_textblock_section \"  itemscope=\"itemscope\" itemtype=\"https:\/\/schema.org\/BlogPosting\" itemprop=\"blogPost\" ><div class='avia_textblock  '   itemprop=\"text\" ><p style=\"text-align: center;\"><span style=\"font-size: 18pt;\"><b>Carabineros de Puerto Ays\u00e9n detuvo en flagrancia a sujeto y evit\u00f3 robo de veh\u00edculo estacionado en v\u00eda p\u00fablica<\/b><\/span><\/p>\n<div id=\"gtx-trans\" style=\"position: absolute; left: -50px; top: 4.31534px;\">\n<div class=\"gtx-trans-icon\"><\/div>\n<\/div>\n<\/div><\/section><\/div><div class=\"flex_column av_one_full  flex_column_div av-zero-column-padding first  avia-builder-el-4  el_after_av_one_full  el_before_av_hr  column-top-margin\" style='border-radius:0px; '><section class=\"av_textblock_section \"  itemscope=\"itemscope\" itemtype=\"https:\/\/schema.org\/BlogPosting\" itemprop=\"blogPost\" ><div class='avia_textblock  '   itemprop=\"text\" ><p class=\"v1MsoNormal\" style=\"text-align: justify;\">Una oportuna denuncia por parte de la v\u00edctima, tras sorprender a un sujeto forzando la puerta de su veh\u00edculo estacionado en la v\u00eda p\u00fablica, motiv\u00f3 una r\u00e1pida respuesta por parte de Carabineros de Puerto Ays\u00e9n, logrando la detenci\u00f3n de un individuo por este hecho.<\/p>\n<p class=\"v1MsoNormal\" style=\"text-align: justify;\">Seg\u00fan indic\u00f3 el Comisario (S) de Carabineros de la 2da Comisar\u00eda de esta ciudad, Capit\u00e1n Jaime Esparza, pasadas las 05:00 horas de hoy, el personal del plan cuadrante de seguridad preventiva fue alertado sobre la presencia de un desconocido quien intentaba acceder al m\u00f3vil que se encontraba al exterior del domicilio.<\/p>\n<p class=\"v1MsoNormal\" style=\"text-align: justify;\">\u00abCon estos antecedentes, r\u00e1pidamente el personal se traslad\u00f3 al lugar del hecho, pudiendo apreciar al sujeto infraganti, siendo detenido y logrando con ello evitar la sustracci\u00f3n del veh\u00edculo\u00bb, expres\u00f3.<\/p>\n<p class=\"v1MsoNormal\" style=\"text-align: justify;\">El Oficial destac\u00f3 la prontitud de la denuncia, lo cual posibilit\u00f3 una r\u00e1pida respuesta e inicio de las primeras diligencias, posibilitando el esclarecimiento de este hecho.<\/p>\n<p class=\"v1MsoNormal\" style=\"text-align: justify;\">\u00abDestacar la pronta denuncia por parte de la v\u00edctima, que finalmente permiti\u00f3 la realizaci\u00f3n de los cursos de acci\u00f3n por parte de Carabineros y lograr la detenci\u00f3n del individuo\u00bb, expres\u00f3 el Capit\u00e1n Esparza.<\/p>\n<p class=\"v1MsoNormal\" style=\"text-align: justify;\">El aprehendido corresponde a un sujeto con domicilio en Chilo\u00e9, quien se encuentra por motivos laborales en la comuna de Ays\u00e9n.<\/p>\n<p class=\"v1MsoNormal\" style=\"text-align: justify;\">Los antecedentes del procedimiento fueron puestos en conocimiento de la Fiscal\u00eda, en tanto que el individuo fue derivado a la audiencia de control de detenci\u00f3n por este hecho.<\/p>\n<p class=\"v1MsoNormal\" style=\"text-align: justify;\">La Instituci\u00f3n reiter\u00f3 el llamado a los vecinos a no dejar especies de valor a la vista al interior del veh\u00edculo, cerrar correctamente y con seguro las puertas, no estacionar el m\u00f3vil dejando el motor en marcha o con las llaves en la chapa de contacto. Utilizar traba volante y\/o traba pedales.<\/p>\n<p class=\"v1MsoNormal\" style=\"text-align: justify;\">Carabineros reiter\u00f3 el llamado a la comunidad a denunciar los delitos ya sea a trav\u00e9s del nivel de emergencias 133 o bien por medio de los n\u00fameros del plan cuadrante de seguridad preventiva (Cuadrante N\u00b01: 9 8158 8932 &#8211; Cuadrante N\u00b02: 9 8158 9282).<\/p>\n<\/div><\/section><\/div><div  style='height:50px' class='hr hr-invisible   avia-builder-el-6  el_after_av_one_full  el_before_av_social_share '><span class='hr-inner ' ><span class='hr-inner-style'><\/span><\/span><\/div><\/p>\n<div  class='av-social-sharing-box  avia-builder-el-7  el_after_av_hr  el_before_av_hr  '><div class='av-share-box'><h5 class='av-share-link-description av-no-toc '>Compartir esta noticia<\/h5><ul class='av-share-box-list noLightbox'><li class='av-share-link av-social-link-facebook' ><a target=\"_blank\" aria-label=\"Compartir en Facebook\" href='https:\/\/www.facebook.com\/sharer.php?u=https:\/\/radiorevelacionfm.cl\/?p=27243&#038;t=Carabineros%20de%20Puerto%20Ays%C3%A9n%20detuvo%20en%20flagrancia%20a%20sujeto%20y%20evit%C3%B3%20robo%20de%20veh%C3%ADculo%20estacionado%20en%20v%C3%ADa%20p%C3%BAblica' aria-hidden='false' data-av_icon='\ue8f3' data-av_iconfont='entypo-fontello' title='' data-avia-related-tooltip='Compartir en Facebook' rel=\"noopener\"><span class='avia_hidden_link_text'>Compartir en Facebook<\/span><\/a><\/li><li class='av-share-link av-social-link-twitter' ><a target=\"_blank\" aria-label=\"Compartir en Twitter\" href='https:\/\/twitter.com\/share?text=Carabineros%20de%20Puerto%20Ays%C3%A9n%20detuvo%20en%20flagrancia%20a%20sujeto%20y%20evit%C3%B3%20robo%20de%20veh%C3%ADculo%20estacionado%20en%20v%C3%ADa%20p%C3%BAblica&#038;url=https:\/\/radiorevelacionfm.cl\/?p=27243' aria-hidden='false' data-av_icon='\ue8f1' data-av_iconfont='entypo-fontello' title='' data-avia-related-tooltip='Compartir en Twitter' rel=\"noopener\"><span class='avia_hidden_link_text'>Compartir en Twitter<\/span><\/a><\/li><li class='av-share-link av-social-link-whatsapp' ><a target=\"_blank\" aria-label=\"Compartir en Whatsapp\" href='https:\/\/api.whatsapp.com\/send?text=https:\/\/radiorevelacionfm.cl\/?p=27243' aria-hidden='false' data-av_icon='\uf232' data-av_iconfont='entypo-fontello' title='' data-avia-related-tooltip='Compartir en Whatsapp' rel=\"noopener\"><span class='avia_hidden_link_text'>Compartir en Whatsapp<\/span><\/a><\/li><li class='av-share-link av-social-link-linkedin' ><a target=\"_blank\" aria-label=\"Compartir en LinkedIn\" href='https:\/\/linkedin.com\/shareArticle?mini=true&#038;title=Carabineros%20de%20Puerto%20Ays%C3%A9n%20detuvo%20en%20flagrancia%20a%20sujeto%20y%20evit%C3%B3%20robo%20de%20veh%C3%ADculo%20estacionado%20en%20v%C3%ADa%20p%C3%BAblica&#038;url=https:\/\/radiorevelacionfm.cl\/?p=27243' aria-hidden='false' data-av_icon='\ue8fc' data-av_iconfont='entypo-fontello' title='' data-avia-related-tooltip='Compartir en LinkedIn' rel=\"noopener\"><span class='avia_hidden_link_text'>Compartir en LinkedIn<\/span><\/a><\/li><li class='av-share-link av-social-link-mail' ><a  aria-label=\"Compartir por correo\" href='mailto:?subject=Carabineros%20de%20Puerto%20Ays%C3%A9n%20detuvo%20en%20flagrancia%20a%20sujeto%20y%20evit%C3%B3%20robo%20de%20veh%C3%ADculo%20estacionado%20en%20v%C3%ADa%20p%C3%BAblica&#038;body=https:\/\/radiorevelacionfm.cl\/?p=27243' aria-hidden='false' data-av_icon='\ue805' data-av_iconfont='entypo-fontello' title='' data-avia-related-tooltip='Compartir por correo'><span class='avia_hidden_link_text'>Compartir por correo<\/span><\/a><\/li><\/ul><\/div><\/div>\n<div  style='height:50px' class='hr hr-invisible   avia-builder-el-8  el_after_av_social_share  el_before_av_comments_list '><span class='hr-inner ' ><span class='hr-inner-style'><\/span><\/span><\/div>\n<div  class='av-buildercomment  av-blog-meta-html-info-disabled av-blog-meta-tag-disabled  '><\/div>\n","protected":false},"excerpt":{"rendered":"","protected":false},"author":1,"featured_media":12617,"comment_status":"open","ping_status":"open","sticky":false,"template":"","format":"standard","meta":{"footnotes":""},"categories":[36],"tags":[],"class_list":["post-27243","post","type-post","status-publish","format-standard","has-post-thumbnail","hentry","category-policial"],"jetpack_featured_media_url":"https:\/\/radiorevelacionfm.cl\/wp-content\/uploads\/2022\/01\/Carabineros-Aysen.jpg","_links":{"self":[{"href":"https:\/\/radiorevelacionfm.cl\/index.php?rest_route=\/wp\/v2\/posts\/27243","targetHints":{"allow":["GET"]}}],"collection":[{"href":"https:\/\/radiorevelacionfm.cl\/index.php?rest_route=\/wp\/v2\/posts"}],"about":[{"href":"https:\/\/radiorevelacionfm.cl\/index.php?rest_route=\/wp\/v2\/types\/post"}],"author":[{"embeddable":true,"href":"https:\/\/radiorevelacionfm.cl\/index.php?rest_route=\/wp\/v2\/users\/1"}],"replies":[{"embeddable":true,"href":"https:\/\/radiorevelacionfm.cl\/index.php?rest_route=%2Fwp%2Fv2%2Fcomments&post=27243"}],"version-history":[{"count":2,"href":"https:\/\/radiorevelacionfm.cl\/index.php?rest_route=\/wp\/v2\/posts\/27243\/revisions"}],"predecessor-version":[{"id":27245,"href":"https:\/\/radiorevelacionfm.cl\/index.php?rest_route=\/wp\/v2\/posts\/27243\/revisions\/27245"}],"wp:featuredmedia":[{"embeddable":true,"href":"https:\/\/radiorevelacionfm.cl\/index.php?rest_route=\/wp\/v2\/media\/12617"}],"wp:attachment":[{"href":"https:\/\/radiorevelacionfm.cl\/index.php?rest_route=%2Fwp%2Fv2%2Fmedia&parent=27243"}],"wp:term":[{"taxonomy":"category","embeddable":true,"href":"https:\/\/radiorevelacionfm.cl\/index.php?rest_route=%2Fwp%2Fv2%2Fcategories&post=27243"},{"taxonomy":"post_tag","embeddable":true,"href":"https:\/\/radiorevelacionfm.cl\/index.php?rest_route=%2Fwp%2Fv2%2Ftags&post=27243"}],"curies":[{"name":"wp","href":"https:\/\/api.w.org\/{rel}","templated":true}]}}