{"id":27237,"date":"2023-01-30T17:09:08","date_gmt":"2023-01-30T20:09:08","guid":{"rendered":"https:\/\/radiorevelacionfm.cl\/?p=27237"},"modified":"2023-01-30T17:13:32","modified_gmt":"2023-01-30T20:13:32","slug":"en-cisnes-cochrane-y-guaitecas-partieron-3-nuevos-centros-de-cuidados-para-hijos-de-trabajadores-de-temporada","status":"publish","type":"post","link":"https:\/\/radiorevelacionfm.cl\/?p=27237","title":{"rendered":"En Cisnes, Cochrane y Guaitecas partieron nuevos centros de cuidados para hijos de trabajadores de temporada"},"content":{"rendered":"<div class=\"flex_column av_one_full  flex_column_div av-zero-column-padding first  avia-builder-el-0  el_before_av_one_full  avia-builder-el-first  \" style='border-radius:0px; '><div  class='avia-image-container  av-styling-    avia-builder-el-1  avia-builder-el-no-sibling  avia-align-center '  itemprop=\"image\" itemscope=\"itemscope\" itemtype=\"https:\/\/schema.org\/ImageObject\"  ><div class='avia-image-container-inner'><div class='avia-image-overlay-wrap'><img decoding=\"async\" class='wp-image-27239 avia-img-lazy-loading-not-27239 avia_image' src=\"https:\/\/radiorevelacionfm.cl\/wp-content\/uploads\/2023\/01\/1-2023-01-30t170416_optimized.534-1-1.jpg\" alt='' title='1 - -2023-01-30t170416_optimized.534-(1)-(1)' height=\"600\" width=\"1115\"  itemprop=\"thumbnailUrl\" srcset=\"https:\/\/radiorevelacionfm.cl\/wp-content\/uploads\/2023\/01\/1-2023-01-30t170416_optimized.534-1-1.jpg 1115w, https:\/\/radiorevelacionfm.cl\/wp-content\/uploads\/2023\/01\/1-2023-01-30t170416_optimized.534-1-1-300x161.jpg 300w, https:\/\/radiorevelacionfm.cl\/wp-content\/uploads\/2023\/01\/1-2023-01-30t170416_optimized.534-1-1-1030x554.jpg 1030w, https:\/\/radiorevelacionfm.cl\/wp-content\/uploads\/2023\/01\/1-2023-01-30t170416_optimized.534-1-1-768x413.jpg 768w, https:\/\/radiorevelacionfm.cl\/wp-content\/uploads\/2023\/01\/1-2023-01-30t170416_optimized.534-1-1-705x379.jpg 705w, https:\/\/radiorevelacionfm.cl\/wp-content\/uploads\/2023\/01\/1-2023-01-30t170416_optimized.534-1-1-600x323.jpg 600w\" sizes=\"(max-width: 1115px) 100vw, 1115px\" \/><\/div><\/div><\/div><\/div>\n<div class=\"flex_column av_one_full  flex_column_div av-zero-column-padding first  avia-builder-el-2  el_after_av_one_full  el_before_av_one_full  column-top-margin\" style='border-radius:0px; '><section class=\"av_textblock_section \"  itemscope=\"itemscope\" itemtype=\"https:\/\/schema.org\/BlogPosting\" itemprop=\"blogPost\" ><div class='avia_textblock  '   itemprop=\"text\" ><p style=\"text-align: center;\"><strong><span style=\"font-size: 18pt;\">En Cisnes, Cochrane y Guaitecas partieron nuevos centros de cuidados para hijos de trabajadores de temporada<\/span><\/strong><\/p>\n<div id=\"gtx-trans\" style=\"position: absolute; left: -50px; top: 4.31534px;\">\n<div class=\"gtx-trans-icon\"><\/div>\n<\/div>\n<\/div><\/section><\/div><div class=\"flex_column av_one_full  flex_column_div av-zero-column-padding first  avia-builder-el-4  el_after_av_one_full  el_before_av_hr  column-top-margin\" style='border-radius:0px; '><section class=\"av_textblock_section \"  itemscope=\"itemscope\" itemtype=\"https:\/\/schema.org\/BlogPosting\" itemprop=\"blogPost\" ><div class='avia_textblock  '   itemprop=\"text\" ><p style=\"text-align: justify;\">Simult\u00e1neamente se inauguraba en Puerto Cisnes el Centro de Cuidados para Hijos de Madres Trabajadoras de Temporada junto a la SEREMI de Desarrollo Social y Familia de Ays\u00e9n, Karina Acevedo Auad y el alcalde de la comuna del litoral, Francisco Roncagliolo Lep\u00edo, en Cochrane hac\u00edan lo mismo su par de Deporte, Mar\u00eda Eugenia Dur\u00e1n junto a la primera autoridad comunal, Jorge Calder\u00f3n N\u00fa\u00f1ez.\u00a0 La iniciativa financiada por el Ministerio de Desarrollo Social y ejecutado junto a Deportes, Junaeb y los municipios antes mencionados, adem\u00e1s del de Guaitecas, son parte del programa Chile Apoya priorizado por la gesti\u00f3n del Presidente Gabriel Boric.<\/p>\n<p style=\"text-align: justify;\">Karina Acevedo Auad, SEREMI de Desarrollo Social y Familia, explic\u00f3 que este programa de Centros de cuidados para hijos de madres trabajadoras es una iniciativa que se ejecuta en Cisnes, Cochrane y Guaitecas, un \u201ctrabajo mancomunado con las municipalidades y otros organismos del Estado que es parte de la bater\u00eda de iniciativas que forman parte del programa Chile Apoya impulsado por el Gobierno del Presidente Gabriel Boric y que permite que madres trabajadoras dejen a buen resguardo a sus hijos. Aqu\u00ed los y las ni\u00f1as pueden disfrutar junto a profesionales de la actividad f\u00edsica, panoramas y alimentaci\u00f3n sana en la \u00e9poca estival, es un est\u00edmulo y apoyo a las madres trabajadoras\u201d.<\/p>\n<p style=\"text-align: justify;\">Por su parte, Francisco Roncagliolo, alcalde de Cisnes y una de las tres autoridades comunales que se encuentra implementando este programa en la Regi\u00f3n de Ays\u00e9n, destac\u00f3 que \u201cesta actividad est\u00e1 focalizada en los ni\u00f1os de Puerto Cisnes y es un apoyo para las familias que se encuentran trabajando, porque pueden dejar a sus ni\u00f1os en una actividad. Son relevantes estos convenios y colaboraci\u00f3n mutua que se generan con el IND (Instituto Nacional del Deportes) y Junaeb que nos permiten llevar adelante este tipo de actividades y generar una alternativa para las familias, esperamos poder ampliar este programa a toda la comuna como una alternativa cierta para que nuestras familias est\u00e9n m\u00e1s tranquilas\u201d.<\/p>\n<p style=\"text-align: justify;\">Para Mar\u00eda Eugenia Dur\u00e1n, SEREMI del Deporte, una de las instituciones vinculadas junto a Junaeb al desarrollo de este programa y que estuvo en la jornada inaugural junto a Jorge Calder\u00f3n, Alcalde de Cochrane en el Centro de Cuidados m\u00e1s al sur de la Regi\u00f3n de Ays\u00e9n,\u00a0 \u201cesta es una iniciativa multisectorial donde nos sumamos para poder aportar al acercamiento del deporte y la vida sana a ni\u00f1os, ni\u00f1as y j\u00f3venes de familias donde los padres trabajan, especialmente madres que requieren de un espacio seguro para sus hijos e hijas. Damos cumplimiento al programa de Gobierno del Presidente Gabriel Boric, promoviendo la actividad f\u00edsica en la primera infancia, previniendo la obesidad, sedentarismo y conductas de riesgo como lo es la drogadicci\u00f3n y el alcoholismo, abordando adem\u00e1s la salud mental. Es una gran alternativa para la \u00e9poca de verano\u201d.<\/p>\n<p style=\"text-align: justify;\">Los tres Centros de cuidados para hijos de madre trabajadoras albergar\u00e1n durante el mes de febrero a alrededor de 60 ni\u00f1os y ni\u00f1as de familias donde sus padres trabajan, siendo no s\u00f3lo una oportunidad para que desarrollen actividades junto a profesionales del deporte y la educaci\u00f3n, en un ambiente seguro y controlado, sino que es una oportunidad para la tranquilidad de los padres y el sano esparcimiento de los ni\u00f1os de Cochrane, Cisnes y Guaitecas en la \u00e9poca estival 2023.<\/p>\n<\/div><\/section><\/div><\/p>\n<div  style='height:50px' class='hr hr-invisible   avia-builder-el-6  el_after_av_one_full  el_before_av_social_share '><span class='hr-inner ' ><span class='hr-inner-style'><\/span><\/span><\/div>\n<div  class='av-social-sharing-box  avia-builder-el-7  el_after_av_hr  el_before_av_hr  '><div class='av-share-box'><h5 class='av-share-link-description av-no-toc '>Compartir esta noticia<\/h5><ul class='av-share-box-list noLightbox'><li class='av-share-link av-social-link-facebook' ><a target=\"_blank\" aria-label=\"Compartir en Facebook\" href='https:\/\/www.facebook.com\/sharer.php?u=https:\/\/radiorevelacionfm.cl\/?p=27237&#038;t=En%20Cisnes%2C%20Cochrane%20y%20Guaitecas%20partieron%20nuevos%20centros%20de%20cuidados%20para%20hijos%20de%20trabajadores%20de%20temporada' aria-hidden='false' data-av_icon='\ue8f3' data-av_iconfont='entypo-fontello' title='' data-avia-related-tooltip='Compartir en Facebook' rel=\"noopener\"><span class='avia_hidden_link_text'>Compartir en Facebook<\/span><\/a><\/li><li class='av-share-link av-social-link-twitter' ><a target=\"_blank\" aria-label=\"Compartir en Twitter\" href='https:\/\/twitter.com\/share?text=En%20Cisnes%2C%20Cochrane%20y%20Guaitecas%20partieron%20nuevos%20centros%20de%20cuidados%20para%20hijos%20de%20trabajadores%20de%20temporada&#038;url=https:\/\/radiorevelacionfm.cl\/?p=27237' aria-hidden='false' data-av_icon='\ue8f1' data-av_iconfont='entypo-fontello' title='' data-avia-related-tooltip='Compartir en Twitter' rel=\"noopener\"><span class='avia_hidden_link_text'>Compartir en Twitter<\/span><\/a><\/li><li class='av-share-link av-social-link-whatsapp' ><a target=\"_blank\" aria-label=\"Compartir en Whatsapp\" href='https:\/\/api.whatsapp.com\/send?text=https:\/\/radiorevelacionfm.cl\/?p=27237' aria-hidden='false' data-av_icon='\uf232' data-av_iconfont='entypo-fontello' title='' data-avia-related-tooltip='Compartir en Whatsapp' rel=\"noopener\"><span class='avia_hidden_link_text'>Compartir en Whatsapp<\/span><\/a><\/li><li class='av-share-link av-social-link-linkedin' ><a target=\"_blank\" aria-label=\"Compartir en LinkedIn\" href='https:\/\/linkedin.com\/shareArticle?mini=true&#038;title=En%20Cisnes%2C%20Cochrane%20y%20Guaitecas%20partieron%20nuevos%20centros%20de%20cuidados%20para%20hijos%20de%20trabajadores%20de%20temporada&#038;url=https:\/\/radiorevelacionfm.cl\/?p=27237' aria-hidden='false' data-av_icon='\ue8fc' data-av_iconfont='entypo-fontello' title='' data-avia-related-tooltip='Compartir en LinkedIn' rel=\"noopener\"><span class='avia_hidden_link_text'>Compartir en LinkedIn<\/span><\/a><\/li><li class='av-share-link av-social-link-mail' ><a  aria-label=\"Compartir por correo\" href='mailto:?subject=En%20Cisnes%2C%20Cochrane%20y%20Guaitecas%20partieron%20nuevos%20centros%20de%20cuidados%20para%20hijos%20de%20trabajadores%20de%20temporada&#038;body=https:\/\/radiorevelacionfm.cl\/?p=27237' aria-hidden='false' data-av_icon='\ue805' data-av_iconfont='entypo-fontello' title='' data-avia-related-tooltip='Compartir por correo'><span class='avia_hidden_link_text'>Compartir por correo<\/span><\/a><\/li><\/ul><\/div><\/div>\n<div  style='height:50px' class='hr hr-invisible   avia-builder-el-8  el_after_av_social_share  el_before_av_comments_list '><span class='hr-inner ' ><span class='hr-inner-style'><\/span><\/span><\/div>\n<div  class='av-buildercomment  av-blog-meta-html-info-disabled av-blog-meta-tag-disabled  '><\/div>\n","protected":false},"excerpt":{"rendered":"","protected":false},"author":1,"featured_media":27239,"comment_status":"open","ping_status":"open","sticky":false,"template":"","format":"standard","meta":{"footnotes":""},"categories":[38],"tags":[],"class_list":["post-27237","post","type-post","status-publish","format-standard","has-post-thumbnail","hentry","category-regional"],"jetpack_featured_media_url":"https:\/\/radiorevelacionfm.cl\/wp-content\/uploads\/2023\/01\/1-2023-01-30t170416_optimized.534-1-1.jpg","_links":{"self":[{"href":"https:\/\/radiorevelacionfm.cl\/index.php?rest_route=\/wp\/v2\/posts\/27237","targetHints":{"allow":["GET"]}}],"collection":[{"href":"https:\/\/radiorevelacionfm.cl\/index.php?rest_route=\/wp\/v2\/posts"}],"about":[{"href":"https:\/\/radiorevelacionfm.cl\/index.php?rest_route=\/wp\/v2\/types\/post"}],"author":[{"embeddable":true,"href":"https:\/\/radiorevelacionfm.cl\/index.php?rest_route=\/wp\/v2\/users\/1"}],"replies":[{"embeddable":true,"href":"https:\/\/radiorevelacionfm.cl\/index.php?rest_route=%2Fwp%2Fv2%2Fcomments&post=27237"}],"version-history":[{"count":3,"href":"https:\/\/radiorevelacionfm.cl\/index.php?rest_route=\/wp\/v2\/posts\/27237\/revisions"}],"predecessor-version":[{"id":27241,"href":"https:\/\/radiorevelacionfm.cl\/index.php?rest_route=\/wp\/v2\/posts\/27237\/revisions\/27241"}],"wp:featuredmedia":[{"embeddable":true,"href":"https:\/\/radiorevelacionfm.cl\/index.php?rest_route=\/wp\/v2\/media\/27239"}],"wp:attachment":[{"href":"https:\/\/radiorevelacionfm.cl\/index.php?rest_route=%2Fwp%2Fv2%2Fmedia&parent=27237"}],"wp:term":[{"taxonomy":"category","embeddable":true,"href":"https:\/\/radiorevelacionfm.cl\/index.php?rest_route=%2Fwp%2Fv2%2Fcategories&post=27237"},{"taxonomy":"post_tag","embeddable":true,"href":"https:\/\/radiorevelacionfm.cl\/index.php?rest_route=%2Fwp%2Fv2%2Ftags&post=27237"}],"curies":[{"name":"wp","href":"https:\/\/api.w.org\/{rel}","templated":true}]}}